{"id":8653,"date":"2025-11-05T09:35:04","date_gmt":"2025-11-05T08:35:04","guid":{"rendered":"https:\/\/media.marinalia.es\/?p=8653"},"modified":"2026-03-17T15:13:39","modified_gmt":"2026-03-17T14:13:39","slug":"salinas-naturales","status":"publish","type":"post","link":"https:\/\/media.marinalia.es\/nl\/blog\/salinas-naturales\/","title":{"rendered":"Salinas Naturales, Tenerife"},"content":{"rendered":"<div data-elementor-type=\"wp-post\" data-elementor-id=\"8653\" class=\"elementor elementor-8653\">\n\t\t\t\t\t\t<section class=\"elementor-section elementor-top-section elementor-element elementor-element-5634140 elementor-section-boxed elementor-section-height-default elementor-section-height-default\" data-id=\"5634140\" data-element_type=\"section\" data-e-type=\"section\">\n\t\t\t\t\t\t<div class=\"elementor-container elementor-column-gap-default\">\n\t\t\t\t\t<div class=\"elementor-column elementor-col-100 elementor-top-column elementor-element elementor-element-2cd2eab\" data-id=\"2cd2eab\" data-element_type=\"column\" data-e-type=\"column\">\n\t\t\t<div class=\"elementor-widget-wrap elementor-element-populated\">\n\t\t\t\t\t\t<div class=\"elementor-element elementor-element-edb4f72 elementor-widget elementor-widget-text-editor\" data-id=\"edb4f72\" data-element_type=\"widget\" data-e-type=\"widget\" data-widget_type=\"text-editor.default\">\n\t\t\t\t\t\t\t\t\t<p data-start=\"438\" data-end=\"803\">De <strong>Salinas Naturales de la Caleta de Interi\u00e1n<\/strong>, en el municipio de <strong data-start=\"192\" data-end=\"205\">Los Silos<\/strong> (noroeste de Tenerife), conservan la memoria de la antigua obtenci\u00f3n de sal a partir de charcos costeros. El propio ayuntamiento explica su valor etnogr\u00e1fico y ubicaci\u00f3n en la p\u00e1gina oficial de las salinas (<a class=\"decorated-link\" href=\"https:\/\/www.lossilos.es\/las-salinas\/\" target=\"_new\" rel=\"noopener\" data-start=\"413\" data-end=\"476\">lossilos.es\/las-salinas<\/a>). Adem\u00e1s, el enclave figura en los cat\u00e1logos insulares como bien patrimonial, con ficha y descripci\u00f3n t\u00e9cnica en el inventario de Median\u00edas de Tenerife (<a class=\"decorated-link\" href=\"https:\/\/www.medianiasdetenerife.com\/ficha.cfm?id=484&amp;titulo=Las+Salinas+de+La+Caleta+de+Interi%C3%A1n&amp;\" target=\"_new\" rel=\"noopener\" data-start=\"630\" data-end=\"752\">ficha patrimonial<\/a>).<\/p>\t\t\t\t\t\t\t\t<\/div>\n\t\t\t\t\t<\/div>\n\t\t<\/div>\n\t\t\t\t\t<\/div>\n\t\t<\/section>\n\t\t\t\t<section class=\"elementor-section elementor-top-section elementor-element elementor-element-d807856 elementor-section-boxed elementor-section-height-default elementor-section-height-default\" data-id=\"d807856\" data-element_type=\"section\" data-e-type=\"section\">\n\t\t\t\t\t\t<div class=\"elementor-container elementor-column-gap-default\">\n\t\t\t\t\t<div class=\"elementor-column elementor-col-100 elementor-top-column elementor-element elementor-element-c8b037b\" data-id=\"c8b037b\" data-element_type=\"column\" data-e-type=\"column\">\n\t\t\t<div class=\"elementor-widget-wrap elementor-element-populated\">\n\t\t\t\t\t\t<div class=\"elementor-element elementor-element-87328f2 elementor-widget elementor-widget-heading\" data-id=\"87328f2\" data-element_type=\"widget\" data-e-type=\"widget\" data-widget_type=\"heading.default\">\n\t\t\t\t\t<h2 class=\"elementor-heading-title elementor-size-default\">Un paisaje de sal y roca volc\u00e1nica<\/h2>\t\t\t\t<\/div>\n\t\t\t\t\t<\/div>\n\t\t<\/div>\n\t\t\t\t\t<\/div>\n\t\t<\/section>\n\t\t\t\t<section class=\"elementor-section elementor-top-section elementor-element elementor-element-09ceae1 elementor-section-boxed elementor-section-height-default elementor-section-height-default\" data-id=\"09ceae1\" data-element_type=\"section\" data-e-type=\"section\">\n\t\t\t\t\t\t<div class=\"elementor-container elementor-column-gap-default\">\n\t\t\t\t\t<div class=\"elementor-column elementor-col-100 elementor-top-column elementor-element elementor-element-1dae0d1\" data-id=\"1dae0d1\" data-element_type=\"column\" data-e-type=\"column\">\n\t\t\t<div class=\"elementor-widget-wrap elementor-element-populated\">\n\t\t\t\t\t\t<div class=\"elementor-element elementor-element-dc67199 elementor-widget elementor-widget-text-editor\" data-id=\"dc67199\" data-element_type=\"widget\" data-e-type=\"widget\" data-widget_type=\"text-editor.default\">\n\t\t\t\t\t\t\t\t\t<p data-start=\"1527\" data-end=\"1769\">No ver\u00e1s grandes balsas industriales: aqu\u00ed predominan <strong data-start=\"857\" data-end=\"876\">charcos y lajas<\/strong> naturales, a veces reforzados con muretes de piedra, que se blanquean al sol entre la lava negra y el azul del oc\u00e9ano. Para hacerte una idea visual antes de ir, tienes una cr\u00f3nica con fotos del lugar en <a href=\"https:\/\/lainakai.com\/las-salinas-de-la-caleta-de-interian\/\" target=\"_blank\" rel=\"noopener\">Lainakai.<\/a><\/p>\t\t\t\t\t\t\t\t<\/div>\n\t\t\t\t\t<\/div>\n\t\t<\/div>\n\t\t\t\t\t<\/div>\n\t\t<\/section>\n\t\t\t\t<section class=\"elementor-section elementor-top-section elementor-element elementor-element-00aba64 elementor-section-boxed elementor-section-height-default elementor-section-height-default\" data-id=\"00aba64\" data-element_type=\"section\" data-e-type=\"section\">\n\t\t\t\t\t\t<div class=\"elementor-container elementor-column-gap-default\">\n\t\t\t\t\t<div class=\"elementor-column elementor-col-100 elementor-top-column elementor-element elementor-element-1c4bb4c\" data-id=\"1c4bb4c\" data-element_type=\"column\" data-e-type=\"column\">\n\t\t\t<div class=\"elementor-widget-wrap elementor-element-populated\">\n\t\t\t\t\t\t<div class=\"elementor-element elementor-element-861ccf3 elementor-widget elementor-widget-heading\" data-id=\"861ccf3\" data-element_type=\"widget\" data-e-type=\"widget\" data-widget_type=\"heading.default\">\n\t\t\t\t\t<h2 class=\"elementor-heading-title elementor-size-default\">Qu\u00e9 ver cerca de las Salinas Naturales<\/h2>\t\t\t\t<\/div>\n\t\t\t\t\t<\/div>\n\t\t<\/div>\n\t\t\t\t\t<\/div>\n\t\t<\/section>\n\t\t\t\t<section class=\"elementor-section elementor-top-section elementor-element elementor-element-32e3430 elementor-section-boxed elementor-section-height-default elementor-section-height-default\" data-id=\"32e3430\" data-element_type=\"section\" data-e-type=\"section\">\n\t\t\t\t\t\t<div class=\"elementor-container elementor-column-gap-default\">\n\t\t\t\t\t<div class=\"elementor-column elementor-col-100 elementor-top-column elementor-element elementor-element-d80e090\" data-id=\"d80e090\" data-element_type=\"column\" data-e-type=\"column\">\n\t\t\t<div class=\"elementor-widget-wrap elementor-element-populated\">\n\t\t\t\t\t\t<div class=\"elementor-element elementor-element-baca4ca elementor-widget elementor-widget-text-editor\" data-id=\"baca4ca\" data-element_type=\"widget\" data-e-type=\"widget\" data-widget_type=\"text-editor.default\">\n\t\t\t\t\t\t\t\t\t<ul><li data-start=\"1239\" data-end=\"1637\"><p data-start=\"1241\" data-end=\"1637\"><strong data-start=\"1241\" data-end=\"1289\">Charco del Cumplido (La Caleta de Interi\u00e1n):<\/strong> piscina natural con rampa de acceso; el ba\u00f1o es recomendable con marea alta y mar en calma. Consulta detalles pr\u00e1cticos en <a class=\"decorated-link\" href=\"https:\/\/www.webtenerife.com\/que-visitar\/piscinas-naturales\/charco-cumplido\/\" target=\"_new\" rel=\"noopener\" data-start=\"1413\" data-end=\"1504\">Web Tenerife<\/a> o en la p\u00e1gina regional <a class=\"decorated-link\" href=\"https:\/\/www.holaislascanarias.com\/piscinas-naturales\/tenerife\/charco-del-cumplido\/\" target=\"_new\" rel=\"noopener\" data-start=\"1529\" data-end=\"1634\">Hola Islas Canarias<\/a>.<\/p><\/li><li data-start=\"1638\" data-end=\"1867\"><p data-start=\"1640\" data-end=\"1867\"><strong data-start=\"1640\" data-end=\"1690\">Playa\/entorno urbano de La Caleta de Interi\u00e1n:<\/strong> informaci\u00f3n de accesos, servicios y recomendaciones en <a class=\"decorated-link\" href=\"https:\/\/www.webtenerife.com\/que-visitar\/playas\/playa-caleta-interian\/\" target=\"_new\" rel=\"noopener\" data-start=\"1746\" data-end=\"1864\">Web Tenerife \u2013 Playa de La Caleta de Interi\u00e1n<\/a>.<\/p><\/li><li data-start=\"1868\" data-end=\"2191\"><p data-start=\"1870\" data-end=\"2191\"><strong data-start=\"1870\" data-end=\"1906\">Isla Baja y espacios protegidos:<\/strong> el <strong data-start=\"1910\" data-end=\"1953\">Sitio de Inter\u00e9s Cient\u00edfico de Interi\u00e1n<\/strong> y los <strong data-start=\"1960\" data-end=\"1988\">Acantilados de La Culata<\/strong> componen el tel\u00f3n volc\u00e1nico que arropa el litoral (ver <a class=\"decorated-link\" href=\"https:\/\/www.medianiasdetenerife.com\/ficha.cfm?id=182&amp;titulo=Sitio+de+Inter%C3%A9s+Cient%C3%ADfico+de+Interi%C3%A1n&amp;\" target=\"_new\" rel=\"noopener\" data-start=\"2044\" data-end=\"2189\">ficha del espacio protegido<\/a>).<\/p><\/li><\/ul>\t\t\t\t\t\t\t\t<\/div>\n\t\t\t\t\t<\/div>\n\t\t<\/div>\n\t\t\t\t\t<\/div>\n\t\t<\/section>\n\t\t\t\t<section class=\"elementor-section elementor-top-section elementor-element elementor-element-cf02c8e elementor-section-boxed elementor-section-height-default elementor-section-height-default\" data-id=\"cf02c8e\" data-element_type=\"section\" data-e-type=\"section\">\n\t\t\t\t\t\t<div class=\"elementor-container elementor-column-gap-default\">\n\t\t\t\t\t<div class=\"elementor-column elementor-col-50 elementor-top-column elementor-element elementor-element-a5b8b5b\" data-id=\"a5b8b5b\" data-element_type=\"column\" data-e-type=\"column\">\n\t\t\t<div class=\"elementor-widget-wrap elementor-element-populated\">\n\t\t\t\t\t\t<div class=\"elementor-element elementor-element-4501fdc elementor-widget elementor-widget-image\" data-id=\"4501fdc\" data-element_type=\"widget\" data-e-type=\"widget\" data-widget_type=\"image.default\">\n\t\t\t\t\t\t\t\t\t\t\t\t\t\t\t\t<a href=\"https:\/\/marinalia.es\/deportes-de-aventura\/excursiones-en-barco\/1360-6444-excursion-avistamiento-delfines-tenerife.html\" target=\"_blank\" rel=\"noopener\">\n\t\t\t\t\t\t\t<img fetchpriority=\"high\" decoding=\"async\" width=\"299\" height=\"352\" src=\"https:\/\/media.marinalia.es\/wp-content\/uploads\/2025\/08\/1360.jpg\" class=\"elementor-animation-grow attachment-large size-large wp-image-8310\" alt=\"1360\" srcset=\"https:\/\/media.marinalia.es\/wp-content\/uploads\/2025\/08\/1360.jpg 299w, https:\/\/media.marinalia.es\/wp-content\/uploads\/2025\/08\/1360-255x300.jpg 255w, https:\/\/media.marinalia.es\/wp-content\/uploads\/2025\/08\/1360-10x12.jpg 10w\" sizes=\"(max-width: 299px) 100vw, 299px\" \/>\t\t\t\t\t\t\t\t<\/a>\n\t\t\t\t\t\t\t\t\t\t\t\t\t\t\t<\/div>\n\t\t\t\t\t<\/div>\n\t\t<\/div>\n\t\t\t\t<div class=\"elementor-column elementor-col-50 elementor-top-column elementor-element elementor-element-13b23ae\" data-id=\"13b23ae\" data-element_type=\"column\" data-e-type=\"column\">\n\t\t\t<div class=\"elementor-widget-wrap elementor-element-populated\">\n\t\t\t\t\t\t<div class=\"elementor-element elementor-element-a2bd23e elementor-widget elementor-widget-image\" data-id=\"a2bd23e\" data-element_type=\"widget\" data-e-type=\"widget\" data-widget_type=\"image.default\">\n\t\t\t\t\t\t\t\t\t\t\t\t\t\t\t\t<a href=\"https:\/\/marinalia.es\/deportes-de-aventura\/1365-tour-snorkel-pared-del-palmar.html\" target=\"_blank\" rel=\"noopener\">\n\t\t\t\t\t\t\t<img decoding=\"async\" width=\"303\" height=\"357\" data-src=\"https:\/\/media.marinalia.es\/wp-content\/uploads\/2025\/08\/1365.jpg\" class=\"elementor-animation-grow attachment-large size-large wp-image-8389 lazyload\" alt=\"1365\" data-srcset=\"https:\/\/media.marinalia.es\/wp-content\/uploads\/2025\/08\/1365.jpg 303w, https:\/\/media.marinalia.es\/wp-content\/uploads\/2025\/08\/1365-255x300.jpg 255w, https:\/\/media.marinalia.es\/wp-content\/uploads\/2025\/08\/1365-10x12.jpg 10w\" data-sizes=\"(max-width: 303px) 100vw, 303px\" src=\"data:image\/gif;base64,R0lGODlhAQABAAAAACH5BAEKAAEALAAAAAABAAEAAAICTAEAOw==\" style=\"--smush-placeholder-width: 303px; --smush-placeholder-aspect-ratio: 303\/357;\" \/>\t\t\t\t\t\t\t\t<\/a>\n\t\t\t\t\t\t\t\t\t\t\t\t\t\t\t<\/div>\n\t\t\t\t\t<\/div>\n\t\t<\/div>\n\t\t\t\t\t<\/div>\n\t\t<\/section>\n\t\t\t\t<section class=\"elementor-section elementor-top-section elementor-element elementor-element-674da65 elementor-section-boxed elementor-section-height-default elementor-section-height-default\" data-id=\"674da65\" data-element_type=\"section\" data-e-type=\"section\">\n\t\t\t\t\t\t<div class=\"elementor-container elementor-column-gap-default\">\n\t\t\t\t\t<div class=\"elementor-column elementor-col-100 elementor-top-column elementor-element elementor-element-b258ac2\" data-id=\"b258ac2\" data-element_type=\"column\" data-e-type=\"column\">\n\t\t\t<div class=\"elementor-widget-wrap\">\n\t\t\t\t\t\t\t<\/div>\n\t\t<\/div>\n\t\t\t\t\t<\/div>\n\t\t<\/section>\n\t\t\t\t<section class=\"elementor-section elementor-top-section elementor-element elementor-element-28da22cc elementor-section-boxed elementor-section-height-default elementor-section-height-default\" data-id=\"28da22cc\" data-element_type=\"section\" data-e-type=\"section\" data-settings=\"{&quot;background_background&quot;:&quot;classic&quot;}\">\n\t\t\t\t\t\t<div class=\"elementor-container elementor-column-gap-default\">\n\t\t\t\t\t<div class=\"elementor-column elementor-col-100 elementor-top-column elementor-element elementor-element-2c16d81c\" data-id=\"2c16d81c\" data-element_type=\"column\" data-e-type=\"column\">\n\t\t\t<div class=\"elementor-widget-wrap elementor-element-populated\">\n\t\t\t\t\t\t<div class=\"elementor-element elementor-element-53eddfff elementor-author-box--layout-image-above elementor-author-box--align-center elementor-widget elementor-widget-author-box\" data-id=\"53eddfff\" data-element_type=\"widget\" data-e-type=\"widget\" data-widget_type=\"author-box.default\">\n\t\t\t\t<div class=\"elementor-widget-container\">\n\t\t\t\t\t\t\t<div class=\"elementor-author-box\">\n\t\t\t\t\t\t\t<div  class=\"elementor-author-box__avatar\">\n\t\t\t\t\t<img decoding=\"async\" data-src=\"https:\/\/media.marinalia.es\/wp-content\/uploads\/2021\/12\/Imagen-de-perfil-para-redes-sociales-minimalista-con-playa-azul-y-naranja-1.png\" alt=\"Silvia Guti\u00e9rrez\" src=\"data:image\/gif;base64,R0lGODlhAQABAAAAACH5BAEKAAEALAAAAAABAAEAAAICTAEAOw==\" class=\"lazyload\" style=\"--smush-placeholder-width: 288px; --smush-placeholder-aspect-ratio: 288\/288;\">\n\t\t\t\t<\/div>\n\t\t\t\n\t\t\t<div class=\"elementor-author-box__text\">\n\t\t\t\t\t\t\t\t\t<div >\n\t\t\t\t\t\t<span class=\"elementor-author-box__name\">\n\t\t\t\t\t\t\tSilvia Guti\u00e9rrez\t\t\t\t\t\t<\/span>\n\t\t\t\t\t<\/div>\n\t\t\t\t\n\t\t\t\t\n\t\t\t\t\t\t\t<\/div>\n\t\t<\/div>\n\t\t\t\t\t\t<\/div>\n\t\t\t\t<\/div>\n\t\t\t\t<section class=\"elementor-section elementor-inner-section elementor-element elementor-element-1e2bf1cb elementor-section-boxed elementor-section-height-default elementor-section-height-default\" data-id=\"1e2bf1cb\" data-element_type=\"section\" data-e-type=\"section\">\n\t\t\t\t\t\t<div class=\"elementor-container elementor-column-gap-default\">\n\t\t\t\t\t<div class=\"elementor-column elementor-col-33 elementor-inner-column elementor-element elementor-element-33136452\" data-id=\"33136452\" data-element_type=\"column\" data-e-type=\"column\">\n\t\t\t<div class=\"elementor-widget-wrap\">\n\t\t\t\t\t\t\t<\/div>\n\t\t<\/div>\n\t\t\t\t<div class=\"elementor-column elementor-col-33 elementor-inner-column elementor-element elementor-element-20ddc2dd\" data-id=\"20ddc2dd\" data-element_type=\"column\" data-e-type=\"column\">\n\t\t\t<div class=\"elementor-widget-wrap elementor-element-populated\">\n\t\t\t\t\t\t<div class=\"elementor-element elementor-element-717783d0 elementor-widget elementor-widget-heading\" data-id=\"717783d0\" data-element_type=\"widget\" data-e-type=\"widget\" data-widget_type=\"heading.default\">\n\t\t\t\t\t<div class=\"elementor-heading-title elementor-size-default\">Wil je weten welke activiteiten je in dit gebied kunt doen?<\/div>\t\t\t\t<\/div>\n\t\t\t\t<div class=\"elementor-element elementor-element-31484309 elementor-align-center elementor-widget elementor-widget-button\" data-id=\"31484309\" data-element_type=\"widget\" data-e-type=\"widget\" data-widget_type=\"button.default\">\n\t\t\t\t\t\t\t\t\t\t<a class=\"elementor-button elementor-button-link elementor-size-sm\" href=\"https:\/\/wa.me\/34694467126\/?text=Hola%21%20Quiero%20saber%20qu%C3%A9%20actividades%20puedo%20hacer%20en\" target=\"_blank\" rel=\"noopener\">\n\t\t\t\t\t\t<span class=\"elementor-button-content-wrapper\">\n\t\t\t\t\t\t<span class=\"elementor-button-icon\">\n\t\t\t\t<svg aria-hidden=\"true\" class=\"e-font-icon-svg e-fab-whatsapp\" viewbox=\"0 0 448 512\" xmlns=\"http:\/\/www.w3.org\/2000\/svg\"><path d=\"M380.9 97.1C339 55.1 283.2 32 223.9 32c-122.4 0-222 99.6-222 222 0 39.1 10.2 77.3 29.6 111L0 480l117.7-30.9c32.4 17.7 68.9 27 106.1 27h.1c122.3 0 224.1-99.6 224.1-222 0-59.3-25.2-115-67.1-157zm-157 341.6c-33.2 0-65.7-8.9-94-25.7l-6.7-4-69.8 18.3L72 359.2l-4.4-7c-18.5-29.4-28.2-63.3-28.2-98.2 0-101.7 82.8-184.5 184.6-184.5 49.3 0 95.6 19.2 130.4 54.1 34.8 34.9 56.2 81.2 56.1 130.5 0 101.8-84.9 184.6-186.6 184.6zm101.2-138.2c-5.5-2.8-32.8-16.2-37.9-18-5.1-1.9-8.8-2.8-12.5 2.8-3.7 5.6-14.3 18-17.6 21.8-3.2 3.7-6.5 4.2-12 1.4-32.6-16.3-54-29.1-75.5-66-5.7-9.8 5.7-9.1 16.3-30.3 1.8-3.7.9-6.9-.5-9.7-1.4-2.8-12.5-30.1-17.1-41.2-4.5-10.8-9.1-9.3-12.5-9.5-3.2-.2-6.9-.2-10.6-.2-3.7 0-9.7 1.4-14.8 6.9-5.1 5.6-19.4 19-19.4 46.3 0 27.3 19.9 53.7 22.6 57.4 2.8 3.7 39.1 59.7 94.8 83.8 35.2 15.2 49 16.5 66.6 13.9 10.7-1.6 32.8-13.4 37.4-26.4 4.6-13 4.6-24.1 3.2-26.4-1.3-2.5-5-3.9-10.5-6.6z\"><\/path><\/svg>\t\t\t<\/span>\n\t\t\t\t\t\t\t\t\t<span class=\"elementor-button-text\">Stuur ons een WhatsApp!<\/span>\n\t\t\t\t\t<\/span>\n\t\t\t\t\t<\/a>\n\t\t\t\t\t\t\t\t<\/div>\n\t\t\t\t\t<\/div>\n\t\t<\/div>\n\t\t\t\t<div class=\"elementor-column elementor-col-33 elementor-inner-column elementor-element elementor-element-336def79\" data-id=\"336def79\" data-element_type=\"column\" data-e-type=\"column\">\n\t\t\t<div class=\"elementor-widget-wrap\">\n\t\t\t\t\t\t\t<\/div>\n\t\t<\/div>\n\t\t\t\t\t<\/div>\n\t\t<\/section>\n\t\t\t\t\t<\/div>\n\t\t<\/div>\n\t\t\t\t\t<\/div>\n\t\t<\/section>\n\t\t\t\t<section class=\"elementor-section elementor-top-section elementor-element elementor-element-2a2737b elementor-section-boxed elementor-section-height-default elementor-section-height-default\" data-id=\"2a2737b\" data-element_type=\"section\" data-e-type=\"section\">\n\t\t\t\t\t\t<div class=\"elementor-container elementor-column-gap-default\">\n\t\t\t\t\t<div class=\"elementor-column elementor-col-100 elementor-top-column elementor-element elementor-element-b0b5577\" data-id=\"b0b5577\" data-element_type=\"column\" data-e-type=\"column\">\n\t\t\t<div class=\"elementor-widget-wrap elementor-element-populated\">\n\t\t\t\t\t\t<div class=\"elementor-element elementor-element-4151099 elementor-widget elementor-widget-spacer\" data-id=\"4151099\" data-element_type=\"widget\" data-e-type=\"widget\" data-widget_type=\"spacer.default\">\n\t\t\t\t\t\t\t<div class=\"elementor-spacer\">\n\t\t\t<div class=\"elementor-spacer-inner\"><\/div>\n\t\t<\/div>\n\t\t\t\t\t\t<\/div>\n\t\t\t\t<div class=\"elementor-element elementor-element-951fa4e elementor-widget elementor-widget-heading\" data-id=\"951fa4e\" data-element_type=\"widget\" data-e-type=\"widget\" data-widget_type=\"heading.default\">\n\t\t\t\t\t<h2 class=\"elementor-heading-title elementor-size-default\">Actividades en las Salinas Naturales<\/h2>\t\t\t\t<\/div>\n\t\t\t\t<div class=\"elementor-element elementor-element-ec9102f elementor-widget elementor-widget-text-editor\" data-id=\"ec9102f\" data-element_type=\"widget\" data-e-type=\"widget\" data-widget_type=\"text-editor.default\">\n\t\t\t\t\t\t\t\t\t<ul><li data-start=\"2242\" data-end=\"2340\"><p data-start=\"2244\" data-end=\"2340\"><strong data-start=\"2244\" data-end=\"2270\">Fotograf\u00eda de paisaje:<\/strong> texturas de lava, espejos de agua salina y luz dorada al atardecer.<\/p><\/li><li data-start=\"2341\" data-end=\"2573\"><p data-start=\"2343\" data-end=\"2573\"><strong data-start=\"2343\" data-end=\"2380\">Paseo costero y micro-senderismo:<\/strong> tramos llanos unen charcos, salinas y miradores entre Los Silos y Garachico; para orientarte, revisa la gu\u00eda local de <a class=\"decorated-link\" href=\"https:\/\/www.lossilos.es\/la-caleta-de-interian\/\" target=\"_new\" rel=\"noopener\" data-start=\"2499\" data-end=\"2570\">La Caleta de Interi\u00e1n<\/a>.<\/p><\/li><li data-start=\"2574\" data-end=\"2702\"><p data-start=\"2576\" data-end=\"2702\"><strong data-start=\"2576\" data-end=\"2604\">Observaci\u00f3n del entorno:<\/strong> vegetaci\u00f3n hal\u00f3fila y aves costeras encuentran refugio en plataformas de lava y zonas tranquilas.<\/p><\/li><\/ul>\t\t\t\t\t\t\t\t<\/div>\n\t\t\t\t\t<\/div>\n\t\t<\/div>\n\t\t\t\t\t<\/div>\n\t\t<\/section>\n\t\t\t\t<section class=\"elementor-section elementor-top-section elementor-element elementor-element-9b6a822 elementor-section-boxed elementor-section-height-default elementor-section-height-default\" data-id=\"9b6a822\" data-element_type=\"section\" data-e-type=\"section\">\n\t\t\t\t\t\t<div class=\"elementor-container elementor-column-gap-default\">\n\t\t\t\t\t<div class=\"elementor-column elementor-col-100 elementor-top-column elementor-element elementor-element-3e8ce19\" data-id=\"3e8ce19\" data-element_type=\"column\" data-e-type=\"column\">\n\t\t\t<div class=\"elementor-widget-wrap elementor-element-populated\">\n\t\t\t\t\t\t<div class=\"elementor-element elementor-element-cb46d21 elementor-widget elementor-widget-heading\" data-id=\"cb46d21\" data-element_type=\"widget\" data-e-type=\"widget\" data-widget_type=\"heading.default\">\n\t\t\t\t\t<h2 class=\"elementor-heading-title elementor-size-default\">Consejos y recomendaciones<\/h2>\t\t\t\t<\/div>\n\t\t\t\t<div class=\"elementor-element elementor-element-af0bdeb elementor-widget elementor-widget-text-editor\" data-id=\"af0bdeb\" data-element_type=\"widget\" data-e-type=\"widget\" data-widget_type=\"text-editor.default\">\n\t\t\t\t\t\t\t\t\t<ul><li data-start=\"2743\" data-end=\"2827\"><p data-start=\"2745\" data-end=\"2827\"><strong data-start=\"2745\" data-end=\"2773\">Calzado con buena suela:<\/strong> el terreno volc\u00e1nico es irregular y puede resbalar.<\/p><\/li><li data-start=\"2828\" data-end=\"2919\"><p data-start=\"2830\" data-end=\"2919\"><strong data-start=\"2830\" data-end=\"2858\">Protecci\u00f3n solar y agua:<\/strong> no hay sombra ni servicios inmediatos junto a las salinas.<\/p><\/li><li data-start=\"2920\" data-end=\"3244\"><p data-start=\"2922\" data-end=\"3244\"><strong data-start=\"2922\" data-end=\"2948\">Respeta el patrimonio:<\/strong> evita pisar o alterar los charcos salineros; es un enclave fr\u00e1gil. M\u00e1s contexto y normas locales en <a class=\"decorated-link\" href=\"https:\/\/www.lossilos.es\/las-salinas\/\" target=\"_new\" rel=\"noopener\" data-start=\"3049\" data-end=\"3112\">lossilos.es\/las-salinas<\/a> y en la <a class=\"decorated-link\" href=\"https:\/\/www.medianiasdetenerife.com\/ficha.cfm?id=484&amp;titulo=Las+Salinas+de+La+Caleta+de+Interi%C3%A1n&amp;\" target=\"_new\" rel=\"noopener\" data-start=\"3121\" data-end=\"3243\">ficha patrimonial<\/a>.<\/p><\/li><\/ul>\t\t\t\t\t\t\t\t<\/div>\n\t\t\t\t\t<\/div>\n\t\t<\/div>\n\t\t\t\t\t<\/div>\n\t\t<\/section>\n\t\t\t\t<section class=\"elementor-section elementor-top-section elementor-element elementor-element-f132a80 elementor-section-boxed elementor-section-height-default elementor-section-height-default\" data-id=\"f132a80\" data-element_type=\"section\" data-e-type=\"section\">\n\t\t\t\t\t\t<div class=\"elementor-container elementor-column-gap-default\">\n\t\t\t\t\t<div class=\"elementor-column elementor-col-100 elementor-top-column elementor-element elementor-element-3e4c752\" data-id=\"3e4c752\" data-element_type=\"column\" data-e-type=\"column\">\n\t\t\t<div class=\"elementor-widget-wrap elementor-element-populated\">\n\t\t\t\t\t\t<div class=\"elementor-element elementor-element-1fb6928 elementor-widget elementor-widget-heading\" data-id=\"1fb6928\" data-element_type=\"widget\" data-e-type=\"widget\" data-widget_type=\"heading.default\">\n\t\t\t\t\t<h2 class=\"elementor-heading-title elementor-size-default\">C\u00f3mo llegar a las Salinas Naturales<\/h2>\t\t\t\t<\/div>\n\t\t\t\t<div class=\"elementor-element elementor-element-7227e8a elementor-widget elementor-widget-text-editor\" data-id=\"7227e8a\" data-element_type=\"widget\" data-e-type=\"widget\" data-widget_type=\"text-editor.default\">\n\t\t\t\t\t\t\t\t\t<p>Se accede por la <strong data-start=\"3311\" data-end=\"3320\">TF-42<\/strong> hasta <strong data-start=\"3327\" data-end=\"3352\">La Caleta de Interi\u00e1n<\/strong> (entre Los Silos y Garachico). Desde la zona de costa, un <strong data-start=\"3411\" data-end=\"3426\">breve paseo<\/strong> te sit\u00faa junto a los antiguos charcos salineros y el cercano <strong data-start=\"3488\" data-end=\"3511\">Charco del Cumplido<\/strong>. Para planificar el tramo final y el ba\u00f1o en la zona, revisa la ficha de <a class=\"decorated-link\" href=\"https:\/\/www.webtenerife.com\/que-visitar\/piscinas-naturales\/charco-cumplido\/\" target=\"_new\" rel=\"noopener\" data-start=\"3585\" data-end=\"3683\">Charco del Cumplido<\/a> y la gu\u00eda local de <a class=\"decorated-link\" href=\"https:\/\/www.lossilos.es\/la-caleta-de-interian\/\" target=\"_new\" rel=\"noopener\" data-start=\"3703\" data-end=\"3774\">La Caleta de Interi\u00e1n<\/a>.<\/p>\t\t\t\t\t\t\t\t<\/div>\n\t\t\t\t<div class=\"elementor-element elementor-element-61b0efb elementor-align-center elementor-widget elementor-widget-button\" data-id=\"61b0efb\" data-element_type=\"widget\" data-e-type=\"widget\" data-widget_type=\"button.default\">\n\t\t\t\t\t\t\t\t\t\t<a class=\"elementor-button elementor-button-link elementor-size-md\" href=\"https:\/\/marinalia.es\/256-tenerife\" target=\"_blank\" rel=\"noopener\">\n\t\t\t\t\t\t<span class=\"elementor-button-content-wrapper\">\n\t\t\t\t\t\t\t\t\t<span class=\"elementor-button-text\">M\u00e1s actividades en Tenerife<\/span>\n\t\t\t\t\t<\/span>\n\t\t\t\t\t<\/a>\n\t\t\t\t\t\t\t\t<\/div>\n\t\t\t\t\t<\/div>\n\t\t<\/div>\n\t\t\t\t\t<\/div>\n\t\t<\/section>\n\t\t\t\t<section class=\"elementor-section elementor-top-section elementor-element elementor-element-b004f94 elementor-section-boxed elementor-section-height-default elementor-section-height-default\" data-id=\"b004f94\" data-element_type=\"section\" data-e-type=\"section\">\n\t\t\t\t\t\t<div class=\"elementor-container elementor-column-gap-default\">\n\t\t\t\t\t<div class=\"elementor-column elementor-col-100 elementor-top-column elementor-element elementor-element-9bbf833\" data-id=\"9bbf833\" data-element_type=\"column\" data-e-type=\"column\">\n\t\t\t<div class=\"elementor-widget-wrap elementor-element-populated\">\n\t\t\t\t\t\t<div class=\"elementor-element elementor-element-a6f51f1 elementor-widget elementor-widget-heading\" data-id=\"a6f51f1\" data-element_type=\"widget\" data-e-type=\"widget\" data-widget_type=\"heading.default\">\n\t\t\t\t\t<h2 class=\"elementor-heading-title elementor-size-default\">Preguntas frecuentes sobre Salinas Naturales Tenerife<\/h2>\t\t\t\t<\/div>\n\t\t\t\t<div class=\"elementor-element elementor-element-474a28f elementor-widget elementor-widget-text-editor\" data-id=\"474a28f\" data-element_type=\"widget\" data-e-type=\"widget\" data-widget_type=\"text-editor.default\">\n\t\t\t\t\t\t\t\t\t<p data-start=\"3816\" data-end=\"4162\"><strong data-start=\"3816\" data-end=\"3854\">1) \u00bfSe puede ba\u00f1ar en las salinas?<\/strong><br data-start=\"3854\" data-end=\"3857\" \/>No. Las salinas son patrimonio etnogr\u00e1fico y no est\u00e1n habilitadas para el ba\u00f1o. Si quieres darte un chapuz\u00f3n, el lugar indicado es el <strong data-start=\"3991\" data-end=\"4014\">Charco del Cumplido<\/strong>, con rampa de acceso y recomendaciones de seguridad en <a class=\"decorated-link\" href=\"https:\/\/www.webtenerife.com\/que-visitar\/piscinas-naturales\/charco-cumplido\/?utm_source=chatgpt.com\" target=\"_new\" rel=\"noopener\" data-start=\"4070\" data-end=\"4161\">Web Tenerife<\/a>.<\/p><p data-start=\"4164\" data-end=\"4531\"><strong data-start=\"4164\" data-end=\"4211\">2) \u00bfHay paneles o centro de interpretaci\u00f3n?<\/strong><br data-start=\"4211\" data-end=\"4214\" \/>No hay centro de visitantes espec\u00edfico. Para entender el contexto hist\u00f3rico y cultural, consulta la informaci\u00f3n municipal en <a class=\"decorated-link\" href=\"https:\/\/www.lossilos.es\/las-salinas\/\" target=\"_new\" rel=\"noopener\" data-start=\"4339\" data-end=\"4402\">lossilos.es\/las-salinas<\/a> en de <a class=\"decorated-link\" href=\"https:\/\/www.medianiasdetenerife.com\/ficha.cfm?id=484&amp;titulo=Las+Salinas+de+La+Caleta+de+Interi%C3%A1n&amp;\" target=\"_new\" rel=\"noopener\" data-start=\"4408\" data-end=\"4530\">ficha patrimonial<\/a>.<\/p><p data-start=\"4533\" data-end=\"4947\"><strong data-start=\"4533\" data-end=\"4584\">3) \u00bfQu\u00e9 m\u00e1s puedo ver el mismo d\u00eda por la zona?<\/strong><br data-start=\"4584\" data-end=\"4587\" \/>Combina la visita con un ba\u00f1o en el <a class=\"decorated-link\" href=\"https:\/\/www.webtenerife.com\/que-visitar\/piscinas-naturales\/charco-cumplido\/\" target=\"_new\" rel=\"noopener\" data-start=\"4623\" data-end=\"4721\">Charco del Cumplido<\/a>, un paseo por el casco hist\u00f3rico de <strong data-start=\"4758\" data-end=\"4771\">Los Silos<\/strong> (puntos pr\u00e1cticos en <a class=\"decorated-link\" href=\"https:\/\/www.lossilos.es\/la-caleta-de-interian\/\" target=\"_new\" rel=\"noopener\" data-start=\"4793\" data-end=\"4854\">lossilos.es<\/a>) y, si tienes tiempo, una escapada a las piscinas naturales de <strong data-start=\"4918\" data-end=\"4931\">Garachico<\/strong> (<em data-start=\"4933\" data-end=\"4945\">El Calet\u00f3n<\/em>).<\/p>\t\t\t\t\t\t\t\t<\/div>\n\t\t\t\t\t<\/div>\n\t\t<\/div>\n\t\t\t\t\t<\/div>\n\t\t<\/section>\n\t\t\t\t<section class=\"elementor-section elementor-top-section elementor-element elementor-element-2454739f elementor-section-boxed elementor-section-height-default elementor-section-height-default\" data-id=\"2454739f\" data-element_type=\"section\" data-e-type=\"section\">\n\t\t\t\t\t\t<div class=\"elementor-container elementor-column-gap-default\">\n\t\t\t\t\t<div class=\"elementor-column elementor-col-100 elementor-top-column elementor-element elementor-element-6b7feea4\" data-id=\"6b7feea4\" data-element_type=\"column\" data-e-type=\"column\">\n\t\t\t<div class=\"elementor-widget-wrap\">\n\t\t\t\t\t\t\t<\/div>\n\t\t<\/div>\n\t\t\t\t\t<\/div>\n\t\t<\/section>\n\t\t\t\t<section class=\"elementor-section elementor-top-section elementor-element elementor-element-6ca7431 elementor-section-boxed elementor-section-height-default elementor-section-height-default\" data-id=\"6ca7431\" data-element_type=\"section\" data-e-type=\"section\">\n\t\t\t\t\t\t<div class=\"elementor-container elementor-column-gap-default\">\n\t\t\t\t\t<div class=\"elementor-column elementor-col-100 elementor-top-column elementor-element elementor-element-e0dfa1d\" data-id=\"e0dfa1d\" data-element_type=\"column\" data-e-type=\"column\">\n\t\t\t<div class=\"elementor-widget-wrap elementor-element-populated\">\n\t\t\t\t\t\t<div class=\"elementor-element elementor-element-fe3ab25 elementor-widget elementor-widget-google_maps\" data-id=\"fe3ab25\" data-element_type=\"widget\" data-e-type=\"widget\" data-widget_type=\"google_maps.default\">\n\t\t\t\t\t\t\t<div class=\"elementor-custom-embed\">\n\t\t\t<iframe\n\t\t\t\t\tdata-src=\"https:\/\/maps.google.com\/maps?q=Salinas%20naturales%20tenerife&#038;t=m&#038;z=10&#038;output=embed&#038;iwloc=near\"\n\t\t\t\t\ttitle=\"Salinas naturales tenerife\"\n\t\t\t\t\taria-label=\"Salinas naturales tenerife\"\n\t\t\t src=\"data:image\/gif;base64,R0lGODlhAQABAAAAACH5BAEKAAEALAAAAAABAAEAAAICTAEAOw==\" class=\"lazyload\" data-load-mode=\"1\"><\/iframe>\n\t\t<\/div>\n\t\t\t\t\t\t<\/div>\n\t\t\t\t<div class=\"elementor-element elementor-element-3baaad2 elementor-widget elementor-widget-spacer\" data-id=\"3baaad2\" data-element_type=\"widget\" data-e-type=\"widget\" data-widget_type=\"spacer.default\">\n\t\t\t\t\t\t\t<div class=\"elementor-spacer\">\n\t\t\t<div class=\"elementor-spacer-inner\"><\/div>\n\t\t<\/div>\n\t\t\t\t\t\t<\/div>\n\t\t\t\t\t<\/div>\n\t\t<\/div>\n\t\t\t\t\t<\/div>\n\t\t<\/section>\n\t\t\t\t<section class=\"elementor-section elementor-top-section elementor-element elementor-element-2c357062 elementor-section-boxed elementor-section-height-default elementor-section-height-default\" data-id=\"2c357062\" data-element_type=\"section\" data-e-type=\"section\">\n\t\t\t\t\t\t<div class=\"elementor-container elementor-column-gap-default\">\n\t\t\t\t\t<div class=\"elementor-column elementor-col-100 elementor-top-column elementor-element elementor-element-19c1598c\" data-id=\"19c1598c\" data-element_type=\"column\" data-e-type=\"column\">\n\t\t\t<div class=\"elementor-widget-wrap elementor-element-populated\">\n\t\t\t\t\t\t<div class=\"elementor-element elementor-element-33084f05 elementor-widget elementor-widget-heading\" data-id=\"33084f05\" data-element_type=\"widget\" data-e-type=\"widget\" data-widget_type=\"heading.default\">\n\t\t\t\t\t<h3 class=\"elementor-heading-title elementor-size-default\">Meer plaatsen om te ontdekken<\/h3>\t\t\t\t<\/div>\n\t\t\t\t<div class=\"elementor-element elementor-element-5c66ae1f elementor-posts--align-center elementor-grid-3 elementor-grid-tablet-2 elementor-grid-mobile-1 elementor-posts--thumbnail-top elementor-widget elementor-widget-posts\" data-id=\"5c66ae1f\" data-element_type=\"widget\" data-e-type=\"widget\" data-settings=\"{&quot;classic_columns&quot;:&quot;3&quot;,&quot;classic_columns_tablet&quot;:&quot;2&quot;,&quot;classic_columns_mobile&quot;:&quot;1&quot;,&quot;classic_row_gap&quot;:{&quot;unit&quot;:&quot;px&quot;,&quot;size&quot;:35,&quot;sizes&quot;:[]},&quot;classic_row_gap_tablet&quot;:{&quot;unit&quot;:&quot;px&quot;,&quot;size&quot;:&quot;&quot;,&quot;sizes&quot;:[]},&quot;classic_row_gap_mobile&quot;:{&quot;unit&quot;:&quot;px&quot;,&quot;size&quot;:&quot;&quot;,&quot;sizes&quot;:[]}}\" data-widget_type=\"posts.classic\">\n\t\t\t\t<div class=\"elementor-widget-container\">\n\t\t\t\t\t\t\t<div class=\"elementor-posts-container elementor-posts elementor-posts--skin-classic elementor-grid\">\n\t\t\t\t<article class=\"elementor-post elementor-grid-item post-9190 post type-post status-publish format-standard has-post-thumbnail hentry category-playas-tenerife\">\n\t\t\t\t<a class=\"elementor-post__thumbnail__link\" href=\"https:\/\/media.marinalia.es\/nl\/blog\/playa-de-los-troches-tenerife\/\">\n\t\t\t<div class=\"elementor-post__thumbnail\"><img decoding=\"async\" width=\"1024\" height=\"323\" data-src=\"https:\/\/media.marinalia.es\/wp-content\/uploads\/2026\/04\/Playa-De-Los-Lagos-1024x323.jpg\" class=\"attachment-large size-large wp-image-9195 lazyload\" alt=\"\" data-srcset=\"https:\/\/media.marinalia.es\/wp-content\/uploads\/2026\/04\/Playa-De-Los-Lagos-1024x323.jpg 1024w, https:\/\/media.marinalia.es\/wp-content\/uploads\/2026\/04\/Playa-De-Los-Lagos-300x95.jpg 300w, https:\/\/media.marinalia.es\/wp-content\/uploads\/2026\/04\/Playa-De-Los-Lagos-768x243.jpg 768w, https:\/\/media.marinalia.es\/wp-content\/uploads\/2026\/04\/Playa-De-Los-Lagos-1536x485.jpg 1536w, https:\/\/media.marinalia.es\/wp-content\/uploads\/2026\/04\/Playa-De-Los-Lagos-18x6.jpg 18w, https:\/\/media.marinalia.es\/wp-content\/uploads\/2026\/04\/Playa-De-Los-Lagos.jpg 1900w\" data-sizes=\"(max-width: 1024px) 100vw, 1024px\" src=\"data:image\/gif;base64,R0lGODlhAQABAAAAACH5BAEKAAEALAAAAAABAAEAAAICTAEAOw==\" style=\"--smush-placeholder-width: 1024px; --smush-placeholder-aspect-ratio: 1024\/323;\" \/><\/div>\n\t\t<\/a>\n\t\t\t\t<div class=\"elementor-post__text\">\n\t\t\t\t<h4 class=\"elementor-post__title\">\n\t\t\t<a href=\"https:\/\/media.marinalia.es\/nl\/blog\/playa-de-los-troches-tenerife\/\">\n\t\t\t\tPlaya de los Troches, Tenerife\t\t\t<\/a>\n\t\t<\/h4>\n\t\t\t\t<\/div>\n\t\t\t\t<\/article>\n\t\t\t\t<article class=\"elementor-post elementor-grid-item post-9164 post type-post status-publish format-standard has-post-thumbnail hentry category-playas-tenerife\">\n\t\t\t\t<a class=\"elementor-post__thumbnail__link\" href=\"https:\/\/media.marinalia.es\/nl\/blog\/playa-del-draguillo-tenerife\/\">\n\t\t\t<div class=\"elementor-post__thumbnail\"><img decoding=\"async\" width=\"1024\" height=\"323\" data-src=\"https:\/\/media.marinalia.es\/wp-content\/uploads\/2026\/04\/Playa-del-Draguillo-Tenerife-1024x323.jpg\" class=\"attachment-large size-large wp-image-9169 lazyload\" alt=\"\" data-srcset=\"https:\/\/media.marinalia.es\/wp-content\/uploads\/2026\/04\/Playa-del-Draguillo-Tenerife-1024x323.jpg 1024w, https:\/\/media.marinalia.es\/wp-content\/uploads\/2026\/04\/Playa-del-Draguillo-Tenerife-300x95.jpg 300w, https:\/\/media.marinalia.es\/wp-content\/uploads\/2026\/04\/Playa-del-Draguillo-Tenerife-768x243.jpg 768w, https:\/\/media.marinalia.es\/wp-content\/uploads\/2026\/04\/Playa-del-Draguillo-Tenerife-1536x485.jpg 1536w, https:\/\/media.marinalia.es\/wp-content\/uploads\/2026\/04\/Playa-del-Draguillo-Tenerife-18x6.jpg 18w, https:\/\/media.marinalia.es\/wp-content\/uploads\/2026\/04\/Playa-del-Draguillo-Tenerife.jpg 1900w\" data-sizes=\"(max-width: 1024px) 100vw, 1024px\" src=\"data:image\/gif;base64,R0lGODlhAQABAAAAACH5BAEKAAEALAAAAAABAAEAAAICTAEAOw==\" style=\"--smush-placeholder-width: 1024px; --smush-placeholder-aspect-ratio: 1024\/323;\" \/><\/div>\n\t\t<\/a>\n\t\t\t\t<div class=\"elementor-post__text\">\n\t\t\t\t<h4 class=\"elementor-post__title\">\n\t\t\t<a href=\"https:\/\/media.marinalia.es\/nl\/blog\/playa-del-draguillo-tenerife\/\">\n\t\t\t\tPlaya del Draguillo, Tenerife\t\t\t<\/a>\n\t\t<\/h4>\n\t\t\t\t<\/div>\n\t\t\t\t<\/article>\n\t\t\t\t<article class=\"elementor-post elementor-grid-item post-9154 post type-post status-publish format-standard has-post-thumbnail hentry category-playas-tenerife\">\n\t\t\t\t<a class=\"elementor-post__thumbnail__link\" href=\"https:\/\/media.marinalia.es\/nl\/blog\/playa-de-san-felipe-tenerife\/\">\n\t\t\t<div class=\"elementor-post__thumbnail\"><img decoding=\"async\" width=\"1024\" height=\"323\" data-src=\"https:\/\/media.marinalia.es\/wp-content\/uploads\/2026\/03\/playa-de-san-felipe-1024x323.jpg\" class=\"attachment-large size-large wp-image-9162 lazyload\" alt=\"\" data-srcset=\"https:\/\/media.marinalia.es\/wp-content\/uploads\/2026\/03\/playa-de-san-felipe-1024x323.jpg 1024w, https:\/\/media.marinalia.es\/wp-content\/uploads\/2026\/03\/playa-de-san-felipe-300x95.jpg 300w, https:\/\/media.marinalia.es\/wp-content\/uploads\/2026\/03\/playa-de-san-felipe-768x243.jpg 768w, https:\/\/media.marinalia.es\/wp-content\/uploads\/2026\/03\/playa-de-san-felipe-1536x485.jpg 1536w, https:\/\/media.marinalia.es\/wp-content\/uploads\/2026\/03\/playa-de-san-felipe-18x6.jpg 18w, https:\/\/media.marinalia.es\/wp-content\/uploads\/2026\/03\/playa-de-san-felipe.jpg 1900w\" data-sizes=\"(max-width: 1024px) 100vw, 1024px\" src=\"data:image\/gif;base64,R0lGODlhAQABAAAAACH5BAEKAAEALAAAAAABAAEAAAICTAEAOw==\" style=\"--smush-placeholder-width: 1024px; --smush-placeholder-aspect-ratio: 1024\/323;\" \/><\/div>\n\t\t<\/a>\n\t\t\t\t<div class=\"elementor-post__text\">\n\t\t\t\t<h4 class=\"elementor-post__title\">\n\t\t\t<a href=\"https:\/\/media.marinalia.es\/nl\/blog\/playa-de-san-felipe-tenerife\/\">\n\t\t\t\tPlaya de San Felipe, Tenerife\t\t\t<\/a>\n\t\t<\/h4>\n\t\t\t\t<\/div>\n\t\t\t\t<\/article>\n\t\t\t\t<article class=\"elementor-post elementor-grid-item post-9124 post type-post status-publish format-standard has-post-thumbnail hentry category-playas-tenerife\">\n\t\t\t\t<a class=\"elementor-post__thumbnail__link\" href=\"https:\/\/media.marinalia.es\/nl\/blog\/playa-la-grimona-tenerife\/\">\n\t\t\t<div class=\"elementor-post__thumbnail\"><img decoding=\"async\" width=\"1024\" height=\"323\" data-src=\"https:\/\/media.marinalia.es\/wp-content\/uploads\/2026\/03\/playa-la-grimona-1024x323.jpg\" class=\"attachment-large size-large wp-image-9129 lazyload\" alt=\"\" data-srcset=\"https:\/\/media.marinalia.es\/wp-content\/uploads\/2026\/03\/playa-la-grimona-1024x323.jpg 1024w, https:\/\/media.marinalia.es\/wp-content\/uploads\/2026\/03\/playa-la-grimona-300x95.jpg 300w, https:\/\/media.marinalia.es\/wp-content\/uploads\/2026\/03\/playa-la-grimona-768x243.jpg 768w, https:\/\/media.marinalia.es\/wp-content\/uploads\/2026\/03\/playa-la-grimona-1536x485.jpg 1536w, https:\/\/media.marinalia.es\/wp-content\/uploads\/2026\/03\/playa-la-grimona-18x6.jpg 18w, https:\/\/media.marinalia.es\/wp-content\/uploads\/2026\/03\/playa-la-grimona.jpg 1900w\" data-sizes=\"(max-width: 1024px) 100vw, 1024px\" src=\"data:image\/gif;base64,R0lGODlhAQABAAAAACH5BAEKAAEALAAAAAABAAEAAAICTAEAOw==\" style=\"--smush-placeholder-width: 1024px; --smush-placeholder-aspect-ratio: 1024\/323;\" \/><\/div>\n\t\t<\/a>\n\t\t\t\t<div class=\"elementor-post__text\">\n\t\t\t\t<h4 class=\"elementor-post__title\">\n\t\t\t<a href=\"https:\/\/media.marinalia.es\/nl\/blog\/playa-la-grimona-tenerife\/\">\n\t\t\t\tPlaya La Grimona, Tenerife\t\t\t<\/a>\n\t\t<\/h4>\n\t\t\t\t<\/div>\n\t\t\t\t<\/article>\n\t\t\t\t<article class=\"elementor-post elementor-grid-item post-9104 post type-post status-publish format-standard has-post-thumbnail hentry category-playas-tenerife\">\n\t\t\t\t<a class=\"elementor-post__thumbnail__link\" href=\"https:\/\/media.marinalia.es\/nl\/blog\/playa-de-barranco-hondo-tenerife\/\">\n\t\t\t<div class=\"elementor-post__thumbnail\"><img decoding=\"async\" width=\"1024\" height=\"323\" data-src=\"https:\/\/media.marinalia.es\/wp-content\/uploads\/2026\/03\/playa-del-barranco-hondo-1024x323.jpg\" class=\"attachment-large size-large wp-image-9109 lazyload\" alt=\"\" data-srcset=\"https:\/\/media.marinalia.es\/wp-content\/uploads\/2026\/03\/playa-del-barranco-hondo-1024x323.jpg 1024w, https:\/\/media.marinalia.es\/wp-content\/uploads\/2026\/03\/playa-del-barranco-hondo-300x95.jpg 300w, https:\/\/media.marinalia.es\/wp-content\/uploads\/2026\/03\/playa-del-barranco-hondo-768x243.jpg 768w, https:\/\/media.marinalia.es\/wp-content\/uploads\/2026\/03\/playa-del-barranco-hondo-1536x485.jpg 1536w, https:\/\/media.marinalia.es\/wp-content\/uploads\/2026\/03\/playa-del-barranco-hondo-18x6.jpg 18w, https:\/\/media.marinalia.es\/wp-content\/uploads\/2026\/03\/playa-del-barranco-hondo.jpg 1900w\" data-sizes=\"(max-width: 1024px) 100vw, 1024px\" src=\"data:image\/gif;base64,R0lGODlhAQABAAAAACH5BAEKAAEALAAAAAABAAEAAAICTAEAOw==\" style=\"--smush-placeholder-width: 1024px; --smush-placeholder-aspect-ratio: 1024\/323;\" \/><\/div>\n\t\t<\/a>\n\t\t\t\t<div class=\"elementor-post__text\">\n\t\t\t\t<h4 class=\"elementor-post__title\">\n\t\t\t<a href=\"https:\/\/media.marinalia.es\/nl\/blog\/playa-de-barranco-hondo-tenerife\/\">\n\t\t\t\tPlaya de Barranco Hondo, Tenerife\t\t\t<\/a>\n\t\t<\/h4>\n\t\t\t\t<\/div>\n\t\t\t\t<\/article>\n\t\t\t\t<article class=\"elementor-post elementor-grid-item post-9087 post type-post status-publish format-standard has-post-thumbnail hentry category-playas-tenerife\">\n\t\t\t\t<a class=\"elementor-post__thumbnail__link\" href=\"https:\/\/media.marinalia.es\/nl\/blog\/playa-de-ruiz\/\">\n\t\t\t<div class=\"elementor-post__thumbnail\"><img decoding=\"async\" width=\"1024\" height=\"323\" data-src=\"https:\/\/media.marinalia.es\/wp-content\/uploads\/2026\/03\/playa-de-ruiz-tenerife-1024x323.jpg\" class=\"attachment-large size-large wp-image-9093 lazyload\" alt=\"\" data-srcset=\"https:\/\/media.marinalia.es\/wp-content\/uploads\/2026\/03\/playa-de-ruiz-tenerife-1024x323.jpg 1024w, https:\/\/media.marinalia.es\/wp-content\/uploads\/2026\/03\/playa-de-ruiz-tenerife-300x95.jpg 300w, https:\/\/media.marinalia.es\/wp-content\/uploads\/2026\/03\/playa-de-ruiz-tenerife-768x243.jpg 768w, https:\/\/media.marinalia.es\/wp-content\/uploads\/2026\/03\/playa-de-ruiz-tenerife-1536x485.jpg 1536w, https:\/\/media.marinalia.es\/wp-content\/uploads\/2026\/03\/playa-de-ruiz-tenerife-18x6.jpg 18w, https:\/\/media.marinalia.es\/wp-content\/uploads\/2026\/03\/playa-de-ruiz-tenerife.jpg 1900w\" data-sizes=\"(max-width: 1024px) 100vw, 1024px\" src=\"data:image\/gif;base64,R0lGODlhAQABAAAAACH5BAEKAAEALAAAAAABAAEAAAICTAEAOw==\" style=\"--smush-placeholder-width: 1024px; --smush-placeholder-aspect-ratio: 1024\/323;\" \/><\/div>\n\t\t<\/a>\n\t\t\t\t<div class=\"elementor-post__text\">\n\t\t\t\t<h4 class=\"elementor-post__title\">\n\t\t\t<a href=\"https:\/\/media.marinalia.es\/nl\/blog\/playa-de-ruiz\/\">\n\t\t\t\tPlaya de Ruiz\t\t\t<\/a>\n\t\t<\/h4>\n\t\t\t\t<\/div>\n\t\t\t\t<\/article>\n\t\t\t\t<\/div>\n\n\n\t\t\n\t\t\t\t\t\t<\/div>\n\t\t\t\t<\/div>\n\t\t\t\t\t<\/div>\n\t\t<\/div>\n\t\t\t\t\t<\/div>\n\t\t<\/section>\n\t\t\t\t<\/div>","protected":false},"excerpt":{"rendered":"<p>Las Salinas Naturales de la Caleta de Interi\u00e1n, en el municipio de Los Silos (noroeste de Tenerife), conservan la memoria de la antigua obtenci\u00f3n de<\/p>","protected":false},"author":1,"featured_media":8660,"comment_status":"closed","ping_status":"closed","sticky":false,"template":"","format":"standard","meta":{"site-sidebar-layout":"default","site-content-layout":"default","ast-site-content-layout":"default","site-content-style":"default","site-sidebar-style":"default","ast-global-header-display":"","ast-banner-title-visibility":"","ast-main-header-display":"","ast-hfb-above-header-display":"","ast-hfb-below-header-display":"","ast-hfb-mobile-header-display":"","site-post-title":"","ast-breadcrumbs-content":"","ast-featured-img":"","footer-sml-layout":"","ast-disable-related-posts":"","theme-transparent-header-meta":"default","adv-header-id-meta":"","stick-header-meta":"","header-above-stick-meta":"","header-main-stick-meta":"","header-below-stick-meta":"","astra-migrate-meta-layouts":"set","ast-page-background-enabled":"default","ast-page-background-meta":{"desktop":{"background-color":"var(--ast-global-color-4)","background-image":"","background-repeat":"repeat","background-position":"center center","background-size":"auto","background-attachment":"scroll","background-type":"","background-media":"","overlay-type":"","overlay-color":"","overlay-opacity":"","overlay-gradient":""},"tablet":{"background-color":"","background-image":"","background-repeat":"repeat","background-position":"center center","background-size":"auto","background-attachment":"scroll","background-type":"","background-media":"","overlay-type":"","overlay-color":"","overlay-opacity":"","overlay-gradient":""},"mobile":{"background-color":"","background-image":"","background-repeat":"repeat","background-position":"center center","background-size":"auto","background-attachment":"scroll","background-type":"","background-media":"","overlay-type":"","overlay-color":"","overlay-opacity":"","overlay-gradient":""}},"ast-content-background-meta":{"desktop":{"background-color":"var(--ast-global-color-5)","background-image":"","background-repeat":"repeat","background-position":"center center","background-size":"auto","background-attachment":"scroll","background-type":"","background-media":"","overlay-type":"","overlay-color":"","overlay-opacity":"","overlay-gradient":""},"tablet":{"background-color":"var(--ast-global-color-5)","background-image":"","background-repeat":"repeat","background-position":"center center","background-size":"auto","background-attachment":"scroll","background-type":"","background-media":"","overlay-type":"","overlay-color":"","overlay-opacity":"","overlay-gradient":""},"mobile":{"background-color":"var(--ast-global-color-5)","background-image":"","background-repeat":"repeat","background-position":"center center","background-size":"auto","background-attachment":"scroll","background-type":"","background-media":"","overlay-type":"","overlay-color":"","overlay-opacity":"","overlay-gradient":""}},"_joinchat":[],"footnotes":""},"categories":[58],"tags":[],"class_list":["post-8653","post","type-post","status-publish","format-standard","has-post-thumbnail","hentry","category-playas-tenerife"],"_links":{"self":[{"href":"https:\/\/media.marinalia.es\/nl\/wp-json\/wp\/v2\/posts\/8653","targetHints":{"allow":["GET"]}}],"collection":[{"href":"https:\/\/media.marinalia.es\/nl\/wp-json\/wp\/v2\/posts"}],"about":[{"href":"https:\/\/media.marinalia.es\/nl\/wp-json\/wp\/v2\/types\/post"}],"author":[{"embeddable":true,"href":"https:\/\/media.marinalia.es\/nl\/wp-json\/wp\/v2\/users\/1"}],"replies":[{"embeddable":true,"href":"https:\/\/media.marinalia.es\/nl\/wp-json\/wp\/v2\/comments?post=8653"}],"version-history":[{"count":8,"href":"https:\/\/media.marinalia.es\/nl\/wp-json\/wp\/v2\/posts\/8653\/revisions"}],"predecessor-version":[{"id":8823,"href":"https:\/\/media.marinalia.es\/nl\/wp-json\/wp\/v2\/posts\/8653\/revisions\/8823"}],"wp:featuredmedia":[{"embeddable":true,"href":"https:\/\/media.marinalia.es\/nl\/wp-json\/wp\/v2\/media\/8660"}],"wp:attachment":[{"href":"https:\/\/media.marinalia.es\/nl\/wp-json\/wp\/v2\/media?parent=8653"}],"wp:term":[{"taxonomy":"category","embeddable":true,"href":"https:\/\/media.marinalia.es\/nl\/wp-json\/wp\/v2\/categories?post=8653"},{"taxonomy":"post_tag","embeddable":true,"href":"https:\/\/media.marinalia.es\/nl\/wp-json\/wp\/v2\/tags?post=8653"}],"curies":[{"name":"wp","href":"https:\/\/api.w.org\/{rel}","templated":true}]}}