{"id":2992,"date":"2022-03-25T11:57:09","date_gmt":"2022-03-25T10:57:09","guid":{"rendered":"https:\/\/media.marinalia.es\/?p=2992"},"modified":"2022-06-13T15:01:51","modified_gmt":"2022-06-13T14:01:51","slug":"plage-dampolla-de-moraira","status":"publish","type":"post","link":"https:\/\/media.marinalia.es\/fr\/blog\/plage-dampolla-de-moraira\/","title":{"rendered":"Plage d'Ampolla \u00e0 Moraira"},"content":{"rendered":"<div data-elementor-type=\"wp-post\" data-elementor-id=\"2992\" class=\"elementor elementor-2992\">\n\t\t\t\t\t\t<section class=\"elementor-section elementor-top-section elementor-element elementor-element-5634140 elementor-section-boxed elementor-section-height-default elementor-section-height-default\" data-id=\"5634140\" data-element_type=\"section\" data-e-type=\"section\">\n\t\t\t\t\t\t<div class=\"elementor-container elementor-column-gap-default\">\n\t\t\t\t\t<div class=\"elementor-column elementor-col-100 elementor-top-column elementor-element elementor-element-2cd2eab\" data-id=\"2cd2eab\" data-element_type=\"column\" data-e-type=\"column\">\n\t\t\t<div class=\"elementor-widget-wrap elementor-element-populated\">\n\t\t\t\t\t\t<div class=\"elementor-element elementor-element-edb4f72 elementor-widget elementor-widget-text-editor\" data-id=\"edb4f72\" data-element_type=\"widget\" data-e-type=\"widget\" data-widget_type=\"text-editor.default\">\n\t\t\t\t\t\t\t\t\t<p><span style=\"font-weight: 400;\">La ville de Teulada-Moraira, \u00e0 Alicante, est l'une des destinations touristiques les plus populaires de la r\u00e9gion. Cela est d\u00fb au fait qu'il s'agit d'une ville c\u00f4ti\u00e8re qui offre un nombre infini d'endroits dignes d'une carte postale.<\/span><\/p><p><span style=\"font-weight: 400;\">Moraira est la zone baln\u00e9aire de la municipalit\u00e9. C'est un petit village de p\u00eacheurs qui a conserv\u00e9 son architecture et son design m\u00e9diterran\u00e9ens. Dans le village de Moraira lui-m\u00eame, on peut trouver <\/span><a href=\"https:\/\/media.marinalia.es\/fr\/blog\/criques-de-moraira\/\"><span style=\"font-weight: 400;\">plusieurs plages et criques<\/span><\/a><span style=\"font-weight: 400;\">Sachez toutefois que Moraira est une petite ville et que ses plages et ses criques le sont tout autant.<\/span><\/p>\t\t\t\t\t\t\t\t<\/div>\n\t\t\t\t\t<\/div>\n\t\t<\/div>\n\t\t\t\t\t<\/div>\n\t\t<\/section>\n\t\t\t\t<section class=\"elementor-section elementor-top-section elementor-element elementor-element-d84b1fc elementor-section-boxed elementor-section-height-default elementor-section-height-default\" data-id=\"d84b1fc\" data-element_type=\"section\" data-e-type=\"section\">\n\t\t\t\t\t\t<div class=\"elementor-container elementor-column-gap-default\">\n\t\t\t\t\t<div class=\"elementor-column elementor-col-100 elementor-top-column elementor-element elementor-element-53775d8\" data-id=\"53775d8\" data-element_type=\"column\" data-e-type=\"column\">\n\t\t\t<div class=\"elementor-widget-wrap elementor-element-populated\">\n\t\t\t\t\t\t<div class=\"elementor-element elementor-element-beb0233 elementor-widget elementor-widget-shortcode\" data-id=\"beb0233\" data-element_type=\"widget\" data-e-type=\"widget\" data-widget_type=\"shortcode.default\">\n\t\t\t\t\t\t\t<div class=\"elementor-shortcode\"><blockquote class=\"instagram-media\" data-instgrm-captioned data-instgrm-permalink=\"https:\/\/www.instagram.com\/p\/CSl4jRRqrM7\/\" data-instgrm-version=\"14\" style=\" background:#FFF; border:0; border-radius:3px; box-shadow:0 0 1px 0 rgba(0,0,0,0.5),0 1px 10px 0 rgba(0,0,0,0.15); margin: 1px; max-width:540px; min-width:326px; padding:0; width:99.375%; width:-webkit-calc(100% - 2px); width:calc(100% - 2px);\"><div style=\"padding:16px;\"> <a href=\"https:\/\/www.instagram.com\/p\/CTc0ERLjqzS\/?utm_source=ig_embed&amp;utm_campaign=loading\" style=\" background:#FFFFFF; line-height:0; padding:0 0; text-align:center; text-decoration:none; width:100%;\" target=\"_blank\" rel=\"noopener\"> <div style=\" display: flex; flex-direction: row; align-items: center;\"> <div style=\"background-color: #F4F4F4; border-radius: 50%; flex-grow: 0; height: 40px; margin-right: 14px; width: 40px;\"><\/div> <div style=\"display: flex; flex-direction: column; flex-grow: 1; justify-content: center;\"> <div style=\" background-color: #F4F4F4; border-radius: 4px; flex-grow: 0; height: 14px; margin-bottom: 6px; width: 100px;\"><\/div> <div style=\" background-color: #F4F4F4; border-radius: 4px; flex-grow: 0; height: 14px; width: 60px;\"><\/div><\/div><\/div><div style=\"padding: 19% 0;\"><\/div> <div style=\"display:block; height:50px; margin:0 auto 12px; width:50px;\"><svg width=\"50px\" height=\"50px\" viewbox=\"0 0 60 60\" version=\"1.1\" xmlns=\"https:\/\/www.w3.org\/2000\/svg\" xmlns:xlink=\"https:\/\/www.w3.org\/1999\/xlink\"><g stroke=\"none\" stroke-width=\"1\" fill=\"none\" fill-rule=\"evenodd\"><g transform=\"translate(-511.000000, -20.000000)\" fill=\"#000000\"><g><path d=\"M556.869,30.41 C554.814,30.41 553.148,32.076 553.148,34.131 C553.148,36.186 554.814,37.852 556.869,37.852 C558.924,37.852 560.59,36.186 560.59,34.131 C560.59,32.076 558.924,30.41 556.869,30.41 M541,60.657 C535.114,60.657 530.342,55.887 530.342,50 C530.342,44.114 535.114,39.342 541,39.342 C546.887,39.342 551.658,44.114 551.658,50 C551.658,55.887 546.887,60.657 541,60.657 M541,33.886 C532.1,33.886 524.886,41.1 524.886,50 C524.886,58.899 532.1,66.113 541,66.113 C549.9,66.113 557.115,58.899 557.115,50 C557.115,41.1 549.9,33.886 541,33.886 M565.378,62.101 C565.244,65.022 564.756,66.606 564.346,67.663 C563.803,69.06 563.154,70.057 562.106,71.106 C561.058,72.155 560.06,72.803 558.662,73.347 C557.607,73.757 556.021,74.244 553.102,74.378 C549.944,74.521 548.997,74.552 541,74.552 C533.003,74.552 532.056,74.521 528.898,74.378 C525.979,74.244 524.393,73.757 523.338,73.347 C521.94,72.803 520.942,72.155 519.894,71.106 C518.846,70.057 518.197,69.06 517.654,67.663 C517.244,66.606 516.755,65.022 516.623,62.101 C516.479,58.943 516.448,57.996 516.448,50 C516.448,42.003 516.479,41.056 516.623,37.899 C516.755,34.978 517.244,33.391 517.654,32.338 C518.197,30.938 518.846,29.942 519.894,28.894 C520.942,27.846 521.94,27.196 523.338,26.654 C524.393,26.244 525.979,25.756 528.898,25.623 C532.057,25.479 533.004,25.448 541,25.448 C548.997,25.448 549.943,25.479 553.102,25.623 C556.021,25.756 557.607,26.244 558.662,26.654 C560.06,27.196 561.058,27.846 562.106,28.894 C563.154,29.942 563.803,30.938 564.346,32.338 C564.756,33.391 565.244,34.978 565.378,37.899 C565.522,41.056 565.552,42.003 565.552,50 C565.552,57.996 565.522,58.943 565.378,62.101 M570.82,37.631 C570.674,34.438 570.167,32.258 569.425,30.349 C568.659,28.377 567.633,26.702 565.965,25.035 C564.297,23.368 562.623,22.342 560.652,21.575 C558.743,20.834 556.562,20.326 553.369,20.18 C550.169,20.033 549.148,20 541,20 C532.853,20 531.831,20.033 528.631,20.18 C525.438,20.326 523.257,20.834 521.349,21.575 C519.376,22.342 517.703,23.368 516.035,25.035 C514.368,26.702 513.342,28.377 512.574,30.349 C511.834,32.258 511.326,34.438 511.181,37.631 C511.035,40.831 511,41.851 511,50 C511,58.147 511.035,59.17 511.181,62.369 C511.326,65.562 511.834,67.743 512.574,69.651 C513.342,71.625 514.368,73.296 516.035,74.965 C517.703,76.634 519.376,77.658 521.349,78.425 C523.257,79.167 525.438,79.673 528.631,79.82 C531.831,79.965 532.853,80.001 541,80.001 C549.148,80.001 550.169,79.965 553.369,79.82 C556.562,79.673 558.743,79.167 560.652,78.425 C562.623,77.658 564.297,76.634 565.965,74.965 C567.633,73.296 568.659,71.625 569.425,69.651 C570.167,67.743 570.674,65.562 570.82,62.369 C570.966,59.17 571,58.147 571,50 C571,41.851 570.966,40.831 570.82,37.631\"><\/path><\/g><\/g><\/g><\/svg><\/div><div style=\"padding-top: 8px;\"> <div style=\" color:#3897f0; font-family:Arial,sans-serif; font-size:14px; font-style:normal; font-weight:550; line-height:18px;\">Voir ce message sur Instagram<\/div><\/div><div style=\"padding: 12.5% 0;\"><\/div> <div style=\"display: flex; flex-direction: row; margin-bottom: 14px; align-items: center;\"><div> <div style=\"background-color: #F4F4F4; border-radius: 50%; height: 12.5px; width: 12.5px; transform: translateX(0px) translateY(7px);\"><\/div> <div style=\"background-color: #F4F4F4; height: 12.5px; transform: rotate(-45deg) translateX(3px) translateY(1px); width: 12.5px; flex-grow: 0; margin-right: 14px; margin-left: 2px;\"><\/div> <div style=\"background-color: #F4F4F4; border-radius: 50%; height: 12.5px; width: 12.5px; transform: translateX(9px) translateY(-18px);\"><\/div><\/div><div style=\"margin-left: 8px;\"> <div style=\" background-color: #F4F4F4; border-radius: 50%; flex-grow: 0; height: 20px; width: 20px;\"><\/div> <div style=\" width: 0; height: 0; border-top: 2px solid transparent; border-left: 6px solid #f4f4f4; border-bottom: 2px solid transparent; transform: translateX(16px) translateY(-4px) rotate(30deg)\"><\/div><\/div><div style=\"margin-left: auto;\"> <div style=\" width: 0px; border-top: 8px solid #F4F4F4; border-right: 8px solid transparent; transform: translateY(16px);\"><\/div> <div style=\" background-color: #F4F4F4; flex-grow: 0; height: 12px; width: 16px; transform: translateY(-4px);\"><\/div> <div style=\" width: 0; height: 0; border-top: 8px solid #F4F4F4; border-left: 8px solid transparent; transform: translateY(-4px) translateX(8px);\"><\/div><\/div><\/div> <div style=\"display: flex; flex-direction: column; flex-grow: 1; justify-content: center; margin-bottom: 24px;\"> <div style=\" background-color: #F4F4F4; border-radius: 4px; flex-grow: 0; height: 14px; margin-bottom: 6px; width: 224px;\"><\/div> <div style=\" background-color: #F4F4F4; border-radius: 4px; flex-grow: 0; height: 14px; width: 144px;\"><\/div><\/div><\/a><p style=\" color:#c9c8cd; font-family:Arial,sans-serif; font-size:14px; line-height:17px; margin-bottom:0; margin-top:8px; overflow:hidden; padding:8px 0 7px; text-align:center; text-overflow:ellipsis; white-space:nowrap;\"><a href=\"https:\/\/www.instagram.com\/p\/CTc0ERLjqzS\/?utm_source=ig_embed&amp;utm_campaign=loading\" style=\" color:#c9c8cd; font-family:Arial,sans-serif; font-size:14px; font-style:normal; font-weight:normal; line-height:17px; text-decoration:none;\" target=\"_blank\" rel=\"noopener\">A post shared by Alex C Fotografia (@alextivenys)<\/a><\/p><\/div><\/blockquote> <script async src=\"\/\/www.instagram.com\/embed.js\"><\/script><\/div>\n\t\t\t\t\t\t<\/div>\n\t\t\t\t\t<\/div>\n\t\t<\/div>\n\t\t\t\t\t<\/div>\n\t\t<\/section>\n\t\t\t\t<section class=\"elementor-section elementor-top-section elementor-element elementor-element-2bc9d2e elementor-section-boxed elementor-section-height-default elementor-section-height-default\" data-id=\"2bc9d2e\" data-element_type=\"section\" data-e-type=\"section\">\n\t\t\t\t\t\t<div class=\"elementor-container elementor-column-gap-default\">\n\t\t\t\t\t<div class=\"elementor-column elementor-col-100 elementor-top-column elementor-element elementor-element-858b9ce\" data-id=\"858b9ce\" data-element_type=\"column\" data-e-type=\"column\">\n\t\t\t<div class=\"elementor-widget-wrap elementor-element-populated\">\n\t\t\t\t\t\t<div class=\"elementor-element elementor-element-0004f7a elementor-widget elementor-widget-text-editor\" data-id=\"0004f7a\" data-element_type=\"widget\" data-e-type=\"widget\" data-widget_type=\"text-editor.default\">\n\t\t\t\t\t\t\t\t\t<p><span style=\"font-weight: 400;\">Les deux plages les plus connues et les plus populaires de Moraira sont Playa de la Ampolla et Playa de la Ampolla. <\/span><a href=\"https:\/\/media.marinalia.es\/fr\/blog\/el-portet-moraira-beach\/\"><span style=\"font-weight: 400;\">Plage d'El Portet<\/span><\/a><span style=\"font-weight: 400;\">. Aujourd'hui, dans cet article, nous allons parler de la plage la plus cosmopolite de Moraira, la Playa de la Ampolla.<\/span><\/p>\t\t\t\t\t\t\t\t<\/div>\n\t\t\t\t\t<\/div>\n\t\t<\/div>\n\t\t\t\t\t<\/div>\n\t\t<\/section>\n\t\t\t\t<section class=\"elementor-section elementor-top-section elementor-element elementor-element-28da22cc elementor-section-boxed elementor-section-height-default elementor-section-height-default\" data-id=\"28da22cc\" data-element_type=\"section\" data-e-type=\"section\" data-settings=\"{&quot;background_background&quot;:&quot;classic&quot;}\">\n\t\t\t\t\t\t<div class=\"elementor-container elementor-column-gap-default\">\n\t\t\t\t\t<div class=\"elementor-column elementor-col-100 elementor-top-column elementor-element elementor-element-2c16d81c\" data-id=\"2c16d81c\" data-element_type=\"column\" data-e-type=\"column\">\n\t\t\t<div class=\"elementor-widget-wrap elementor-element-populated\">\n\t\t\t\t\t\t<div class=\"elementor-element elementor-element-53eddfff elementor-author-box--layout-image-above elementor-author-box--align-center elementor-widget elementor-widget-author-box\" data-id=\"53eddfff\" data-element_type=\"widget\" data-e-type=\"widget\" data-widget_type=\"author-box.default\">\n\t\t\t\t<div class=\"elementor-widget-container\">\n\t\t\t\t\t\t\t<div class=\"elementor-author-box\">\n\t\t\t\t\t\t\t<div  class=\"elementor-author-box__avatar\">\n\t\t\t\t\t<img decoding=\"async\" data-src=\"https:\/\/media.marinalia.es\/wp-content\/uploads\/2021\/12\/Imagen-de-perfil-para-redes-sociales-minimalista-con-playa-azul-y-naranja-1.png\" alt=\"Silvia Guti\u00e9rrez\" src=\"data:image\/gif;base64,R0lGODlhAQABAAAAACH5BAEKAAEALAAAAAABAAEAAAICTAEAOw==\" class=\"lazyload\" style=\"--smush-placeholder-width: 288px; --smush-placeholder-aspect-ratio: 288\/288;\">\n\t\t\t\t<\/div>\n\t\t\t\n\t\t\t<div class=\"elementor-author-box__text\">\n\t\t\t\t\t\t\t\t\t<div >\n\t\t\t\t\t\t<span class=\"elementor-author-box__name\">\n\t\t\t\t\t\t\tSilvia Guti\u00e9rrez\t\t\t\t\t\t<\/span>\n\t\t\t\t\t<\/div>\n\t\t\t\t\n\t\t\t\t\n\t\t\t\t\t\t\t<\/div>\n\t\t<\/div>\n\t\t\t\t\t\t<\/div>\n\t\t\t\t<\/div>\n\t\t\t\t<section class=\"elementor-section elementor-inner-section elementor-element elementor-element-1e2bf1cb elementor-section-boxed elementor-section-height-default elementor-section-height-default\" data-id=\"1e2bf1cb\" data-element_type=\"section\" data-e-type=\"section\">\n\t\t\t\t\t\t<div class=\"elementor-container elementor-column-gap-default\">\n\t\t\t\t\t<div class=\"elementor-column elementor-col-33 elementor-inner-column elementor-element elementor-element-33136452\" data-id=\"33136452\" data-element_type=\"column\" data-e-type=\"column\">\n\t\t\t<div class=\"elementor-widget-wrap\">\n\t\t\t\t\t\t\t<\/div>\n\t\t<\/div>\n\t\t\t\t<div class=\"elementor-column elementor-col-33 elementor-inner-column elementor-element elementor-element-20ddc2dd\" data-id=\"20ddc2dd\" data-element_type=\"column\" data-e-type=\"column\">\n\t\t\t<div class=\"elementor-widget-wrap elementor-element-populated\">\n\t\t\t\t\t\t<div class=\"elementor-element elementor-element-717783d0 elementor-widget elementor-widget-heading\" data-id=\"717783d0\" data-element_type=\"widget\" data-e-type=\"widget\" data-widget_type=\"heading.default\">\n\t\t\t\t\t<div class=\"elementor-heading-title elementor-size-default\">Vous voulez savoir quelles sont les activit\u00e9s que vous pouvez faire dans cette r\u00e9gion ?<\/div>\t\t\t\t<\/div>\n\t\t\t\t<div class=\"elementor-element elementor-element-31484309 elementor-align-center elementor-widget elementor-widget-button\" data-id=\"31484309\" data-element_type=\"widget\" data-e-type=\"widget\" data-widget_type=\"button.default\">\n\t\t\t\t\t\t\t\t\t\t<a class=\"elementor-button elementor-button-link elementor-size-sm\" href=\"https:\/\/wa.me\/34694467126\/?text=Hola%21%20Quiero%20saber%20qu%C3%A9%20actividades%20puedo%20hacer%20en\" target=\"_blank\" rel=\"noopener\">\n\t\t\t\t\t\t<span class=\"elementor-button-content-wrapper\">\n\t\t\t\t\t\t<span class=\"elementor-button-icon\">\n\t\t\t\t<svg aria-hidden=\"true\" class=\"e-font-icon-svg e-fab-whatsapp\" viewbox=\"0 0 448 512\" xmlns=\"http:\/\/www.w3.org\/2000\/svg\"><path d=\"M380.9 97.1C339 55.1 283.2 32 223.9 32c-122.4 0-222 99.6-222 222 0 39.1 10.2 77.3 29.6 111L0 480l117.7-30.9c32.4 17.7 68.9 27 106.1 27h.1c122.3 0 224.1-99.6 224.1-222 0-59.3-25.2-115-67.1-157zm-157 341.6c-33.2 0-65.7-8.9-94-25.7l-6.7-4-69.8 18.3L72 359.2l-4.4-7c-18.5-29.4-28.2-63.3-28.2-98.2 0-101.7 82.8-184.5 184.6-184.5 49.3 0 95.6 19.2 130.4 54.1 34.8 34.9 56.2 81.2 56.1 130.5 0 101.8-84.9 184.6-186.6 184.6zm101.2-138.2c-5.5-2.8-32.8-16.2-37.9-18-5.1-1.9-8.8-2.8-12.5 2.8-3.7 5.6-14.3 18-17.6 21.8-3.2 3.7-6.5 4.2-12 1.4-32.6-16.3-54-29.1-75.5-66-5.7-9.8 5.7-9.1 16.3-30.3 1.8-3.7.9-6.9-.5-9.7-1.4-2.8-12.5-30.1-17.1-41.2-4.5-10.8-9.1-9.3-12.5-9.5-3.2-.2-6.9-.2-10.6-.2-3.7 0-9.7 1.4-14.8 6.9-5.1 5.6-19.4 19-19.4 46.3 0 27.3 19.9 53.7 22.6 57.4 2.8 3.7 39.1 59.7 94.8 83.8 35.2 15.2 49 16.5 66.6 13.9 10.7-1.6 32.8-13.4 37.4-26.4 4.6-13 4.6-24.1 3.2-26.4-1.3-2.5-5-3.9-10.5-6.6z\"><\/path><\/svg>\t\t\t<\/span>\n\t\t\t\t\t\t\t\t\t<span class=\"elementor-button-text\">Envoyez-nous un WhatsApp !<\/span>\n\t\t\t\t\t<\/span>\n\t\t\t\t\t<\/a>\n\t\t\t\t\t\t\t\t<\/div>\n\t\t\t\t\t<\/div>\n\t\t<\/div>\n\t\t\t\t<div class=\"elementor-column elementor-col-33 elementor-inner-column elementor-element elementor-element-336def79\" data-id=\"336def79\" data-element_type=\"column\" data-e-type=\"column\">\n\t\t\t<div class=\"elementor-widget-wrap\">\n\t\t\t\t\t\t\t<\/div>\n\t\t<\/div>\n\t\t\t\t\t<\/div>\n\t\t<\/section>\n\t\t\t\t\t<\/div>\n\t\t<\/div>\n\t\t\t\t\t<\/div>\n\t\t<\/section>\n\t\t\t\t<section class=\"elementor-section elementor-top-section elementor-element elementor-element-61e18b0 elementor-section-boxed elementor-section-height-default elementor-section-height-default\" data-id=\"61e18b0\" data-element_type=\"section\" data-e-type=\"section\">\n\t\t\t\t\t\t<div class=\"elementor-container elementor-column-gap-default\">\n\t\t\t\t\t<div class=\"elementor-column elementor-col-100 elementor-top-column elementor-element elementor-element-e2698e9\" data-id=\"e2698e9\" data-element_type=\"column\" data-e-type=\"column\">\n\t\t\t<div class=\"elementor-widget-wrap elementor-element-populated\">\n\t\t\t\t\t\t<div class=\"elementor-element elementor-element-5bf5c4d elementor-widget elementor-widget-spacer\" data-id=\"5bf5c4d\" data-element_type=\"widget\" data-e-type=\"widget\" data-widget_type=\"spacer.default\">\n\t\t\t\t\t\t\t<div class=\"elementor-spacer\">\n\t\t\t<div class=\"elementor-spacer-inner\"><\/div>\n\t\t<\/div>\n\t\t\t\t\t\t<\/div>\n\t\t\t\t\t<\/div>\n\t\t<\/div>\n\t\t\t\t\t<\/div>\n\t\t<\/section>\n\t\t\t\t<section class=\"elementor-section elementor-top-section elementor-element elementor-element-d807856 elementor-section-boxed elementor-section-height-default elementor-section-height-default\" data-id=\"d807856\" data-element_type=\"section\" data-e-type=\"section\">\n\t\t\t\t\t\t<div class=\"elementor-container elementor-column-gap-default\">\n\t\t\t\t\t<div class=\"elementor-column elementor-col-100 elementor-top-column elementor-element elementor-element-c8b037b\" data-id=\"c8b037b\" data-element_type=\"column\" data-e-type=\"column\">\n\t\t\t<div class=\"elementor-widget-wrap elementor-element-populated\">\n\t\t\t\t\t\t<div class=\"elementor-element elementor-element-87328f2 elementor-widget elementor-widget-heading\" data-id=\"87328f2\" data-element_type=\"widget\" data-e-type=\"widget\" data-widget_type=\"heading.default\">\n\t\t\t\t\t<h2 class=\"elementor-heading-title elementor-size-default\">Que peut-on faire \u00e0 Playa de l' Ampolla, Moraira ?\n<\/h2>\t\t\t\t<\/div>\n\t\t\t\t\t<\/div>\n\t\t<\/div>\n\t\t\t\t\t<\/div>\n\t\t<\/section>\n\t\t\t\t<section class=\"elementor-section elementor-top-section elementor-element elementor-element-09ceae1 elementor-section-boxed elementor-section-height-default elementor-section-height-default\" data-id=\"09ceae1\" data-element_type=\"section\" data-e-type=\"section\">\n\t\t\t\t\t\t<div class=\"elementor-container elementor-column-gap-default\">\n\t\t\t\t\t<div class=\"elementor-column elementor-col-100 elementor-top-column elementor-element elementor-element-1dae0d1\" data-id=\"1dae0d1\" data-element_type=\"column\" data-e-type=\"column\">\n\t\t\t<div class=\"elementor-widget-wrap elementor-element-populated\">\n\t\t\t\t\t\t<div class=\"elementor-element elementor-element-dc67199 elementor-widget elementor-widget-text-editor\" data-id=\"dc67199\" data-element_type=\"widget\" data-e-type=\"widget\" data-widget_type=\"text-editor.default\">\n\t\t\t\t\t\t\t\t\t<p><span style=\"font-weight: 400;\">Cette plage mesure environ 250 m\u00e8tres de long, ce qui en fait la plus grande plage de Moraira. Il s'agit d'une plage dot\u00e9e de tous les services : restaurant, location de chaises longues et de parasols, douches, service de sauvetage, parking et zone adapt\u00e9e aux personnes \u00e0 mobilit\u00e9 r\u00e9duite.<\/span><\/p><p><span style=\"font-weight: 400;\">La plage Ampolla de Moraira est situ\u00e9e au pied du ch\u00e2teau de Moraira, une forteresse construite au XVIIIe si\u00e8cle pour prot\u00e9ger la c\u00f4te de Teulada-Moraira des pirates.<\/span><\/p>\t\t\t\t\t\t\t\t<\/div>\n\t\t\t\t<div class=\"elementor-element elementor-element-89d6f83 elementor-widget elementor-widget-image\" data-id=\"89d6f83\" data-element_type=\"widget\" data-e-type=\"widget\" data-widget_type=\"image.default\">\n\t\t\t\t\t\t\t\t\t\t\t\t\t\t\t<img fetchpriority=\"high\" decoding=\"async\" width=\"573\" height=\"480\" src=\"https:\/\/media.marinalia.es\/wp-content\/uploads\/2022\/03\/1201982370988025.CSyP8Ymi0TsfILlOwAP0_height640.png\" class=\"attachment-large size-large wp-image-3034\" alt=\"1201982370988025.CSyP8Ymi0TsfILlOwAP0 height640\" srcset=\"https:\/\/media.marinalia.es\/wp-content\/uploads\/2022\/03\/1201982370988025.CSyP8Ymi0TsfILlOwAP0_height640.png 573w, https:\/\/media.marinalia.es\/wp-content\/uploads\/2022\/03\/1201982370988025.CSyP8Ymi0TsfILlOwAP0_height640-300x251.png 300w\" sizes=\"(max-width: 573px) 100vw, 573px\" \/>\t\t\t\t\t\t\t\t\t\t\t\t\t\t\t<\/div>\n\t\t\t\t\t<\/div>\n\t\t<\/div>\n\t\t\t\t\t<\/div>\n\t\t<\/section>\n\t\t\t\t<section class=\"elementor-section elementor-top-section elementor-element elementor-element-630170e elementor-section-boxed elementor-section-height-default elementor-section-height-default\" data-id=\"630170e\" data-element_type=\"section\" data-e-type=\"section\">\n\t\t\t\t\t\t<div class=\"elementor-container elementor-column-gap-default\">\n\t\t\t\t\t<div class=\"elementor-column elementor-col-100 elementor-top-column elementor-element elementor-element-611b3cb\" data-id=\"611b3cb\" data-element_type=\"column\" data-e-type=\"column\">\n\t\t\t<div class=\"elementor-widget-wrap elementor-element-populated\">\n\t\t\t\t\t\t<div class=\"elementor-element elementor-element-8e80b8b elementor-widget elementor-widget-text-editor\" data-id=\"8e80b8b\" data-element_type=\"widget\" data-e-type=\"widget\" data-widget_type=\"text-editor.default\">\n\t\t\t\t\t\t\t\t\t<p><span style=\"font-weight: 400;\">Il faut savoir que la plage la plus proche du centre ville de Moraira, on peut s'y rendre \u00e0 pied sans probl\u00e8me, c'est donc g\u00e9n\u00e9ralement la plage de Moraira la plus fr\u00e9quent\u00e9e.<\/span><\/p><p><span style=\"font-weight: 400;\">Donc, si vous aimez profiter d'une plage avec toutes sortes de services et de conforts et que vous souhaitez \u00e9galement profiter de l'exp\u00e9rience de l'Union europ\u00e9enne, nous vous invitons \u00e0 vous rendre sur place. <\/span><a href=\"https:\/\/marinalia.es\/102-deportes-acuaticos?comunidad-valenciana=actividades-moraira\" target=\"_blank\" rel=\"noopener\"><span style=\"font-weight: 400;\">Activit\u00e9s nautiques \u00e0 Moraira<\/span><\/a><span style=\"font-weight: 400;\">Si vous allez passer quelques jours \u00e0 Moraira, la plage d'Ampolla est sans aucun doute votre meilleure option. De plus, si vous allez passer quelques jours \u00e0 Moraira, l'une des activit\u00e9s que nous vous recommandons le plus est le <a href=\"https:\/\/marinalia.es\/deporte-y-aventura\/excursiones-en-el-mar\/excursiones-en-kayak\/967-excursion-de-kayak-en-moraira-cuevas.html\" target=\"_blank\" rel=\"noopener\">Excursion en kayak \u00e0 Moraira<\/a>.<\/span><\/p>\t\t\t\t\t\t\t\t<\/div>\n\t\t\t\t\t<\/div>\n\t\t<\/div>\n\t\t\t\t\t<\/div>\n\t\t<\/section>\n\t\t\t\t<section class=\"elementor-section elementor-top-section elementor-element elementor-element-70fff0e elementor-section-boxed elementor-section-height-default elementor-section-height-default\" data-id=\"70fff0e\" data-element_type=\"section\" data-e-type=\"section\">\n\t\t\t\t\t\t<div class=\"elementor-container elementor-column-gap-default\">\n\t\t\t\t\t<div class=\"elementor-column elementor-col-100 elementor-top-column elementor-element elementor-element-8a04d6e\" data-id=\"8a04d6e\" data-element_type=\"column\" data-e-type=\"column\">\n\t\t\t<div class=\"elementor-widget-wrap elementor-element-populated\">\n\t\t\t\t\t\t<div class=\"elementor-element elementor-element-b94c5f4 elementor-widget elementor-widget-heading\" data-id=\"b94c5f4\" data-element_type=\"widget\" data-e-type=\"widget\" data-widget_type=\"heading.default\">\n\t\t\t\t\t<h2 class=\"elementor-heading-title elementor-size-default\">Comment se rendre \u00e0 la plage d'Ampolla<\/h2>\t\t\t\t<\/div>\n\t\t\t\t\t<\/div>\n\t\t<\/div>\n\t\t\t\t\t<\/div>\n\t\t<\/section>\n\t\t\t\t<section class=\"elementor-section elementor-top-section elementor-element elementor-element-d3bf112 elementor-section-boxed elementor-section-height-default elementor-section-height-default\" data-id=\"d3bf112\" data-element_type=\"section\" data-e-type=\"section\">\n\t\t\t\t\t\t<div class=\"elementor-container elementor-column-gap-default\">\n\t\t\t\t\t<div class=\"elementor-column elementor-col-100 elementor-top-column elementor-element elementor-element-3f7bf13\" data-id=\"3f7bf13\" data-element_type=\"column\" data-e-type=\"column\">\n\t\t\t<div class=\"elementor-widget-wrap elementor-element-populated\">\n\t\t\t\t\t\t<div class=\"elementor-element elementor-element-962c55d elementor-widget elementor-widget-text-editor\" data-id=\"962c55d\" data-element_type=\"widget\" data-e-type=\"widget\" data-widget_type=\"text-editor.default\">\n\t\t\t\t\t\t\t\t\t<p><span style=\"font-weight: 400;\">La plage de La Ampolla est situ\u00e9e dans la zone urbaine de Moraira, elle est donc tr\u00e8s facile d'acc\u00e8s. Vous pouvez vous garer dans le parking de la plage ou laisser votre voiture dans le parking de la Senieta et vous y rendre \u00e0 pied (pas plus de 3-4 minutes).<\/span><\/p>\t\t\t\t\t\t\t\t<\/div>\n\t\t\t\t<div class=\"elementor-element elementor-element-ab00517 elementor-widget elementor-widget-shortcode\" data-id=\"ab00517\" data-element_type=\"widget\" data-e-type=\"widget\" data-widget_type=\"shortcode.default\">\n\t\t\t\t\t\t\t<div class=\"elementor-shortcode\"><iframe data-src=\"https:\/\/www.google.com\/maps\/embed?pb=!1m18!1m12!1m3!1d3114.3306142719357!2d0.12762241534417207!3d38.68724927960359!2m3!1f0!2f0!3f0!3m2!1i1024!2i768!4f13.1!3m3!1m2!1s0x0%3A0x2b6416cc287cd959!2sPlaya%20de%20la%20Ampolla!5e0!3m2!1ses!2ses!4v1648206011168!5m2!1ses!2ses\" width=\"600\" height=\"450\" style=\"border:0;\" allowfullscreen=\"\" referrerpolicy=\"no-referrer-when-downgrade\" src=\"data:image\/gif;base64,R0lGODlhAQABAAAAACH5BAEKAAEALAAAAAABAAEAAAICTAEAOw==\" class=\"lazyload\" data-load-mode=\"1\"><\/iframe><\/div>\n\t\t\t\t\t\t<\/div>\n\t\t\t\t\t<\/div>\n\t\t<\/div>\n\t\t\t\t\t<\/div>\n\t\t<\/section>\n\t\t\t\t<section class=\"elementor-section elementor-top-section elementor-element elementor-element-f132a80 elementor-section-boxed elementor-section-height-default elementor-section-height-default\" data-id=\"f132a80\" data-element_type=\"section\" data-e-type=\"section\">\n\t\t\t\t\t\t<div class=\"elementor-container elementor-column-gap-default\">\n\t\t\t\t\t<div class=\"elementor-column elementor-col-100 elementor-top-column elementor-element elementor-element-3e4c752\" data-id=\"3e4c752\" data-element_type=\"column\" data-e-type=\"column\">\n\t\t\t<div class=\"elementor-widget-wrap elementor-element-populated\">\n\t\t\t\t\t\t<div class=\"elementor-element elementor-element-89dbee8 elementor-widget elementor-widget-spacer\" data-id=\"89dbee8\" data-element_type=\"widget\" data-e-type=\"widget\" data-widget_type=\"spacer.default\">\n\t\t\t\t\t\t\t<div class=\"elementor-spacer\">\n\t\t\t<div class=\"elementor-spacer-inner\"><\/div>\n\t\t<\/div>\n\t\t\t\t\t\t<\/div>\n\t\t\t\t<div class=\"elementor-element elementor-element-61b0efb elementor-align-center elementor-widget elementor-widget-button\" data-id=\"61b0efb\" data-element_type=\"widget\" data-e-type=\"widget\" data-widget_type=\"button.default\">\n\t\t\t\t\t\t\t\t\t\t<a class=\"elementor-button elementor-button-link elementor-size-md\" href=\"https:\/\/marinalia.es\/33-actividades-moraira\" target=\"_blank\" rel=\"noopener\">\n\t\t\t\t\t\t<span class=\"elementor-button-content-wrapper\">\n\t\t\t\t\t\t\t\t\t<span class=\"elementor-button-text\">Activit\u00e9s \u00e0 Moraira<\/span>\n\t\t\t\t\t<\/span>\n\t\t\t\t\t<\/a>\n\t\t\t\t\t\t\t\t<\/div>\n\t\t\t\t<div class=\"elementor-element elementor-element-cda276b elementor-widget elementor-widget-spacer\" data-id=\"cda276b\" data-element_type=\"widget\" data-e-type=\"widget\" data-widget_type=\"spacer.default\">\n\t\t\t\t\t\t\t<div class=\"elementor-spacer\">\n\t\t\t<div class=\"elementor-spacer-inner\"><\/div>\n\t\t<\/div>\n\t\t\t\t\t\t<\/div>\n\t\t\t\t\t<\/div>\n\t\t<\/div>\n\t\t\t\t\t<\/div>\n\t\t<\/section>\n\t\t\t\t<section class=\"elementor-section elementor-top-section elementor-element elementor-element-2454739f elementor-section-boxed elementor-section-height-default elementor-section-height-default\" data-id=\"2454739f\" data-element_type=\"section\" data-e-type=\"section\">\n\t\t\t\t\t\t<div class=\"elementor-container elementor-column-gap-default\">\n\t\t\t\t\t<div class=\"elementor-column elementor-col-100 elementor-top-column elementor-element elementor-element-6b7feea4\" data-id=\"6b7feea4\" data-element_type=\"column\" data-e-type=\"column\">\n\t\t\t<div class=\"elementor-widget-wrap elementor-element-populated\">\n\t\t\t\t\t\t<div class=\"elementor-element elementor-element-33084f05 elementor-widget elementor-widget-heading\" data-id=\"33084f05\" data-element_type=\"widget\" data-e-type=\"widget\" data-widget_type=\"heading.default\">\n\t\t\t\t\t<h3 class=\"elementor-heading-title elementor-size-default\">Plus de lieux \u00e0 d\u00e9couvrir<\/h3>\t\t\t\t<\/div>\n\t\t\t\t\t<\/div>\n\t\t<\/div>\n\t\t\t\t\t<\/div>\n\t\t<\/section>\n\t\t\t\t<section class=\"elementor-section elementor-top-section elementor-element elementor-element-2c357062 elementor-section-boxed elementor-section-height-default elementor-section-height-default\" data-id=\"2c357062\" data-element_type=\"section\" data-e-type=\"section\">\n\t\t\t\t\t\t<div class=\"elementor-container elementor-column-gap-default\">\n\t\t\t\t\t<div class=\"elementor-column elementor-col-100 elementor-top-column elementor-element elementor-element-19c1598c\" data-id=\"19c1598c\" data-element_type=\"column\" data-e-type=\"column\">\n\t\t\t<div class=\"elementor-widget-wrap elementor-element-populated\">\n\t\t\t\t\t\t<div class=\"elementor-element elementor-element-5c66ae1f elementor-posts--align-center elementor-grid-3 elementor-grid-tablet-2 elementor-grid-mobile-1 elementor-posts--thumbnail-top elementor-widget elementor-widget-posts\" data-id=\"5c66ae1f\" data-element_type=\"widget\" data-e-type=\"widget\" data-settings=\"{&quot;classic_columns&quot;:&quot;3&quot;,&quot;classic_columns_tablet&quot;:&quot;2&quot;,&quot;classic_columns_mobile&quot;:&quot;1&quot;,&quot;classic_row_gap&quot;:{&quot;unit&quot;:&quot;px&quot;,&quot;size&quot;:35,&quot;sizes&quot;:[]},&quot;classic_row_gap_tablet&quot;:{&quot;unit&quot;:&quot;px&quot;,&quot;size&quot;:&quot;&quot;,&quot;sizes&quot;:[]},&quot;classic_row_gap_mobile&quot;:{&quot;unit&quot;:&quot;px&quot;,&quot;size&quot;:&quot;&quot;,&quot;sizes&quot;:[]}}\" data-widget_type=\"posts.classic\">\n\t\t\t\t<div class=\"elementor-widget-container\">\n\t\t\t\t\t\t\t<div class=\"elementor-posts-container elementor-posts elementor-posts--skin-classic elementor-grid\">\n\t\t\t\t<article class=\"elementor-post elementor-grid-item post-8068 post type-post status-publish format-standard has-post-thumbnail hentry category-playas-alicante\">\n\t\t\t\t<a class=\"elementor-post__thumbnail__link\" href=\"https:\/\/media.marinalia.es\/fr\/blog\/calas-del-cuartel\/\">\n\t\t\t<div class=\"elementor-post__thumbnail\"><img decoding=\"async\" width=\"1024\" height=\"338\" data-src=\"https:\/\/media.marinalia.es\/wp-content\/uploads\/2021\/12\/calas-del-cuartel-1024x338.jpg\" class=\"attachment-large size-large wp-image-8080 lazyload\" alt=\"calas del cuartel\" data-srcset=\"https:\/\/media.marinalia.es\/wp-content\/uploads\/2021\/12\/calas-del-cuartel-1024x338.jpg 1024w, https:\/\/media.marinalia.es\/wp-content\/uploads\/2021\/12\/calas-del-cuartel-300x99.jpg 300w, https:\/\/media.marinalia.es\/wp-content\/uploads\/2021\/12\/calas-del-cuartel-768x253.jpg 768w, https:\/\/media.marinalia.es\/wp-content\/uploads\/2021\/12\/calas-del-cuartel-1536x506.jpg 1536w, https:\/\/media.marinalia.es\/wp-content\/uploads\/2021\/12\/calas-del-cuartel-18x6.jpg 18w, https:\/\/media.marinalia.es\/wp-content\/uploads\/2021\/12\/calas-del-cuartel.jpg 1820w\" data-sizes=\"(max-width: 1024px) 100vw, 1024px\" src=\"data:image\/gif;base64,R0lGODlhAQABAAAAACH5BAEKAAEALAAAAAABAAEAAAICTAEAOw==\" style=\"--smush-placeholder-width: 1024px; --smush-placeholder-aspect-ratio: 1024\/338;\" \/><\/div>\n\t\t<\/a>\n\t\t\t\t<div class=\"elementor-post__text\">\n\t\t\t\t<h4 class=\"elementor-post__title\">\n\t\t\t<a href=\"https:\/\/media.marinalia.es\/fr\/blog\/calas-del-cuartel\/\">\n\t\t\t\tCalas del Cuartel, Santa Pola\t\t\t<\/a>\n\t\t<\/h4>\n\t\t\t\t<\/div>\n\t\t\t\t<\/article>\n\t\t\t\t<article class=\"elementor-post elementor-grid-item post-7959 post type-post status-publish format-standard has-post-thumbnail hentry category-playas-alicante\">\n\t\t\t\t<a class=\"elementor-post__thumbnail__link\" href=\"https:\/\/media.marinalia.es\/fr\/blog\/playa-lisa-santa-pola\/\">\n\t\t\t<div class=\"elementor-post__thumbnail\"><img decoding=\"async\" width=\"1024\" height=\"323\" data-src=\"https:\/\/media.marinalia.es\/wp-content\/uploads\/2021\/12\/playa-lisa-santa-pola-1024x323.jpg\" class=\"attachment-large size-large wp-image-7985 lazyload\" alt=\"playa lisa santa pola\" data-srcset=\"https:\/\/media.marinalia.es\/wp-content\/uploads\/2021\/12\/playa-lisa-santa-pola-1024x323.jpg 1024w, https:\/\/media.marinalia.es\/wp-content\/uploads\/2021\/12\/playa-lisa-santa-pola-300x95.jpg 300w, https:\/\/media.marinalia.es\/wp-content\/uploads\/2021\/12\/playa-lisa-santa-pola-768x243.jpg 768w, https:\/\/media.marinalia.es\/wp-content\/uploads\/2021\/12\/playa-lisa-santa-pola-1536x485.jpg 1536w, https:\/\/media.marinalia.es\/wp-content\/uploads\/2021\/12\/playa-lisa-santa-pola-18x6.jpg 18w, https:\/\/media.marinalia.es\/wp-content\/uploads\/2021\/12\/playa-lisa-santa-pola.jpg 1900w\" data-sizes=\"(max-width: 1024px) 100vw, 1024px\" src=\"data:image\/gif;base64,R0lGODlhAQABAAAAACH5BAEKAAEALAAAAAABAAEAAAICTAEAOw==\" style=\"--smush-placeholder-width: 1024px; --smush-placeholder-aspect-ratio: 1024\/323;\" \/><\/div>\n\t\t<\/a>\n\t\t\t\t<div class=\"elementor-post__text\">\n\t\t\t\t<h4 class=\"elementor-post__title\">\n\t\t\t<a href=\"https:\/\/media.marinalia.es\/fr\/blog\/playa-lisa-santa-pola\/\">\n\t\t\t\tPlaya Lisa, Santa Pola\t\t\t<\/a>\n\t\t<\/h4>\n\t\t\t\t<\/div>\n\t\t\t\t<\/article>\n\t\t\t\t<article class=\"elementor-post elementor-grid-item post-7895 post type-post status-publish format-standard has-post-thumbnail hentry category-playas-alicante\">\n\t\t\t\t<a class=\"elementor-post__thumbnail__link\" href=\"https:\/\/media.marinalia.es\/fr\/blog\/cala-del-tio-ximo\/\">\n\t\t\t<div class=\"elementor-post__thumbnail\"><img decoding=\"async\" width=\"1024\" height=\"323\" data-src=\"https:\/\/media.marinalia.es\/wp-content\/uploads\/2021\/12\/cala-tio-ximo-1024x323.jpg\" class=\"attachment-large size-large wp-image-7925 lazyload\" alt=\"cala tio ximo\" data-srcset=\"https:\/\/media.marinalia.es\/wp-content\/uploads\/2021\/12\/cala-tio-ximo-1024x323.jpg 1024w, https:\/\/media.marinalia.es\/wp-content\/uploads\/2021\/12\/cala-tio-ximo-300x95.jpg 300w, https:\/\/media.marinalia.es\/wp-content\/uploads\/2021\/12\/cala-tio-ximo-768x243.jpg 768w, https:\/\/media.marinalia.es\/wp-content\/uploads\/2021\/12\/cala-tio-ximo-1536x485.jpg 1536w, https:\/\/media.marinalia.es\/wp-content\/uploads\/2021\/12\/cala-tio-ximo-18x6.jpg 18w, https:\/\/media.marinalia.es\/wp-content\/uploads\/2021\/12\/cala-tio-ximo.jpg 1900w\" data-sizes=\"(max-width: 1024px) 100vw, 1024px\" src=\"data:image\/gif;base64,R0lGODlhAQABAAAAACH5BAEKAAEALAAAAAABAAEAAAICTAEAOw==\" style=\"--smush-placeholder-width: 1024px; --smush-placeholder-aspect-ratio: 1024\/323;\" \/><\/div>\n\t\t<\/a>\n\t\t\t\t<div class=\"elementor-post__text\">\n\t\t\t\t<h4 class=\"elementor-post__title\">\n\t\t\t<a href=\"https:\/\/media.marinalia.es\/fr\/blog\/cala-del-tio-ximo\/\">\n\t\t\t\tCala del T\u00edo Ximo, Benidorm\t\t\t<\/a>\n\t\t<\/h4>\n\t\t\t\t<\/div>\n\t\t\t\t<\/article>\n\t\t\t\t<article class=\"elementor-post elementor-grid-item post-7868 post type-post status-publish format-standard has-post-thumbnail hentry category-playas-alicante\">\n\t\t\t\t<a class=\"elementor-post__thumbnail__link\" href=\"https:\/\/media.marinalia.es\/fr\/blog\/playa-de-la-gran-playa\/\">\n\t\t\t<div class=\"elementor-post__thumbnail\"><img decoding=\"async\" width=\"1024\" height=\"323\" data-src=\"https:\/\/media.marinalia.es\/wp-content\/uploads\/2021\/12\/playa-de-la-gran-playa-1024x323.jpg\" class=\"attachment-large size-large wp-image-7881 lazyload\" alt=\"playa de la gran playa\" data-srcset=\"https:\/\/media.marinalia.es\/wp-content\/uploads\/2021\/12\/playa-de-la-gran-playa-1024x323.jpg 1024w, https:\/\/media.marinalia.es\/wp-content\/uploads\/2021\/12\/playa-de-la-gran-playa-300x95.jpg 300w, https:\/\/media.marinalia.es\/wp-content\/uploads\/2021\/12\/playa-de-la-gran-playa-768x243.jpg 768w, https:\/\/media.marinalia.es\/wp-content\/uploads\/2021\/12\/playa-de-la-gran-playa-1536x485.jpg 1536w, https:\/\/media.marinalia.es\/wp-content\/uploads\/2021\/12\/playa-de-la-gran-playa-18x6.jpg 18w, https:\/\/media.marinalia.es\/wp-content\/uploads\/2021\/12\/playa-de-la-gran-playa.jpg 1900w\" data-sizes=\"(max-width: 1024px) 100vw, 1024px\" src=\"data:image\/gif;base64,R0lGODlhAQABAAAAACH5BAEKAAEALAAAAAABAAEAAAICTAEAOw==\" style=\"--smush-placeholder-width: 1024px; --smush-placeholder-aspect-ratio: 1024\/323;\" \/><\/div>\n\t\t<\/a>\n\t\t\t\t<div class=\"elementor-post__text\">\n\t\t\t\t<h4 class=\"elementor-post__title\">\n\t\t\t<a href=\"https:\/\/media.marinalia.es\/fr\/blog\/playa-de-la-gran-playa\/\">\n\t\t\t\tPlaya de la Gran Playa, Santa Pola\t\t\t<\/a>\n\t\t<\/h4>\n\t\t\t\t<\/div>\n\t\t\t\t<\/article>\n\t\t\t\t<article class=\"elementor-post elementor-grid-item post-7853 post type-post status-publish format-standard has-post-thumbnail hentry category-playas-alicante\">\n\t\t\t\t<a class=\"elementor-post__thumbnail__link\" href=\"https:\/\/media.marinalia.es\/fr\/blog\/cala-del-mal-pas\/\">\n\t\t\t<div class=\"elementor-post__thumbnail\"><img decoding=\"async\" width=\"1024\" height=\"323\" data-src=\"https:\/\/media.marinalia.es\/wp-content\/uploads\/2021\/12\/cala-del-mal-pas-1024x323.jpg\" class=\"attachment-large size-large wp-image-7862 lazyload\" alt=\"cala del mal pas\" data-srcset=\"https:\/\/media.marinalia.es\/wp-content\/uploads\/2021\/12\/cala-del-mal-pas-1024x323.jpg 1024w, https:\/\/media.marinalia.es\/wp-content\/uploads\/2021\/12\/cala-del-mal-pas-300x95.jpg 300w, https:\/\/media.marinalia.es\/wp-content\/uploads\/2021\/12\/cala-del-mal-pas-768x243.jpg 768w, https:\/\/media.marinalia.es\/wp-content\/uploads\/2021\/12\/cala-del-mal-pas-1536x485.jpg 1536w, https:\/\/media.marinalia.es\/wp-content\/uploads\/2021\/12\/cala-del-mal-pas-18x6.jpg 18w, https:\/\/media.marinalia.es\/wp-content\/uploads\/2021\/12\/cala-del-mal-pas.jpg 1900w\" data-sizes=\"(max-width: 1024px) 100vw, 1024px\" src=\"data:image\/gif;base64,R0lGODlhAQABAAAAACH5BAEKAAEALAAAAAABAAEAAAICTAEAOw==\" style=\"--smush-placeholder-width: 1024px; --smush-placeholder-aspect-ratio: 1024\/323;\" \/><\/div>\n\t\t<\/a>\n\t\t\t\t<div class=\"elementor-post__text\">\n\t\t\t\t<h4 class=\"elementor-post__title\">\n\t\t\t<a href=\"https:\/\/media.marinalia.es\/fr\/blog\/cala-del-mal-pas\/\">\n\t\t\t\tCala del Mal Pas, Benidorm\t\t\t<\/a>\n\t\t<\/h4>\n\t\t\t\t<\/div>\n\t\t\t\t<\/article>\n\t\t\t\t<article class=\"elementor-post elementor-grid-item post-8204 post type-post status-publish format-standard has-post-thumbnail hentry category-playas-alicante\">\n\t\t\t\t<a class=\"elementor-post__thumbnail__link\" href=\"https:\/\/media.marinalia.es\/fr\/blog\/calas-de-santa-pola-del-este\/\">\n\t\t\t<div class=\"elementor-post__thumbnail\"><img decoding=\"async\" width=\"1024\" height=\"338\" data-src=\"https:\/\/media.marinalia.es\/wp-content\/uploads\/2021\/12\/cala-de-santa-pola-del-este-santa-pola-1024x338.jpg\" class=\"attachment-large size-large wp-image-8213 lazyload\" alt=\"cala de santa pola del este santa pola\" data-srcset=\"https:\/\/media.marinalia.es\/wp-content\/uploads\/2021\/12\/cala-de-santa-pola-del-este-santa-pola-1024x338.jpg 1024w, https:\/\/media.marinalia.es\/wp-content\/uploads\/2021\/12\/cala-de-santa-pola-del-este-santa-pola-300x99.jpg 300w, https:\/\/media.marinalia.es\/wp-content\/uploads\/2021\/12\/cala-de-santa-pola-del-este-santa-pola-768x253.jpg 768w, https:\/\/media.marinalia.es\/wp-content\/uploads\/2021\/12\/cala-de-santa-pola-del-este-santa-pola-1536x506.jpg 1536w, https:\/\/media.marinalia.es\/wp-content\/uploads\/2021\/12\/cala-de-santa-pola-del-este-santa-pola-18x6.jpg 18w, https:\/\/media.marinalia.es\/wp-content\/uploads\/2021\/12\/cala-de-santa-pola-del-este-santa-pola.jpg 1820w\" data-sizes=\"(max-width: 1024px) 100vw, 1024px\" src=\"data:image\/gif;base64,R0lGODlhAQABAAAAACH5BAEKAAEALAAAAAABAAEAAAICTAEAOw==\" style=\"--smush-placeholder-width: 1024px; --smush-placeholder-aspect-ratio: 1024\/338;\" \/><\/div>\n\t\t<\/a>\n\t\t\t\t<div class=\"elementor-post__text\">\n\t\t\t\t<h4 class=\"elementor-post__title\">\n\t\t\t<a href=\"https:\/\/media.marinalia.es\/fr\/blog\/calas-de-santa-pola-del-este\/\">\n\t\t\t\tCalas de Santa Pola del Este\t\t\t<\/a>\n\t\t<\/h4>\n\t\t\t\t<\/div>\n\t\t\t\t<\/article>\n\t\t\t\t<\/div>\n\n\n\t\t\n\t\t\t\t\t\t<\/div>\n\t\t\t\t<\/div>\n\t\t\t\t<div class=\"elementor-element elementor-element-b05bed8 elementor-widget elementor-widget-spacer\" data-id=\"b05bed8\" data-element_type=\"widget\" data-e-type=\"widget\" data-widget_type=\"spacer.default\">\n\t\t\t\t\t\t\t<div class=\"elementor-spacer\">\n\t\t\t<div class=\"elementor-spacer-inner\"><\/div>\n\t\t<\/div>\n\t\t\t\t\t\t<\/div>\n\t\t\t\t\t<\/div>\n\t\t<\/div>\n\t\t\t\t\t<\/div>\n\t\t<\/section>\n\t\t\t\t<\/div>","protected":false},"excerpt":{"rendered":"<p>La ville de Teulada-Moraira, \u00e0 Alicante, est l'une des destinations touristiques les plus populaires de la r\u00e9gion. Cela est d\u00fb au fait qu'elle est<\/p>","protected":false},"author":1,"featured_media":3042,"comment_status":"closed","ping_status":"closed","sticky":false,"template":"","format":"standard","meta":{"site-sidebar-layout":"default","site-content-layout":"default","ast-site-content-layout":"default","site-content-style":"default","site-sidebar-style":"default","ast-global-header-display":"","ast-banner-title-visibility":"","ast-main-header-display":"","ast-hfb-above-header-display":"","ast-hfb-below-header-display":"","ast-hfb-mobile-header-display":"","site-post-title":"","ast-breadcrumbs-content":"","ast-featured-img":"","footer-sml-layout":"","ast-disable-related-posts":"","theme-transparent-header-meta":"default","adv-header-id-meta":"","stick-header-meta":"","header-above-stick-meta":"","header-main-stick-meta":"","header-below-stick-meta":"","astra-migrate-meta-layouts":"default","ast-page-background-enabled":"default","ast-page-background-meta":{"desktop":{"background-color":"var(--ast-global-color-4)","background-image":"","background-repeat":"repeat","background-position":"center center","background-size":"auto","background-attachment":"scroll","background-type":"","background-media":"","overlay-type":"","overlay-color":"","overlay-opacity":"","overlay-gradient":""},"tablet":{"background-color":"","background-image":"","background-repeat":"repeat","background-position":"center center","background-size":"auto","background-attachment":"scroll","background-type":"","background-media":"","overlay-type":"","overlay-color":"","overlay-opacity":"","overlay-gradient":""},"mobile":{"background-color":"","background-image":"","background-repeat":"repeat","background-position":"center center","background-size":"auto","background-attachment":"scroll","background-type":"","background-media":"","overlay-type":"","overlay-color":"","overlay-opacity":"","overlay-gradient":""}},"ast-content-background-meta":{"desktop":{"background-color":"var(--ast-global-color-5)","background-image":"","background-repeat":"repeat","background-position":"center center","background-size":"auto","background-attachment":"scroll","background-type":"","background-media":"","overlay-type":"","overlay-color":"","overlay-opacity":"","overlay-gradient":""},"tablet":{"background-color":"var(--ast-global-color-5)","background-image":"","background-repeat":"repeat","background-position":"center center","background-size":"auto","background-attachment":"scroll","background-type":"","background-media":"","overlay-type":"","overlay-color":"","overlay-opacity":"","overlay-gradient":""},"mobile":{"background-color":"var(--ast-global-color-5)","background-image":"","background-repeat":"repeat","background-position":"center center","background-size":"auto","background-attachment":"scroll","background-type":"","background-media":"","overlay-type":"","overlay-color":"","overlay-opacity":"","overlay-gradient":""}},"_joinchat":[],"footnotes":""},"categories":[5],"tags":[],"class_list":["post-2992","post","type-post","status-publish","format-standard","has-post-thumbnail","hentry","category-playas-alicante"],"_links":{"self":[{"href":"https:\/\/media.marinalia.es\/fr\/wp-json\/wp\/v2\/posts\/2992","targetHints":{"allow":["GET"]}}],"collection":[{"href":"https:\/\/media.marinalia.es\/fr\/wp-json\/wp\/v2\/posts"}],"about":[{"href":"https:\/\/media.marinalia.es\/fr\/wp-json\/wp\/v2\/types\/post"}],"author":[{"embeddable":true,"href":"https:\/\/media.marinalia.es\/fr\/wp-json\/wp\/v2\/users\/1"}],"replies":[{"embeddable":true,"href":"https:\/\/media.marinalia.es\/fr\/wp-json\/wp\/v2\/comments?post=2992"}],"version-history":[{"count":0,"href":"https:\/\/media.marinalia.es\/fr\/wp-json\/wp\/v2\/posts\/2992\/revisions"}],"wp:featuredmedia":[{"embeddable":true,"href":"https:\/\/media.marinalia.es\/fr\/wp-json\/wp\/v2\/media\/3042"}],"wp:attachment":[{"href":"https:\/\/media.marinalia.es\/fr\/wp-json\/wp\/v2\/media?parent=2992"}],"wp:term":[{"taxonomy":"category","embeddable":true,"href":"https:\/\/media.marinalia.es\/fr\/wp-json\/wp\/v2\/categories?post=2992"},{"taxonomy":"post_tag","embeddable":true,"href":"https:\/\/media.marinalia.es\/fr\/wp-json\/wp\/v2\/tags?post=2992"}],"curies":[{"name":"wp","href":"https:\/\/api.w.org\/{rel}","templated":true}]}}