{"id":2835,"date":"2022-03-24T11:36:51","date_gmt":"2022-03-24T10:36:51","guid":{"rendered":"https:\/\/media.marinalia.es\/?p=2835"},"modified":"2022-07-07T14:06:46","modified_gmt":"2022-07-07T13:06:46","slug":"qui-est-la-plage-bleue-de-lete","status":"publish","type":"post","link":"https:\/\/media.marinalia.es\/fr\/blog\/qui-est-la-plage-bleue-de-lete\/","title":{"rendered":"Qu'est-ce que la plage bleue de l'\u00e9t\u00e9 ? Elle est situ\u00e9e \u00e0 Nerja et nous vous en disons plus."},"content":{"rendered":"<div data-elementor-type=\"wp-post\" data-elementor-id=\"2835\" class=\"elementor elementor-2835\">\n\t\t\t\t\t\t<section class=\"elementor-section elementor-top-section elementor-element elementor-element-f40dec5 elementor-section-boxed elementor-section-height-default elementor-section-height-default\" data-id=\"f40dec5\" data-element_type=\"section\" data-e-type=\"section\">\n\t\t\t\t\t\t<div class=\"elementor-container elementor-column-gap-default\">\n\t\t\t\t\t<div class=\"elementor-column elementor-col-100 elementor-top-column elementor-element elementor-element-10b4f52\" data-id=\"10b4f52\" data-element_type=\"column\" data-e-type=\"column\">\n\t\t\t<div class=\"elementor-widget-wrap elementor-element-populated\">\n\t\t\t\t\t\t<div class=\"elementor-element elementor-element-2a56818 elementor-widget elementor-widget-text-editor\" data-id=\"2a56818\" data-element_type=\"widget\" data-e-type=\"widget\" data-widget_type=\"text-editor.default\">\n\t\t\t\t\t\t\t\t\t<p>Le spectaculaire belv\u00e9d\u00e8re de Nerja (Malaga) est situ\u00e9 dans l'un des plus beaux coins de Malaga, c'est donc un endroit tr\u00e8s visit\u00e9, et ce n'est pas \u00e9tonnant, il offre des vues incroyables sur la mer M\u00e9diterran\u00e9e. En plus d'\u00eatre au centre, vous pouvez vous promener dans les rues, boire un verre tranquillement en regardant le soleil se coucher ou prendre une photo avec la c\u00e9l\u00e8bre statue du roi Alfonso XII. Certains d'entre vous connaissent peut-\u00eatre un peu cet endroit, car c'est \u00e0 Nerja qu'a \u00e9t\u00e9 tourn\u00e9e une grande partie de la s\u00e9rie t\u00e9l\u00e9vis\u00e9e \"Verano Azul\".<\/p><p>Nerja est l'une des villes de Malaga qui offre \u00e0 ses visiteurs les sites les plus spectaculaires. Sa c\u00e9l\u00e8bre <a href=\"https:\/\/media.marinalia.es\/fr\/blog\/falaises-de-maro\/\">Maro Cliff<\/a> ou le <a href=\"https:\/\/media.marinalia.es\/fr\/blog\/comment-trouver-la-cascade-de-maro\/\">Chute d'eau de Maro<\/a>.<\/p>\t\t\t\t\t\t\t\t<\/div>\n\t\t\t\t\t<\/div>\n\t\t<\/div>\n\t\t\t\t\t<\/div>\n\t\t<\/section>\n\t\t\t\t<section class=\"elementor-section elementor-top-section elementor-element elementor-element-6389e0a elementor-section-boxed elementor-section-height-default elementor-section-height-default\" data-id=\"6389e0a\" data-element_type=\"section\" data-e-type=\"section\">\n\t\t\t\t\t\t<div class=\"elementor-container elementor-column-gap-default\">\n\t\t\t\t\t<div class=\"elementor-column elementor-col-100 elementor-top-column elementor-element elementor-element-e57aa74\" data-id=\"e57aa74\" data-element_type=\"column\" data-e-type=\"column\">\n\t\t\t<div class=\"elementor-widget-wrap elementor-element-populated\">\n\t\t\t\t\t\t<div class=\"elementor-element elementor-element-051e0c0 elementor-widget elementor-widget-spacer\" data-id=\"051e0c0\" data-element_type=\"widget\" data-e-type=\"widget\" data-widget_type=\"spacer.default\">\n\t\t\t\t\t\t\t<div class=\"elementor-spacer\">\n\t\t\t<div class=\"elementor-spacer-inner\"><\/div>\n\t\t<\/div>\n\t\t\t\t\t\t<\/div>\n\t\t\t\t\t<\/div>\n\t\t<\/div>\n\t\t\t\t\t<\/div>\n\t\t<\/section>\n\t\t\t\t<section class=\"elementor-section elementor-top-section elementor-element elementor-element-eb7229a elementor-section-content-middle elementor-section-boxed elementor-section-height-default elementor-section-height-default\" data-id=\"eb7229a\" data-element_type=\"section\" data-e-type=\"section\">\n\t\t\t\t\t\t<div class=\"elementor-container elementor-column-gap-default\">\n\t\t\t\t\t<div class=\"elementor-column elementor-col-100 elementor-top-column elementor-element elementor-element-c01fca3\" data-id=\"c01fca3\" data-element_type=\"column\" data-e-type=\"column\">\n\t\t\t<div class=\"elementor-widget-wrap elementor-element-populated\">\n\t\t\t\t\t\t<div class=\"elementor-element elementor-element-ee6f5e7 elementor-widget elementor-widget-shortcode\" data-id=\"ee6f5e7\" data-element_type=\"widget\" data-e-type=\"widget\" data-widget_type=\"shortcode.default\">\n\t\t\t\t\t\t\t<div class=\"elementor-shortcode\"><blockquote class=\"instagram-media\" data-instgrm-captioned data-instgrm-permalink=\"https:\/\/www.instagram.com\/p\/Cbb-9F4DVby\/\" data-instgrm-version=\"14\" style=\" background:#FFF; border:0; border-radius:3px; box-shadow:0 0 1px 0 rgba(0,0,0,0.5),0 1px 10px 0 rgba(0,0,0,0.15); margin: 1px; max-width:540px; min-width:326px; padding:0; width:99.375%; width:-webkit-calc(100% - 2px); width:calc(100% - 2px);\"><div style=\"padding:16px;\"> <a href=\"https:\/\/www.instagram.com\/p\/CTc0ERLjqzS\/?utm_source=ig_embed&amp;utm_campaign=loading\" style=\" background:#FFFFFF; line-height:0; padding:0 0; text-align:center; text-decoration:none; width:100%;\" target=\"_blank\" rel=\"noopener\"> <div style=\" display: flex; flex-direction: row; align-items: center;\"> <div style=\"background-color: #F4F4F4; border-radius: 50%; flex-grow: 0; height: 40px; margin-right: 14px; width: 40px;\"><\/div> <div style=\"display: flex; flex-direction: column; flex-grow: 1; justify-content: center;\"> <div style=\" background-color: #F4F4F4; border-radius: 4px; flex-grow: 0; height: 14px; margin-bottom: 6px; width: 100px;\"><\/div> <div style=\" background-color: #F4F4F4; border-radius: 4px; flex-grow: 0; height: 14px; width: 60px;\"><\/div><\/div><\/div><div style=\"padding: 19% 0;\"><\/div> <div style=\"display:block; height:50px; margin:0 auto 12px; width:50px;\"><svg width=\"50px\" height=\"50px\" viewbox=\"0 0 60 60\" version=\"1.1\" xmlns=\"https:\/\/www.w3.org\/2000\/svg\" xmlns:xlink=\"https:\/\/www.w3.org\/1999\/xlink\"><g stroke=\"none\" stroke-width=\"1\" fill=\"none\" fill-rule=\"evenodd\"><g transform=\"translate(-511.000000, -20.000000)\" fill=\"#000000\"><g><path d=\"M556.869,30.41 C554.814,30.41 553.148,32.076 553.148,34.131 C553.148,36.186 554.814,37.852 556.869,37.852 C558.924,37.852 560.59,36.186 560.59,34.131 C560.59,32.076 558.924,30.41 556.869,30.41 M541,60.657 C535.114,60.657 530.342,55.887 530.342,50 C530.342,44.114 535.114,39.342 541,39.342 C546.887,39.342 551.658,44.114 551.658,50 C551.658,55.887 546.887,60.657 541,60.657 M541,33.886 C532.1,33.886 524.886,41.1 524.886,50 C524.886,58.899 532.1,66.113 541,66.113 C549.9,66.113 557.115,58.899 557.115,50 C557.115,41.1 549.9,33.886 541,33.886 M565.378,62.101 C565.244,65.022 564.756,66.606 564.346,67.663 C563.803,69.06 563.154,70.057 562.106,71.106 C561.058,72.155 560.06,72.803 558.662,73.347 C557.607,73.757 556.021,74.244 553.102,74.378 C549.944,74.521 548.997,74.552 541,74.552 C533.003,74.552 532.056,74.521 528.898,74.378 C525.979,74.244 524.393,73.757 523.338,73.347 C521.94,72.803 520.942,72.155 519.894,71.106 C518.846,70.057 518.197,69.06 517.654,67.663 C517.244,66.606 516.755,65.022 516.623,62.101 C516.479,58.943 516.448,57.996 516.448,50 C516.448,42.003 516.479,41.056 516.623,37.899 C516.755,34.978 517.244,33.391 517.654,32.338 C518.197,30.938 518.846,29.942 519.894,28.894 C520.942,27.846 521.94,27.196 523.338,26.654 C524.393,26.244 525.979,25.756 528.898,25.623 C532.057,25.479 533.004,25.448 541,25.448 C548.997,25.448 549.943,25.479 553.102,25.623 C556.021,25.756 557.607,26.244 558.662,26.654 C560.06,27.196 561.058,27.846 562.106,28.894 C563.154,29.942 563.803,30.938 564.346,32.338 C564.756,33.391 565.244,34.978 565.378,37.899 C565.522,41.056 565.552,42.003 565.552,50 C565.552,57.996 565.522,58.943 565.378,62.101 M570.82,37.631 C570.674,34.438 570.167,32.258 569.425,30.349 C568.659,28.377 567.633,26.702 565.965,25.035 C564.297,23.368 562.623,22.342 560.652,21.575 C558.743,20.834 556.562,20.326 553.369,20.18 C550.169,20.033 549.148,20 541,20 C532.853,20 531.831,20.033 528.631,20.18 C525.438,20.326 523.257,20.834 521.349,21.575 C519.376,22.342 517.703,23.368 516.035,25.035 C514.368,26.702 513.342,28.377 512.574,30.349 C511.834,32.258 511.326,34.438 511.181,37.631 C511.035,40.831 511,41.851 511,50 C511,58.147 511.035,59.17 511.181,62.369 C511.326,65.562 511.834,67.743 512.574,69.651 C513.342,71.625 514.368,73.296 516.035,74.965 C517.703,76.634 519.376,77.658 521.349,78.425 C523.257,79.167 525.438,79.673 528.631,79.82 C531.831,79.965 532.853,80.001 541,80.001 C549.148,80.001 550.169,79.965 553.369,79.82 C556.562,79.673 558.743,79.167 560.652,78.425 C562.623,77.658 564.297,76.634 565.965,74.965 C567.633,73.296 568.659,71.625 569.425,69.651 C570.167,67.743 570.674,65.562 570.82,62.369 C570.966,59.17 571,58.147 571,50 C571,41.851 570.966,40.831 570.82,37.631\"><\/path><\/g><\/g><\/g><\/svg><\/div><div style=\"padding-top: 8px;\"> <div style=\" color:#3897f0; font-family:Arial,sans-serif; font-size:14px; font-style:normal; font-weight:550; line-height:18px;\">Voir ce message sur Instagram<\/div><\/div><div style=\"padding: 12.5% 0;\"><\/div> <div style=\"display: flex; flex-direction: row; margin-bottom: 14px; align-items: center;\"><div> <div style=\"background-color: #F4F4F4; border-radius: 50%; height: 12.5px; width: 12.5px; transform: translateX(0px) translateY(7px);\"><\/div> <div style=\"background-color: #F4F4F4; height: 12.5px; transform: rotate(-45deg) translateX(3px) translateY(1px); width: 12.5px; flex-grow: 0; margin-right: 14px; margin-left: 2px;\"><\/div> <div style=\"background-color: #F4F4F4; border-radius: 50%; height: 12.5px; width: 12.5px; transform: translateX(9px) translateY(-18px);\"><\/div><\/div><div style=\"margin-left: 8px;\"> <div style=\" background-color: #F4F4F4; border-radius: 50%; flex-grow: 0; height: 20px; width: 20px;\"><\/div> <div style=\" width: 0; height: 0; border-top: 2px solid transparent; border-left: 6px solid #f4f4f4; border-bottom: 2px solid transparent; transform: translateX(16px) translateY(-4px) rotate(30deg)\"><\/div><\/div><div style=\"margin-left: auto;\"> <div style=\" width: 0px; border-top: 8px solid #F4F4F4; border-right: 8px solid transparent; transform: translateY(16px);\"><\/div> <div style=\" background-color: #F4F4F4; flex-grow: 0; height: 12px; width: 16px; transform: translateY(-4px);\"><\/div> <div style=\" width: 0; height: 0; border-top: 8px solid #F4F4F4; border-left: 8px solid transparent; transform: translateY(-4px) translateX(8px);\"><\/div><\/div><\/div> <div style=\"display: flex; flex-direction: column; flex-grow: 1; justify-content: center; margin-bottom: 24px;\"> <div style=\" background-color: #F4F4F4; border-radius: 4px; flex-grow: 0; height: 14px; margin-bottom: 6px; width: 224px;\"><\/div> <div style=\" background-color: #F4F4F4; border-radius: 4px; flex-grow: 0; height: 14px; width: 144px;\"><\/div><\/div><\/a><p style=\" color:#c9c8cd; font-family:Arial,sans-serif; font-size:14px; line-height:17px; margin-bottom:0; margin-top:8px; overflow:hidden; padding:8px 0 7px; text-align:center; text-overflow:ellipsis; white-space:nowrap;\"><a href=\"https:\/\/www.instagram.com\/p\/CTc0ERLjqzS\/?utm_source=ig_embed&amp;utm_campaign=loading\" style=\" color:#c9c8cd; font-family:Arial,sans-serif; font-size:14px; font-style:normal; font-weight:normal; line-height:17px; text-decoration:none;\" target=\"_blank\" rel=\"noopener\">A post shared by Alex C Fotografia (@alextivenys)<\/a><\/p><\/div><\/blockquote> <script async src=\"\/\/www.instagram.com\/embed.js\"><\/script><\/div>\n\t\t\t\t\t\t<\/div>\n\t\t\t\t\t<\/div>\n\t\t<\/div>\n\t\t\t\t\t<\/div>\n\t\t<\/section>\n\t\t\t\t<section class=\"elementor-section elementor-top-section elementor-element elementor-element-161a4f3 elementor-section-boxed elementor-section-height-default elementor-section-height-default\" data-id=\"161a4f3\" data-element_type=\"section\" data-e-type=\"section\">\n\t\t\t\t\t\t<div class=\"elementor-container elementor-column-gap-default\">\n\t\t\t\t\t<div class=\"elementor-column elementor-col-100 elementor-top-column elementor-element elementor-element-fa91645\" data-id=\"fa91645\" data-element_type=\"column\" data-e-type=\"column\">\n\t\t\t<div class=\"elementor-widget-wrap elementor-element-populated\">\n\t\t\t\t\t\t<div class=\"elementor-element elementor-element-9ea9882 elementor-widget elementor-widget-heading\" data-id=\"9ea9882\" data-element_type=\"widget\" data-e-type=\"widget\" data-widget_type=\"heading.default\">\n\t\t\t\t\t<h1 class=\"elementor-heading-title elementor-size-default\">La plage bleue d'\u00e9t\u00e9 et ses itin\u00e9raires autour de Nerja<\/h1>\t\t\t\t<\/div>\n\t\t\t\t\t<\/div>\n\t\t<\/div>\n\t\t\t\t\t<\/div>\n\t\t<\/section>\n\t\t\t\t<section class=\"elementor-section elementor-top-section elementor-element elementor-element-149d3e2 elementor-section-boxed elementor-section-height-default elementor-section-height-default\" data-id=\"149d3e2\" data-element_type=\"section\" data-e-type=\"section\">\n\t\t\t\t\t\t<div class=\"elementor-container elementor-column-gap-default\">\n\t\t\t\t\t<div class=\"elementor-column elementor-col-100 elementor-top-column elementor-element elementor-element-b2f0f6d\" data-id=\"b2f0f6d\" data-element_type=\"column\" data-e-type=\"column\">\n\t\t\t<div class=\"elementor-widget-wrap elementor-element-populated\">\n\t\t\t\t\t\t<div class=\"elementor-element elementor-element-cdb1189 elementor-widget elementor-widget-text-editor\" data-id=\"cdb1189\" data-element_type=\"widget\" data-e-type=\"widget\" data-widget_type=\"text-editor.default\">\n\t\t\t\t\t\t\t\t\t<p>Il y a beaucoup de fans de la plage, et nous savons que les voyageurs et les aventuriers le sont aussi, qui ont d\u00e9cid\u00e9 de visiter toute cette zone de Nerja o\u00f9 ils ont film\u00e9 les sc\u00e8nes de la plage bleue de l'\u00e9t\u00e9 et beaucoup d'autres sc\u00e8nes dans d'autres endroits sp\u00e9cifiques. Une visite de cette zone vous ram\u00e8nera aux ann\u00e9es 80 et \u00e0 votre enfance ou pr\u00e9adolescence.<\/p><p>Une fois que vous y serez et que vous commencerez \u00e0 vous promener, vous aurez des flashbacks sympas, et nous vous recommandons, en plus du parcours, de faire certaines des activit\u00e9s que ce groupe d'amis a faites en haute mer (bien qu'il y ait aujourd'hui des options plus \"modernes\", comme les jet-skis, les skis \u00e0 r\u00e9action, etc.) <a href=\"https:\/\/marinalia.es\/deportes-de-aventura\/excursiones-en-el-mar\/excursiones-en-kayak\/994-ruta-kayak-acantilados-de-maro-nerja.html\" target=\"_blank\" rel=\"noopener\">Itin\u00e9raires en kayak \u00e0 Nerja<\/a>. En voici quelques-unes <a href=\"https:\/\/marinalia.es\/168-actividades-nerja\" target=\"_blank\" rel=\"noopener\">activit\u00e9s nautiques \u00e0 Nerja.<\/a><\/p>\t\t\t\t\t\t\t\t<\/div>\n\t\t\t\t\t<\/div>\n\t\t<\/div>\n\t\t\t\t\t<\/div>\n\t\t<\/section>\n\t\t\t\t<section class=\"elementor-section elementor-top-section elementor-element elementor-element-8e7e3b6 elementor-section-boxed elementor-section-height-default elementor-section-height-default\" data-id=\"8e7e3b6\" data-element_type=\"section\" data-e-type=\"section\">\n\t\t\t\t\t\t<div class=\"elementor-container elementor-column-gap-default\">\n\t\t\t\t\t<div class=\"elementor-column elementor-col-100 elementor-top-column elementor-element elementor-element-54d35ee\" data-id=\"54d35ee\" data-element_type=\"column\" data-e-type=\"column\">\n\t\t\t<div class=\"elementor-widget-wrap elementor-element-populated\">\n\t\t\t\t\t\t<div class=\"elementor-element elementor-element-d0c71e1 elementor-widget elementor-widget-image\" data-id=\"d0c71e1\" data-element_type=\"widget\" data-e-type=\"widget\" data-widget_type=\"image.default\">\n\t\t\t\t\t\t\t\t\t\t\t\t\t\t\t\t<a href=\"https:\/\/marinalia.es\/deportes-de-aventura\/excursiones-en-el-mar\/excursiones-en-kayak\/994-ruta-kayak-acantilados-de-maro-nerja.html\" target=\"_blank\" rel=\"noopener\">\n\t\t\t\t\t\t\t<img fetchpriority=\"high\" decoding=\"async\" width=\"287\" height=\"310\" src=\"https:\/\/media.marinalia.es\/wp-content\/uploads\/2022\/04\/kayak-nerja.png\" class=\"attachment-large size-large wp-image-4722\" alt=\"kayak nerja\" srcset=\"https:\/\/media.marinalia.es\/wp-content\/uploads\/2022\/04\/kayak-nerja.png 287w, https:\/\/media.marinalia.es\/wp-content\/uploads\/2022\/04\/kayak-nerja-278x300.png 278w\" sizes=\"(max-width: 287px) 100vw, 287px\" \/>\t\t\t\t\t\t\t\t<\/a>\n\t\t\t\t\t\t\t\t\t\t\t\t\t\t\t<\/div>\n\t\t\t\t\t<\/div>\n\t\t<\/div>\n\t\t\t\t\t<\/div>\n\t\t<\/section>\n\t\t\t\t<section class=\"elementor-section elementor-top-section elementor-element elementor-element-b8560fe elementor-section-boxed elementor-section-height-default elementor-section-height-default\" data-id=\"b8560fe\" data-element_type=\"section\" data-e-type=\"section\">\n\t\t\t\t\t\t<div class=\"elementor-container elementor-column-gap-default\">\n\t\t\t\t\t<div class=\"elementor-column elementor-col-100 elementor-top-column elementor-element elementor-element-581e31d\" data-id=\"581e31d\" data-element_type=\"column\" data-e-type=\"column\">\n\t\t\t<div class=\"elementor-widget-wrap elementor-element-populated\">\n\t\t\t\t\t\t<div class=\"elementor-element elementor-element-c83cf3d elementor-widget elementor-widget-text-editor\" data-id=\"c83cf3d\" data-element_type=\"widget\" data-e-type=\"widget\" data-widget_type=\"text-editor.default\">\n\t\t\t\t\t\t\t\t\t<p><span style=\"font-weight: 400;\">Apr\u00e8s plus de 40 ans, la mairie de Nerja a cr\u00e9\u00e9 une route touristique avec les lieux les plus embl\u00e9matiques o\u00f9 la s\u00e9rie a \u00e9t\u00e9 tourn\u00e9e, o\u00f9 vous pouvez conna\u00eetre les lieux de tournage et qui sont les plages de Verano Azul. Cette route commence au mirador du centre de Nerja (point de rencontre de la bande de Chanquete), o\u00f9 vous trouverez une statue de Chanquete lui-m\u00eame, o\u00f9 vous pourrez poser et vous faire photographier.\u00a0<\/span><\/p>\t\t\t\t\t\t\t\t<\/div>\n\t\t\t\t\t<\/div>\n\t\t<\/div>\n\t\t\t\t\t<\/div>\n\t\t<\/section>\n\t\t\t\t<section class=\"elementor-section elementor-top-section elementor-element elementor-element-97ef4a8 elementor-section-boxed elementor-section-height-default elementor-section-height-default\" data-id=\"97ef4a8\" data-element_type=\"section\" data-e-type=\"section\">\n\t\t\t\t\t\t<div class=\"elementor-container elementor-column-gap-default\">\n\t\t\t\t\t<div class=\"elementor-column elementor-col-100 elementor-top-column elementor-element elementor-element-35c01a7\" data-id=\"35c01a7\" data-element_type=\"column\" data-e-type=\"column\">\n\t\t\t<div class=\"elementor-widget-wrap elementor-element-populated\">\n\t\t\t\t\t\t<div class=\"elementor-element elementor-element-9dbb507 elementor-widget elementor-widget-heading\" data-id=\"9dbb507\" data-element_type=\"widget\" data-e-type=\"widget\" data-widget_type=\"heading.default\">\n\t\t\t\t\t<h1 class=\"elementor-heading-title elementor-size-default\">Lieux \u00e0 Nerja qui ont \u00e9t\u00e9 pr\u00e9sent\u00e9s dans Verano Azul<\/h1>\t\t\t\t<\/div>\n\t\t\t\t\t<\/div>\n\t\t<\/div>\n\t\t\t\t\t<\/div>\n\t\t<\/section>\n\t\t\t\t<section class=\"elementor-section elementor-top-section elementor-element elementor-element-19094d6 elementor-section-boxed elementor-section-height-default elementor-section-height-default\" data-id=\"19094d6\" data-element_type=\"section\" data-e-type=\"section\">\n\t\t\t\t\t\t<div class=\"elementor-container elementor-column-gap-default\">\n\t\t\t\t\t<div class=\"elementor-column elementor-col-100 elementor-top-column elementor-element elementor-element-a10c804\" data-id=\"a10c804\" data-element_type=\"column\" data-e-type=\"column\">\n\t\t\t<div class=\"elementor-widget-wrap elementor-element-populated\">\n\t\t\t\t\t\t<div class=\"elementor-element elementor-element-9672a8a elementor-widget elementor-widget-text-editor\" data-id=\"9672a8a\" data-element_type=\"widget\" data-e-type=\"widget\" data-widget_type=\"text-editor.default\">\n\t\t\t\t\t\t\t\t\t<p>Saviez-vous qu'\u00e0 Nerja, vous trouverez non seulement les plages du Verano Azul, mais aussi une r\u00e9plique du bateau de la Dorada, Chanquete ? Ce petit bateau \u00e9tait situ\u00e9 sur une falaise au-dessus de la plage de Burriana. C'est sur la plage de Burriana qu'Antonio Mercero, le r\u00e9alisateur de la s\u00e9rie, a d\u00e9cid\u00e9 d'installer son \"quartier g\u00e9n\u00e9ral\". En effet, dans la <br \/>Saviez-vous qu'\u00e0 Nerja, vous trouverez non seulement les plages du Verano Azul, mais aussi une r\u00e9plique du bateau de la Dorada, Chanquete ? Ce petit bateau \u00e9tait situ\u00e9 sur une falaise au-dessus de la plage de Burriana. C'est sur la plage de Burriana qu'Antonio Mercero, le r\u00e9alisateur de la s\u00e9rie, a d\u00e9cid\u00e9 d'installer son \"quartier g\u00e9n\u00e9ral\". En effet, sur le Paseo Mar\u00edtimo d'Antonio Mercero se trouve la chaise du r\u00e9alisateur transform\u00e9e en sculpture.<\/p>\t\t\t\t\t\t\t\t<\/div>\n\t\t\t\t\t<\/div>\n\t\t<\/div>\n\t\t\t\t\t<\/div>\n\t\t<\/section>\n\t\t\t\t<section class=\"elementor-section elementor-top-section elementor-element elementor-element-a970fec elementor-section-boxed elementor-section-height-default elementor-section-height-default\" data-id=\"a970fec\" data-element_type=\"section\" data-e-type=\"section\">\n\t\t\t\t\t\t<div class=\"elementor-container elementor-column-gap-default\">\n\t\t\t\t\t<div class=\"elementor-column elementor-col-100 elementor-top-column elementor-element elementor-element-089a1e7\" data-id=\"089a1e7\" data-element_type=\"column\" data-e-type=\"column\">\n\t\t\t<div class=\"elementor-widget-wrap elementor-element-populated\">\n\t\t\t\t\t\t<div class=\"elementor-element elementor-element-90c1112 elementor-widget elementor-widget-image\" data-id=\"90c1112\" data-element_type=\"widget\" data-e-type=\"widget\" data-widget_type=\"image.default\">\n\t\t\t\t\t\t\t\t\t\t\t\t\t\t\t<img decoding=\"async\" width=\"600\" height=\"400\" data-src=\"https:\/\/media.marinalia.es\/wp-content\/uploads\/2022\/03\/1202011063289167.8ucrjLpNhTjKrwL1yWfr_height640.png\" class=\"attachment-large size-large wp-image-2856 lazyload\" alt=\"1202011063289167.8ucrjLpNhTjKrwL1yWfr height640\" data-srcset=\"https:\/\/media.marinalia.es\/wp-content\/uploads\/2022\/03\/1202011063289167.8ucrjLpNhTjKrwL1yWfr_height640.png 600w, https:\/\/media.marinalia.es\/wp-content\/uploads\/2022\/03\/1202011063289167.8ucrjLpNhTjKrwL1yWfr_height640-300x200.png 300w\" data-sizes=\"(max-width: 600px) 100vw, 600px\" src=\"data:image\/gif;base64,R0lGODlhAQABAAAAACH5BAEKAAEALAAAAAABAAEAAAICTAEAOw==\" style=\"--smush-placeholder-width: 600px; --smush-placeholder-aspect-ratio: 600\/400;\" \/>\t\t\t\t\t\t\t\t\t\t\t\t\t\t\t<\/div>\n\t\t\t\t\t<\/div>\n\t\t<\/div>\n\t\t\t\t\t<\/div>\n\t\t<\/section>\n\t\t\t\t<section class=\"elementor-section elementor-top-section elementor-element elementor-element-e3d6303 elementor-section-boxed elementor-section-height-default elementor-section-height-default\" data-id=\"e3d6303\" data-element_type=\"section\" data-e-type=\"section\">\n\t\t\t\t\t\t<div class=\"elementor-container elementor-column-gap-default\">\n\t\t\t\t\t<div class=\"elementor-column elementor-col-100 elementor-top-column elementor-element elementor-element-107de16\" data-id=\"107de16\" data-element_type=\"column\" data-e-type=\"column\">\n\t\t\t<div class=\"elementor-widget-wrap elementor-element-populated\">\n\t\t\t\t\t\t<div class=\"elementor-element elementor-element-3bdc3f9 elementor-widget elementor-widget-text-editor\" data-id=\"3bdc3f9\" data-element_type=\"widget\" data-e-type=\"widget\" data-widget_type=\"text-editor.default\">\n\t\t\t\t\t\t\t\t\t<p><span style=\"font-weight: 400;\">Apr\u00e8s plus de 40 ans, la mairie de Nerja a cr\u00e9\u00e9 une route touristique avec les lieux les plus embl\u00e9matiques o\u00f9 la s\u00e9rie a \u00e9t\u00e9 tourn\u00e9e, o\u00f9 vous pouvez conna\u00eetre les lieux de tournage et qui sont les plages de Verano Azul. Cette route commence au mirador du centre de Nerja (point de rencontre de la bande de Chanquete), o\u00f9 vous trouverez une statue de Chanquete lui-m\u00eame, o\u00f9 vous pourrez poser et vous faire photographier.<\/span><\/p>\t\t\t\t\t\t\t\t<\/div>\n\t\t\t\t\t<\/div>\n\t\t<\/div>\n\t\t\t\t\t<\/div>\n\t\t<\/section>\n\t\t\t\t<section class=\"elementor-section elementor-top-section elementor-element elementor-element-486ffde7 elementor-section-boxed elementor-section-height-default elementor-section-height-default\" data-id=\"486ffde7\" data-element_type=\"section\" data-e-type=\"section\" data-settings=\"{&quot;background_background&quot;:&quot;classic&quot;}\">\n\t\t\t\t\t\t<div class=\"elementor-container elementor-column-gap-default\">\n\t\t\t\t\t<div class=\"elementor-column elementor-col-100 elementor-top-column elementor-element elementor-element-624c85aa\" data-id=\"624c85aa\" data-element_type=\"column\" data-e-type=\"column\">\n\t\t\t<div class=\"elementor-widget-wrap elementor-element-populated\">\n\t\t\t\t\t\t<div class=\"elementor-element elementor-element-5d3bd6dc elementor-author-box--layout-image-above elementor-author-box--align-center elementor-widget elementor-widget-author-box\" data-id=\"5d3bd6dc\" data-element_type=\"widget\" data-e-type=\"widget\" data-widget_type=\"author-box.default\">\n\t\t\t\t<div class=\"elementor-widget-container\">\n\t\t\t\t\t\t\t<div class=\"elementor-author-box\">\n\t\t\t\t\t\t\t<div  class=\"elementor-author-box__avatar\">\n\t\t\t\t\t<img decoding=\"async\" data-src=\"https:\/\/media.marinalia.es\/wp-content\/uploads\/2021\/12\/Imagen-de-perfil-para-redes-sociales-minimalista-con-playa-azul-y-naranja-1.png\" alt=\"Silvia Guti\u00e9rrez\" src=\"data:image\/gif;base64,R0lGODlhAQABAAAAACH5BAEKAAEALAAAAAABAAEAAAICTAEAOw==\" class=\"lazyload\" style=\"--smush-placeholder-width: 288px; --smush-placeholder-aspect-ratio: 288\/288;\">\n\t\t\t\t<\/div>\n\t\t\t\n\t\t\t<div class=\"elementor-author-box__text\">\n\t\t\t\t\t\t\t\t\t<div >\n\t\t\t\t\t\t<span class=\"elementor-author-box__name\">\n\t\t\t\t\t\t\tSilvia Guti\u00e9rrez\t\t\t\t\t\t<\/span>\n\t\t\t\t\t<\/div>\n\t\t\t\t\n\t\t\t\t\n\t\t\t\t\t\t\t<\/div>\n\t\t<\/div>\n\t\t\t\t\t\t<\/div>\n\t\t\t\t<\/div>\n\t\t\t\t<section class=\"elementor-section elementor-inner-section elementor-element elementor-element-5f7cf2b6 elementor-section-boxed elementor-section-height-default elementor-section-height-default\" data-id=\"5f7cf2b6\" data-element_type=\"section\" data-e-type=\"section\">\n\t\t\t\t\t\t<div class=\"elementor-container elementor-column-gap-default\">\n\t\t\t\t\t<div class=\"elementor-column elementor-col-33 elementor-inner-column elementor-element elementor-element-636d5fc\" data-id=\"636d5fc\" data-element_type=\"column\" data-e-type=\"column\">\n\t\t\t<div class=\"elementor-widget-wrap\">\n\t\t\t\t\t\t\t<\/div>\n\t\t<\/div>\n\t\t\t\t<div class=\"elementor-column elementor-col-33 elementor-inner-column elementor-element elementor-element-54346c21\" data-id=\"54346c21\" data-element_type=\"column\" data-e-type=\"column\">\n\t\t\t<div class=\"elementor-widget-wrap elementor-element-populated\">\n\t\t\t\t\t\t<div class=\"elementor-element elementor-element-696c5dae elementor-widget elementor-widget-heading\" data-id=\"696c5dae\" data-element_type=\"widget\" data-e-type=\"widget\" data-widget_type=\"heading.default\">\n\t\t\t\t\t<div class=\"elementor-heading-title elementor-size-default\">Vous voulez savoir quelles sont les activit\u00e9s que vous pouvez faire dans cette r\u00e9gion ?<\/div>\t\t\t\t<\/div>\n\t\t\t\t<div class=\"elementor-element elementor-element-4a9567eb elementor-align-center elementor-widget elementor-widget-button\" data-id=\"4a9567eb\" data-element_type=\"widget\" data-e-type=\"widget\" data-widget_type=\"button.default\">\n\t\t\t\t\t\t\t\t\t\t<a class=\"elementor-button elementor-button-link elementor-size-sm\" href=\"https:\/\/wa.me\/34694467126\/?text=Hola%21%20Quiero%20saber%20qu%C3%A9%20actividades%20puedo%20hacer%20en\" target=\"_blank\" rel=\"noopener\">\n\t\t\t\t\t\t<span class=\"elementor-button-content-wrapper\">\n\t\t\t\t\t\t<span class=\"elementor-button-icon\">\n\t\t\t\t<svg aria-hidden=\"true\" class=\"e-font-icon-svg e-fab-whatsapp\" viewbox=\"0 0 448 512\" xmlns=\"http:\/\/www.w3.org\/2000\/svg\"><path d=\"M380.9 97.1C339 55.1 283.2 32 223.9 32c-122.4 0-222 99.6-222 222 0 39.1 10.2 77.3 29.6 111L0 480l117.7-30.9c32.4 17.7 68.9 27 106.1 27h.1c122.3 0 224.1-99.6 224.1-222 0-59.3-25.2-115-67.1-157zm-157 341.6c-33.2 0-65.7-8.9-94-25.7l-6.7-4-69.8 18.3L72 359.2l-4.4-7c-18.5-29.4-28.2-63.3-28.2-98.2 0-101.7 82.8-184.5 184.6-184.5 49.3 0 95.6 19.2 130.4 54.1 34.8 34.9 56.2 81.2 56.1 130.5 0 101.8-84.9 184.6-186.6 184.6zm101.2-138.2c-5.5-2.8-32.8-16.2-37.9-18-5.1-1.9-8.8-2.8-12.5 2.8-3.7 5.6-14.3 18-17.6 21.8-3.2 3.7-6.5 4.2-12 1.4-32.6-16.3-54-29.1-75.5-66-5.7-9.8 5.7-9.1 16.3-30.3 1.8-3.7.9-6.9-.5-9.7-1.4-2.8-12.5-30.1-17.1-41.2-4.5-10.8-9.1-9.3-12.5-9.5-3.2-.2-6.9-.2-10.6-.2-3.7 0-9.7 1.4-14.8 6.9-5.1 5.6-19.4 19-19.4 46.3 0 27.3 19.9 53.7 22.6 57.4 2.8 3.7 39.1 59.7 94.8 83.8 35.2 15.2 49 16.5 66.6 13.9 10.7-1.6 32.8-13.4 37.4-26.4 4.6-13 4.6-24.1 3.2-26.4-1.3-2.5-5-3.9-10.5-6.6z\"><\/path><\/svg>\t\t\t<\/span>\n\t\t\t\t\t\t\t\t\t<span class=\"elementor-button-text\">Envoyez-nous un WhatsApp !<\/span>\n\t\t\t\t\t<\/span>\n\t\t\t\t\t<\/a>\n\t\t\t\t\t\t\t\t<\/div>\n\t\t\t\t\t<\/div>\n\t\t<\/div>\n\t\t\t\t<div class=\"elementor-column elementor-col-33 elementor-inner-column elementor-element elementor-element-339650e8\" data-id=\"339650e8\" data-element_type=\"column\" data-e-type=\"column\">\n\t\t\t<div class=\"elementor-widget-wrap\">\n\t\t\t\t\t\t\t<\/div>\n\t\t<\/div>\n\t\t\t\t\t<\/div>\n\t\t<\/section>\n\t\t\t\t\t<\/div>\n\t\t<\/div>\n\t\t\t\t\t<\/div>\n\t\t<\/section>\n\t\t\t\t<section class=\"elementor-section elementor-top-section elementor-element elementor-element-2969c6c elementor-section-boxed elementor-section-height-default elementor-section-height-default\" data-id=\"2969c6c\" data-element_type=\"section\" data-e-type=\"section\">\n\t\t\t\t\t\t<div class=\"elementor-container elementor-column-gap-default\">\n\t\t\t\t\t<div class=\"elementor-column elementor-col-100 elementor-top-column elementor-element elementor-element-a5712d2\" data-id=\"a5712d2\" data-element_type=\"column\" data-e-type=\"column\">\n\t\t\t<div class=\"elementor-widget-wrap elementor-element-populated\">\n\t\t\t\t\t\t<div class=\"elementor-element elementor-element-b1e9165 elementor-widget elementor-widget-spacer\" data-id=\"b1e9165\" data-element_type=\"widget\" data-e-type=\"widget\" data-widget_type=\"spacer.default\">\n\t\t\t\t\t\t\t<div class=\"elementor-spacer\">\n\t\t\t<div class=\"elementor-spacer-inner\"><\/div>\n\t\t<\/div>\n\t\t\t\t\t\t<\/div>\n\t\t\t\t\t<\/div>\n\t\t<\/div>\n\t\t\t\t\t<\/div>\n\t\t<\/section>\n\t\t\t\t<section class=\"elementor-section elementor-top-section elementor-element elementor-element-11d9a12 elementor-section-boxed elementor-section-height-default elementor-section-height-default\" data-id=\"11d9a12\" data-element_type=\"section\" data-e-type=\"section\">\n\t\t\t\t\t\t<div class=\"elementor-container elementor-column-gap-default\">\n\t\t\t\t\t<div class=\"elementor-column elementor-col-100 elementor-top-column elementor-element elementor-element-21df5a4\" data-id=\"21df5a4\" data-element_type=\"column\" data-e-type=\"column\">\n\t\t\t<div class=\"elementor-widget-wrap elementor-element-populated\">\n\t\t\t\t\t\t<div class=\"elementor-element elementor-element-91e7816 elementor-widget elementor-widget-heading\" data-id=\"91e7816\" data-element_type=\"widget\" data-e-type=\"widget\" data-widget_type=\"heading.default\">\n\t\t\t\t\t<h1 class=\"elementor-heading-title elementor-size-default\">Plage de La Caleta, la plage de l'\u00e9t\u00e9 bleu<\/h1>\t\t\t\t<\/div>\n\t\t\t\t\t<\/div>\n\t\t<\/div>\n\t\t\t\t\t<\/div>\n\t\t<\/section>\n\t\t\t\t<section class=\"elementor-section elementor-top-section elementor-element elementor-element-3fb61af elementor-section-boxed elementor-section-height-default elementor-section-height-default\" data-id=\"3fb61af\" data-element_type=\"section\" data-e-type=\"section\">\n\t\t\t\t\t\t<div class=\"elementor-container elementor-column-gap-default\">\n\t\t\t\t\t<div class=\"elementor-column elementor-col-100 elementor-top-column elementor-element elementor-element-46a71cd\" data-id=\"46a71cd\" data-element_type=\"column\" data-e-type=\"column\">\n\t\t\t<div class=\"elementor-widget-wrap elementor-element-populated\">\n\t\t\t\t\t\t<div class=\"elementor-element elementor-element-659f4d8 elementor-widget elementor-widget-text-editor\" data-id=\"659f4d8\" data-element_type=\"widget\" data-e-type=\"widget\" data-widget_type=\"text-editor.default\">\n\t\t\t\t\t\t\t\t\t<p>Vous souvenez-vous de Cala Chica ? \u00c0 la question \"Quelle est la plage bleue de l'\u00e9t\u00e9 ? <a href=\"https:\/\/media.marinalia.es\/fr\/blog\/lanse-de-maro\/\">Plage de Caleta de Maro<\/a> (Nerja). C'est sur la plage de Caleta qu'a \u00e9t\u00e9 simul\u00e9e la \"Cala Chica\", la plage pr\u00e9f\u00e9r\u00e9e de la bande, o\u00f9 ils jouaient et organisaient leurs aventures. Nous vous laissons ici plus d'informations sur la Caleta de Maro, une plage situ\u00e9e sur les spectaculaires falaises de Maro. Dans cette zone, nous vous recommandons \u00e9galement de visiter les cascades d'eau douce qui se jettent directement dans la mer et laissent une image de carte postale depuis l'eau. Vous pouvez en profiter lors d'une de nos excursions ou en louant un kayak.<\/p><p>Vous souvenez-vous du sauvetage de Javi dans le premier \u00e9pisode ? Cette sc\u00e8ne a \u00e9t\u00e9 film\u00e9e dans les falaises de la r\u00e9gion. Promenez-vous \u00e0 Nerja et \u00e0 Maro et remontez le temps. <\/p>\t\t\t\t\t\t\t\t<\/div>\n\t\t\t\t\t<\/div>\n\t\t<\/div>\n\t\t\t\t\t<\/div>\n\t\t<\/section>\n\t\t\t\t<section class=\"elementor-section elementor-top-section elementor-element elementor-element-09905c4 elementor-section-boxed elementor-section-height-default elementor-section-height-default\" data-id=\"09905c4\" data-element_type=\"section\" data-e-type=\"section\">\n\t\t\t\t\t\t<div class=\"elementor-container elementor-column-gap-default\">\n\t\t\t\t\t<div class=\"elementor-column elementor-col-100 elementor-top-column elementor-element elementor-element-e3243d1\" data-id=\"e3243d1\" data-element_type=\"column\" data-e-type=\"column\">\n\t\t\t<div class=\"elementor-widget-wrap elementor-element-populated\">\n\t\t\t\t\t\t<div class=\"elementor-element elementor-element-86da53e elementor-align-center elementor-widget elementor-widget-button\" data-id=\"86da53e\" data-element_type=\"widget\" data-e-type=\"widget\" data-widget_type=\"button.default\">\n\t\t\t\t\t\t\t\t\t\t<a class=\"elementor-button elementor-button-link elementor-size-sm\" href=\"https:\/\/marinalia.es\/168-actividades-nerja\" target=\"_blank\" rel=\"noopener\">\n\t\t\t\t\t\t<span class=\"elementor-button-content-wrapper\">\n\t\t\t\t\t\t\t\t\t<span class=\"elementor-button-text\">Voir plus d'activit\u00e9s \u00e0 Nerja<\/span>\n\t\t\t\t\t<\/span>\n\t\t\t\t\t<\/a>\n\t\t\t\t\t\t\t\t<\/div>\n\t\t\t\t<div class=\"elementor-element elementor-element-1150866 elementor-widget elementor-widget-spacer\" data-id=\"1150866\" data-element_type=\"widget\" data-e-type=\"widget\" data-widget_type=\"spacer.default\">\n\t\t\t\t\t\t\t<div class=\"elementor-spacer\">\n\t\t\t<div class=\"elementor-spacer-inner\"><\/div>\n\t\t<\/div>\n\t\t\t\t\t\t<\/div>\n\t\t\t\t\t<\/div>\n\t\t<\/div>\n\t\t\t\t\t<\/div>\n\t\t<\/section>\n\t\t\t\t<section class=\"elementor-section elementor-top-section elementor-element elementor-element-28ff7391 elementor-section-boxed elementor-section-height-default elementor-section-height-default\" data-id=\"28ff7391\" data-element_type=\"section\" data-e-type=\"section\">\n\t\t\t\t\t\t<div class=\"elementor-container elementor-column-gap-default\">\n\t\t\t\t\t<div class=\"elementor-column elementor-col-100 elementor-top-column elementor-element elementor-element-7b2e1bd3\" data-id=\"7b2e1bd3\" data-element_type=\"column\" data-e-type=\"column\">\n\t\t\t<div class=\"elementor-widget-wrap elementor-element-populated\">\n\t\t\t\t\t\t<div class=\"elementor-element elementor-element-2045c612 elementor-widget elementor-widget-heading\" data-id=\"2045c612\" data-element_type=\"widget\" data-e-type=\"widget\" data-widget_type=\"heading.default\">\n\t\t\t\t\t<h3 class=\"elementor-heading-title elementor-size-default\">Plus de lieux \u00e0 d\u00e9couvrir<\/h3>\t\t\t\t<\/div>\n\t\t\t\t\t<\/div>\n\t\t<\/div>\n\t\t\t\t\t<\/div>\n\t\t<\/section>\n\t\t\t\t<section class=\"elementor-section elementor-top-section elementor-element elementor-element-1f26b232 elementor-section-boxed elementor-section-height-default elementor-section-height-default\" data-id=\"1f26b232\" data-element_type=\"section\" data-e-type=\"section\">\n\t\t\t\t\t\t<div class=\"elementor-container elementor-column-gap-default\">\n\t\t\t\t\t<div class=\"elementor-column elementor-col-100 elementor-top-column elementor-element elementor-element-23fc9540\" data-id=\"23fc9540\" data-element_type=\"column\" data-e-type=\"column\">\n\t\t\t<div class=\"elementor-widget-wrap elementor-element-populated\">\n\t\t\t\t\t\t<div class=\"elementor-element elementor-element-490ab0f9 elementor-posts--align-center elementor-grid-3 elementor-grid-tablet-2 elementor-grid-mobile-1 elementor-posts--thumbnail-top elementor-widget elementor-widget-posts\" data-id=\"490ab0f9\" data-element_type=\"widget\" data-e-type=\"widget\" data-settings=\"{&quot;classic_columns&quot;:&quot;3&quot;,&quot;classic_columns_tablet&quot;:&quot;2&quot;,&quot;classic_columns_mobile&quot;:&quot;1&quot;,&quot;classic_row_gap&quot;:{&quot;unit&quot;:&quot;px&quot;,&quot;size&quot;:35,&quot;sizes&quot;:[]},&quot;classic_row_gap_tablet&quot;:{&quot;unit&quot;:&quot;px&quot;,&quot;size&quot;:&quot;&quot;,&quot;sizes&quot;:[]},&quot;classic_row_gap_mobile&quot;:{&quot;unit&quot;:&quot;px&quot;,&quot;size&quot;:&quot;&quot;,&quot;sizes&quot;:[]}}\" data-widget_type=\"posts.classic\">\n\t\t\t\t<div class=\"elementor-widget-container\">\n\t\t\t\t\t\t\t<div class=\"elementor-posts-container elementor-posts elementor-posts--skin-classic elementor-grid\">\n\t\t\t\t<article class=\"elementor-post elementor-grid-item post-8095 post type-post status-publish format-standard has-post-thumbnail hentry category-playas-malaga\">\n\t\t\t\t<a class=\"elementor-post__thumbnail__link\" href=\"https:\/\/media.marinalia.es\/fr\/blog\/playa-de-santa-amalia\/\">\n\t\t\t<div class=\"elementor-post__thumbnail\"><img decoding=\"async\" width=\"1024\" height=\"338\" data-src=\"https:\/\/media.marinalia.es\/wp-content\/uploads\/2021\/12\/playa-de-santa-amalia-1024x338.jpg\" class=\"attachment-large size-large wp-image-8110 lazyload\" alt=\"playa de santa amalia\" data-srcset=\"https:\/\/media.marinalia.es\/wp-content\/uploads\/2021\/12\/playa-de-santa-amalia-1024x338.jpg 1024w, https:\/\/media.marinalia.es\/wp-content\/uploads\/2021\/12\/playa-de-santa-amalia-300x99.jpg 300w, https:\/\/media.marinalia.es\/wp-content\/uploads\/2021\/12\/playa-de-santa-amalia-768x253.jpg 768w, https:\/\/media.marinalia.es\/wp-content\/uploads\/2021\/12\/playa-de-santa-amalia-1536x506.jpg 1536w, https:\/\/media.marinalia.es\/wp-content\/uploads\/2021\/12\/playa-de-santa-amalia-18x6.jpg 18w, https:\/\/media.marinalia.es\/wp-content\/uploads\/2021\/12\/playa-de-santa-amalia.jpg 1820w\" data-sizes=\"(max-width: 1024px) 100vw, 1024px\" src=\"data:image\/gif;base64,R0lGODlhAQABAAAAACH5BAEKAAEALAAAAAABAAEAAAICTAEAOw==\" style=\"--smush-placeholder-width: 1024px; --smush-placeholder-aspect-ratio: 1024\/338;\" \/><\/div>\n\t\t<\/a>\n\t\t\t\t<div class=\"elementor-post__text\">\n\t\t\t\t<h4 class=\"elementor-post__title\">\n\t\t\t<a href=\"https:\/\/media.marinalia.es\/fr\/blog\/playa-de-santa-amalia\/\">\n\t\t\t\tPlaya de Santa Amalia\t\t\t<\/a>\n\t\t<\/h4>\n\t\t\t\t<\/div>\n\t\t\t\t<\/article>\n\t\t\t\t<article class=\"elementor-post elementor-grid-item post-8082 post type-post status-publish format-standard has-post-thumbnail hentry category-playas-malaga\">\n\t\t\t\t<a class=\"elementor-post__thumbnail__link\" href=\"https:\/\/media.marinalia.es\/fr\/blog\/playa-el-chorrillo\/\">\n\t\t\t<div class=\"elementor-post__thumbnail\"><img decoding=\"async\" width=\"1024\" height=\"338\" data-src=\"https:\/\/media.marinalia.es\/wp-content\/uploads\/2021\/12\/playa-el-chorrillo-1024x338.jpg\" class=\"attachment-large size-large wp-image-8093 lazyload\" alt=\"playa el chorrillo\" data-srcset=\"https:\/\/media.marinalia.es\/wp-content\/uploads\/2021\/12\/playa-el-chorrillo-1024x338.jpg 1024w, https:\/\/media.marinalia.es\/wp-content\/uploads\/2021\/12\/playa-el-chorrillo-300x99.jpg 300w, https:\/\/media.marinalia.es\/wp-content\/uploads\/2021\/12\/playa-el-chorrillo-768x253.jpg 768w, https:\/\/media.marinalia.es\/wp-content\/uploads\/2021\/12\/playa-el-chorrillo-1536x506.jpg 1536w, https:\/\/media.marinalia.es\/wp-content\/uploads\/2021\/12\/playa-el-chorrillo-18x6.jpg 18w, https:\/\/media.marinalia.es\/wp-content\/uploads\/2021\/12\/playa-el-chorrillo.jpg 1820w\" data-sizes=\"(max-width: 1024px) 100vw, 1024px\" src=\"data:image\/gif;base64,R0lGODlhAQABAAAAACH5BAEKAAEALAAAAAABAAEAAAICTAEAOw==\" style=\"--smush-placeholder-width: 1024px; --smush-placeholder-aspect-ratio: 1024\/338;\" \/><\/div>\n\t\t<\/a>\n\t\t\t\t<div class=\"elementor-post__text\">\n\t\t\t\t<h4 class=\"elementor-post__title\">\n\t\t\t<a href=\"https:\/\/media.marinalia.es\/fr\/blog\/playa-el-chorrillo\/\">\n\t\t\t\tPlaya el Chorrillo\t\t\t<\/a>\n\t\t<\/h4>\n\t\t\t\t<\/div>\n\t\t\t\t<\/article>\n\t\t\t\t<article class=\"elementor-post elementor-grid-item post-8053 post type-post status-publish format-standard has-post-thumbnail hentry category-playas-malaga\">\n\t\t\t\t<a class=\"elementor-post__thumbnail__link\" href=\"https:\/\/media.marinalia.es\/fr\/blog\/playa-de-guadalobon\/\">\n\t\t\t<div class=\"elementor-post__thumbnail\"><img decoding=\"async\" width=\"1024\" height=\"323\" data-src=\"https:\/\/media.marinalia.es\/wp-content\/uploads\/2021\/12\/playa-de-guadalobon-1024x323.jpg\" class=\"attachment-large size-large wp-image-8066 lazyload\" alt=\"playa de guadalobon\" data-srcset=\"https:\/\/media.marinalia.es\/wp-content\/uploads\/2021\/12\/playa-de-guadalobon-1024x323.jpg 1024w, https:\/\/media.marinalia.es\/wp-content\/uploads\/2021\/12\/playa-de-guadalobon-300x95.jpg 300w, https:\/\/media.marinalia.es\/wp-content\/uploads\/2021\/12\/playa-de-guadalobon-768x243.jpg 768w, https:\/\/media.marinalia.es\/wp-content\/uploads\/2021\/12\/playa-de-guadalobon-1536x485.jpg 1536w, https:\/\/media.marinalia.es\/wp-content\/uploads\/2021\/12\/playa-de-guadalobon-18x6.jpg 18w, https:\/\/media.marinalia.es\/wp-content\/uploads\/2021\/12\/playa-de-guadalobon.jpg 1900w\" data-sizes=\"(max-width: 1024px) 100vw, 1024px\" src=\"data:image\/gif;base64,R0lGODlhAQABAAAAACH5BAEKAAEALAAAAAABAAEAAAICTAEAOw==\" style=\"--smush-placeholder-width: 1024px; --smush-placeholder-aspect-ratio: 1024\/323;\" \/><\/div>\n\t\t<\/a>\n\t\t\t\t<div class=\"elementor-post__text\">\n\t\t\t\t<h4 class=\"elementor-post__title\">\n\t\t\t<a href=\"https:\/\/media.marinalia.es\/fr\/blog\/playa-de-guadalobon\/\">\n\t\t\t\tPlage de Guadalob\u00f3n\t\t\t<\/a>\n\t\t<\/h4>\n\t\t\t\t<\/div>\n\t\t\t\t<\/article>\n\t\t\t\t<article class=\"elementor-post elementor-grid-item post-8007 post type-post status-publish format-standard has-post-thumbnail hentry category-playas-malaga\">\n\t\t\t\t<a class=\"elementor-post__thumbnail__link\" href=\"https:\/\/media.marinalia.es\/fr\/blog\/playa-de-carabeillo\/\">\n\t\t\t<div class=\"elementor-post__thumbnail\"><img decoding=\"async\" width=\"1024\" height=\"323\" data-src=\"https:\/\/media.marinalia.es\/wp-content\/uploads\/2021\/12\/playa-de-carabeillo-1024x323.jpg\" class=\"attachment-large size-large wp-image-8021 lazyload\" alt=\"playa de carabeillo\" data-srcset=\"https:\/\/media.marinalia.es\/wp-content\/uploads\/2021\/12\/playa-de-carabeillo-1024x323.jpg 1024w, https:\/\/media.marinalia.es\/wp-content\/uploads\/2021\/12\/playa-de-carabeillo-300x95.jpg 300w, https:\/\/media.marinalia.es\/wp-content\/uploads\/2021\/12\/playa-de-carabeillo-768x243.jpg 768w, https:\/\/media.marinalia.es\/wp-content\/uploads\/2021\/12\/playa-de-carabeillo-1536x485.jpg 1536w, https:\/\/media.marinalia.es\/wp-content\/uploads\/2021\/12\/playa-de-carabeillo-18x6.jpg 18w, https:\/\/media.marinalia.es\/wp-content\/uploads\/2021\/12\/playa-de-carabeillo.jpg 1900w\" data-sizes=\"(max-width: 1024px) 100vw, 1024px\" src=\"data:image\/gif;base64,R0lGODlhAQABAAAAACH5BAEKAAEALAAAAAABAAEAAAICTAEAOw==\" style=\"--smush-placeholder-width: 1024px; --smush-placeholder-aspect-ratio: 1024\/323;\" \/><\/div>\n\t\t<\/a>\n\t\t\t\t<div class=\"elementor-post__text\">\n\t\t\t\t<h4 class=\"elementor-post__title\">\n\t\t\t<a href=\"https:\/\/media.marinalia.es\/fr\/blog\/playa-de-carabeillo\/\">\n\t\t\t\tPlaya de Carabeillo\t\t\t<\/a>\n\t\t<\/h4>\n\t\t\t\t<\/div>\n\t\t\t\t<\/article>\n\t\t\t\t<article class=\"elementor-post elementor-grid-item post-7942 post type-post status-publish format-standard has-post-thumbnail hentry category-playas-malaga\">\n\t\t\t\t<a class=\"elementor-post__thumbnail__link\" href=\"https:\/\/media.marinalia.es\/fr\/blog\/playa-de-san-francisco\/\">\n\t\t\t<div class=\"elementor-post__thumbnail\"><img decoding=\"async\" width=\"1024\" height=\"323\" data-src=\"https:\/\/media.marinalia.es\/wp-content\/uploads\/2021\/12\/cala-tio-ximo-1024x323.jpg\" class=\"attachment-large size-large wp-image-7925 lazyload\" alt=\"cala tio ximo\" data-srcset=\"https:\/\/media.marinalia.es\/wp-content\/uploads\/2021\/12\/cala-tio-ximo-1024x323.jpg 1024w, https:\/\/media.marinalia.es\/wp-content\/uploads\/2021\/12\/cala-tio-ximo-300x95.jpg 300w, https:\/\/media.marinalia.es\/wp-content\/uploads\/2021\/12\/cala-tio-ximo-768x243.jpg 768w, https:\/\/media.marinalia.es\/wp-content\/uploads\/2021\/12\/cala-tio-ximo-1536x485.jpg 1536w, https:\/\/media.marinalia.es\/wp-content\/uploads\/2021\/12\/cala-tio-ximo-18x6.jpg 18w, https:\/\/media.marinalia.es\/wp-content\/uploads\/2021\/12\/cala-tio-ximo.jpg 1900w\" data-sizes=\"(max-width: 1024px) 100vw, 1024px\" src=\"data:image\/gif;base64,R0lGODlhAQABAAAAACH5BAEKAAEALAAAAAABAAEAAAICTAEAOw==\" style=\"--smush-placeholder-width: 1024px; --smush-placeholder-aspect-ratio: 1024\/323;\" \/><\/div>\n\t\t<\/a>\n\t\t\t\t<div class=\"elementor-post__text\">\n\t\t\t\t<h4 class=\"elementor-post__title\">\n\t\t\t<a href=\"https:\/\/media.marinalia.es\/fr\/blog\/playa-de-san-francisco\/\">\n\t\t\t\tPlaya de San Francisco\t\t\t<\/a>\n\t\t<\/h4>\n\t\t\t\t<\/div>\n\t\t\t\t<\/article>\n\t\t\t\t<article class=\"elementor-post elementor-grid-item post-7884 post type-post status-publish format-standard has-post-thumbnail hentry category-playas-malaga\">\n\t\t\t\t<a class=\"elementor-post__thumbnail__link\" href=\"https:\/\/media.marinalia.es\/fr\/blog\/playa-de-carvajal\/\">\n\t\t\t<div class=\"elementor-post__thumbnail\"><img decoding=\"async\" width=\"1024\" height=\"323\" data-src=\"https:\/\/media.marinalia.es\/wp-content\/uploads\/2021\/12\/playa-de-carvajal-1024x323.jpg\" class=\"attachment-large size-large wp-image-7889 lazyload\" alt=\"playa de carvajal\" data-srcset=\"https:\/\/media.marinalia.es\/wp-content\/uploads\/2021\/12\/playa-de-carvajal-1024x323.jpg 1024w, https:\/\/media.marinalia.es\/wp-content\/uploads\/2021\/12\/playa-de-carvajal-300x95.jpg 300w, https:\/\/media.marinalia.es\/wp-content\/uploads\/2021\/12\/playa-de-carvajal-768x243.jpg 768w, https:\/\/media.marinalia.es\/wp-content\/uploads\/2021\/12\/playa-de-carvajal-1536x485.jpg 1536w, https:\/\/media.marinalia.es\/wp-content\/uploads\/2021\/12\/playa-de-carvajal-18x6.jpg 18w, https:\/\/media.marinalia.es\/wp-content\/uploads\/2021\/12\/playa-de-carvajal.jpg 1900w\" data-sizes=\"(max-width: 1024px) 100vw, 1024px\" src=\"data:image\/gif;base64,R0lGODlhAQABAAAAACH5BAEKAAEALAAAAAABAAEAAAICTAEAOw==\" style=\"--smush-placeholder-width: 1024px; --smush-placeholder-aspect-ratio: 1024\/323;\" \/><\/div>\n\t\t<\/a>\n\t\t\t\t<div class=\"elementor-post__text\">\n\t\t\t\t<h4 class=\"elementor-post__title\">\n\t\t\t<a href=\"https:\/\/media.marinalia.es\/fr\/blog\/playa-de-carvajal\/\">\n\t\t\t\tPlaya de Carvajal\t\t\t<\/a>\n\t\t<\/h4>\n\t\t\t\t<\/div>\n\t\t\t\t<\/article>\n\t\t\t\t<\/div>\n\n\n\t\t\n\t\t\t\t\t\t<\/div>\n\t\t\t\t<\/div>\n\t\t\t\t\t<\/div>\n\t\t<\/div>\n\t\t\t\t\t<\/div>\n\t\t<\/section>\n\t\t\t\t<\/div>","protected":false},"excerpt":{"rendered":"<p>Le spectaculaire mirador de Nerja (Malaga) est situ\u00e9 dans l'un des plus beaux coins de Malaga, ce qui en fait un lieu tr\u00e8s visit\u00e9.<\/p>","protected":false},"author":1,"featured_media":2892,"comment_status":"open","ping_status":"open","sticky":false,"template":"","format":"standard","meta":{"site-sidebar-layout":"default","site-content-layout":"default","ast-site-content-layout":"default","site-content-style":"default","site-sidebar-style":"default","ast-global-header-display":"","ast-banner-title-visibility":"","ast-main-header-display":"","ast-hfb-above-header-display":"","ast-hfb-below-header-display":"","ast-hfb-mobile-header-display":"","site-post-title":"","ast-breadcrumbs-content":"","ast-featured-img":"","footer-sml-layout":"","ast-disable-related-posts":"","theme-transparent-header-meta":"","adv-header-id-meta":"","stick-header-meta":"","header-above-stick-meta":"","header-main-stick-meta":"","header-below-stick-meta":"","astra-migrate-meta-layouts":"default","ast-page-background-enabled":"default","ast-page-background-meta":{"desktop":{"background-color":"var(--ast-global-color-4)","background-image":"","background-repeat":"repeat","background-position":"center center","background-size":"auto","background-attachment":"scroll","background-type":"","background-media":"","overlay-type":"","overlay-color":"","overlay-opacity":"","overlay-gradient":""},"tablet":{"background-color":"","background-image":"","background-repeat":"repeat","background-position":"center center","background-size":"auto","background-attachment":"scroll","background-type":"","background-media":"","overlay-type":"","overlay-color":"","overlay-opacity":"","overlay-gradient":""},"mobile":{"background-color":"","background-image":"","background-repeat":"repeat","background-position":"center center","background-size":"auto","background-attachment":"scroll","background-type":"","background-media":"","overlay-type":"","overlay-color":"","overlay-opacity":"","overlay-gradient":""}},"ast-content-background-meta":{"desktop":{"background-color":"var(--ast-global-color-5)","background-image":"","background-repeat":"repeat","background-position":"center center","background-size":"auto","background-attachment":"scroll","background-type":"","background-media":"","overlay-type":"","overlay-color":"","overlay-opacity":"","overlay-gradient":""},"tablet":{"background-color":"var(--ast-global-color-5)","background-image":"","background-repeat":"repeat","background-position":"center center","background-size":"auto","background-attachment":"scroll","background-type":"","background-media":"","overlay-type":"","overlay-color":"","overlay-opacity":"","overlay-gradient":""},"mobile":{"background-color":"var(--ast-global-color-5)","background-image":"","background-repeat":"repeat","background-position":"center center","background-size":"auto","background-attachment":"scroll","background-type":"","background-media":"","overlay-type":"","overlay-color":"","overlay-opacity":"","overlay-gradient":""}},"_joinchat":[],"footnotes":""},"categories":[6],"tags":[],"class_list":["post-2835","post","type-post","status-publish","format-standard","has-post-thumbnail","hentry","category-playas-malaga"],"_links":{"self":[{"href":"https:\/\/media.marinalia.es\/fr\/wp-json\/wp\/v2\/posts\/2835","targetHints":{"allow":["GET"]}}],"collection":[{"href":"https:\/\/media.marinalia.es\/fr\/wp-json\/wp\/v2\/posts"}],"about":[{"href":"https:\/\/media.marinalia.es\/fr\/wp-json\/wp\/v2\/types\/post"}],"author":[{"embeddable":true,"href":"https:\/\/media.marinalia.es\/fr\/wp-json\/wp\/v2\/users\/1"}],"replies":[{"embeddable":true,"href":"https:\/\/media.marinalia.es\/fr\/wp-json\/wp\/v2\/comments?post=2835"}],"version-history":[{"count":0,"href":"https:\/\/media.marinalia.es\/fr\/wp-json\/wp\/v2\/posts\/2835\/revisions"}],"wp:featuredmedia":[{"embeddable":true,"href":"https:\/\/media.marinalia.es\/fr\/wp-json\/wp\/v2\/media\/2892"}],"wp:attachment":[{"href":"https:\/\/media.marinalia.es\/fr\/wp-json\/wp\/v2\/media?parent=2835"}],"wp:term":[{"taxonomy":"category","embeddable":true,"href":"https:\/\/media.marinalia.es\/fr\/wp-json\/wp\/v2\/categories?post=2835"},{"taxonomy":"post_tag","embeddable":true,"href":"https:\/\/media.marinalia.es\/fr\/wp-json\/wp\/v2\/tags?post=2835"}],"curies":[{"name":"wp","href":"https:\/\/api.w.org\/{rel}","templated":true}]}}