{"id":2307,"date":"2022-02-16T16:43:07","date_gmt":"2022-02-16T15:43:07","guid":{"rendered":"https:\/\/media.marinalia.es\/?p=2307"},"modified":"2023-10-30T14:55:19","modified_gmt":"2023-10-30T13:55:19","slug":"criques-de-cabo-de-gata","status":"publish","type":"post","link":"https:\/\/media.marinalia.es\/fr\/blog\/criques-de-cabo-de-gata\/","title":{"rendered":"Les criques de Cabo Gata"},"content":{"rendered":"<div data-elementor-type=\"wp-post\" data-elementor-id=\"2307\" class=\"elementor elementor-2307\">\n\t\t\t\t\t\t<section class=\"elementor-section elementor-top-section elementor-element elementor-element-5634140 elementor-section-boxed elementor-section-height-default elementor-section-height-default\" data-id=\"5634140\" data-element_type=\"section\" data-e-type=\"section\">\n\t\t\t\t\t\t<div class=\"elementor-container elementor-column-gap-default\">\n\t\t\t\t\t<div class=\"elementor-column elementor-col-100 elementor-top-column elementor-element elementor-element-2cd2eab\" data-id=\"2cd2eab\" data-element_type=\"column\" data-e-type=\"column\">\n\t\t\t<div class=\"elementor-widget-wrap elementor-element-populated\">\n\t\t\t\t\t\t<div class=\"elementor-element elementor-element-edb4f72 elementor-widget elementor-widget-text-editor\" data-id=\"edb4f72\" data-element_type=\"widget\" data-e-type=\"widget\" data-widget_type=\"text-editor.default\">\n\t\t\t\t\t\t\t\t\t<p><span style=\"font-weight: 400;\">Si vous avez envie de visiter les criques de Cabo de Gata, nous pouvons vous dire que vous avez raison de vouloir les conna\u00eetre car cette zone de la c\u00f4te d'Almeria est vraiment un tr\u00e9sor que l'Espagne a \u00e0 offrir.\u00a0<\/span><\/p><p><span style=\"font-weight: 400;\">Les <strong>les criques de Cabo de Gata<\/strong> font partie de la mer M\u00e9diterran\u00e9e, ce sont donc des criques o\u00f9 l'on trouve un climat doux et chaud et une eau qui n'est pas particuli\u00e8rement froide, pour \u00eatre honn\u00eate. Si les temp\u00e9ratures ont \u00e9t\u00e9 \u00e9lev\u00e9es, vous pourrez profiter d'une eau tr\u00e8s agr\u00e9able pour la baignade ou la plong\u00e9e.\u00a0<\/span><\/p><p><span style=\"font-weight: 400;\">Bien entendu, ce n'est pas seulement la temp\u00e9rature de l'eau qui est la caract\u00e9ristique la plus spectaculaire de ces plages, car leur environnement sauvage et pr\u00e9serv\u00e9 est presque sans \u00e9gal.\u00a0<\/span><span style=\"font-weight: 400;\">Zone c\u00f4ti\u00e8re espagnole.\u00a0<\/span><\/p>\t\t\t\t\t\t\t\t<\/div>\n\t\t\t\t\t<\/div>\n\t\t<\/div>\n\t\t\t\t\t<\/div>\n\t\t<\/section>\n\t\t\t\t<section class=\"elementor-section elementor-top-section elementor-element elementor-element-01fc48d elementor-section-boxed elementor-section-height-default elementor-section-height-default\" data-id=\"01fc48d\" data-element_type=\"section\" data-e-type=\"section\">\n\t\t\t\t\t\t<div class=\"elementor-container elementor-column-gap-default\">\n\t\t\t\t\t<div class=\"elementor-column elementor-col-100 elementor-top-column elementor-element elementor-element-9842d2b\" data-id=\"9842d2b\" data-element_type=\"column\" data-e-type=\"column\">\n\t\t\t<div class=\"elementor-widget-wrap elementor-element-populated\">\n\t\t\t\t\t\t<div class=\"elementor-element elementor-element-195c870 elementor-widget elementor-widget-shortcode\" data-id=\"195c870\" data-element_type=\"widget\" data-e-type=\"widget\" data-widget_type=\"shortcode.default\">\n\t\t\t\t\t\t\t<div class=\"elementor-shortcode\"><blockquote class=\"instagram-media\" data-instgrm-captioned data-instgrm-permalink=\"https:\/\/www.instagram.com\/p\/CZz1vqIM0hn\/?utm_source=ig_embed&amp;utm_campaign=loading\" data-instgrm-version=\"14\" style=\" background:#FFF; border:0; border-radius:3px; box-shadow:0 0 1px 0 rgba(0,0,0,0.5),0 1px 10px 0 rgba(0,0,0,0.15); margin: 1px; max-width:540px; min-width:326px; padding:0; width:99.375%; width:-webkit-calc(100% - 2px); width:calc(100% - 2px);\"><div style=\"padding:16px;\"> <a href=\"https:\/\/www.instagram.com\/p\/CZz1vqIM0hn\/?utm_source=ig_embed&amp;utm_campaign=loading\" style=\" background:#FFFFFF; line-height:0; padding:0 0; text-align:center; text-decoration:none; width:100%;\" target=\"_blank\" rel=\"noopener\"> <div style=\" display: flex; flex-direction: row; align-items: center;\"> <div style=\"background-color: #F4F4F4; border-radius: 50%; flex-grow: 0; height: 40px; margin-right: 14px; width: 40px;\"><\/div> <div style=\"display: flex; flex-direction: column; flex-grow: 1; justify-content: center;\"> <div style=\" background-color: #F4F4F4; border-radius: 4px; flex-grow: 0; height: 14px; margin-bottom: 6px; width: 100px;\"><\/div> <div style=\" background-color: #F4F4F4; border-radius: 4px; flex-grow: 0; height: 14px; width: 60px;\"><\/div><\/div><\/div><div style=\"padding: 19% 0;\"><\/div> <div style=\"display:block; height:50px; margin:0 auto 12px; width:50px;\"><svg width=\"50px\" height=\"50px\" viewbox=\"0 0 60 60\" version=\"1.1\" xmlns=\"https:\/\/www.w3.org\/2000\/svg\" xmlns:xlink=\"https:\/\/www.w3.org\/1999\/xlink\"><g stroke=\"none\" stroke-width=\"1\" fill=\"none\" fill-rule=\"evenodd\"><g transform=\"translate(-511.000000, -20.000000)\" fill=\"#000000\"><g><path d=\"M556.869,30.41 C554.814,30.41 553.148,32.076 553.148,34.131 C553.148,36.186 554.814,37.852 556.869,37.852 C558.924,37.852 560.59,36.186 560.59,34.131 C560.59,32.076 558.924,30.41 556.869,30.41 M541,60.657 C535.114,60.657 530.342,55.887 530.342,50 C530.342,44.114 535.114,39.342 541,39.342 C546.887,39.342 551.658,44.114 551.658,50 C551.658,55.887 546.887,60.657 541,60.657 M541,33.886 C532.1,33.886 524.886,41.1 524.886,50 C524.886,58.899 532.1,66.113 541,66.113 C549.9,66.113 557.115,58.899 557.115,50 C557.115,41.1 549.9,33.886 541,33.886 M565.378,62.101 C565.244,65.022 564.756,66.606 564.346,67.663 C563.803,69.06 563.154,70.057 562.106,71.106 C561.058,72.155 560.06,72.803 558.662,73.347 C557.607,73.757 556.021,74.244 553.102,74.378 C549.944,74.521 548.997,74.552 541,74.552 C533.003,74.552 532.056,74.521 528.898,74.378 C525.979,74.244 524.393,73.757 523.338,73.347 C521.94,72.803 520.942,72.155 519.894,71.106 C518.846,70.057 518.197,69.06 517.654,67.663 C517.244,66.606 516.755,65.022 516.623,62.101 C516.479,58.943 516.448,57.996 516.448,50 C516.448,42.003 516.479,41.056 516.623,37.899 C516.755,34.978 517.244,33.391 517.654,32.338 C518.197,30.938 518.846,29.942 519.894,28.894 C520.942,27.846 521.94,27.196 523.338,26.654 C524.393,26.244 525.979,25.756 528.898,25.623 C532.057,25.479 533.004,25.448 541,25.448 C548.997,25.448 549.943,25.479 553.102,25.623 C556.021,25.756 557.607,26.244 558.662,26.654 C560.06,27.196 561.058,27.846 562.106,28.894 C563.154,29.942 563.803,30.938 564.346,32.338 C564.756,33.391 565.244,34.978 565.378,37.899 C565.522,41.056 565.552,42.003 565.552,50 C565.552,57.996 565.522,58.943 565.378,62.101 M570.82,37.631 C570.674,34.438 570.167,32.258 569.425,30.349 C568.659,28.377 567.633,26.702 565.965,25.035 C564.297,23.368 562.623,22.342 560.652,21.575 C558.743,20.834 556.562,20.326 553.369,20.18 C550.169,20.033 549.148,20 541,20 C532.853,20 531.831,20.033 528.631,20.18 C525.438,20.326 523.257,20.834 521.349,21.575 C519.376,22.342 517.703,23.368 516.035,25.035 C514.368,26.702 513.342,28.377 512.574,30.349 C511.834,32.258 511.326,34.438 511.181,37.631 C511.035,40.831 511,41.851 511,50 C511,58.147 511.035,59.17 511.181,62.369 C511.326,65.562 511.834,67.743 512.574,69.651 C513.342,71.625 514.368,73.296 516.035,74.965 C517.703,76.634 519.376,77.658 521.349,78.425 C523.257,79.167 525.438,79.673 528.631,79.82 C531.831,79.965 532.853,80.001 541,80.001 C549.148,80.001 550.169,79.965 553.369,79.82 C556.562,79.673 558.743,79.167 560.652,78.425 C562.623,77.658 564.297,76.634 565.965,74.965 C567.633,73.296 568.659,71.625 569.425,69.651 C570.167,67.743 570.674,65.562 570.82,62.369 C570.966,59.17 571,58.147 571,50 C571,41.851 570.966,40.831 570.82,37.631\"><\/path><\/g><\/g><\/g><\/svg><\/div><div style=\"padding-top: 8px;\"> <div style=\" color:#3897f0; font-family:Arial,sans-serif; font-size:14px; font-style:normal; font-weight:550; line-height:18px;\">Voir ce message sur Instagram<\/div><\/div><div style=\"padding: 12.5% 0;\"><\/div> <div style=\"display: flex; flex-direction: row; margin-bottom: 14px; align-items: center;\"><div> <div style=\"background-color: #F4F4F4; border-radius: 50%; height: 12.5px; width: 12.5px; transform: translateX(0px) translateY(7px);\"><\/div> <div style=\"background-color: #F4F4F4; height: 12.5px; transform: rotate(-45deg) translateX(3px) translateY(1px); width: 12.5px; flex-grow: 0; margin-right: 14px; margin-left: 2px;\"><\/div> <div style=\"background-color: #F4F4F4; border-radius: 50%; height: 12.5px; width: 12.5px; transform: translateX(9px) translateY(-18px);\"><\/div><\/div><div style=\"margin-left: 8px;\"> <div style=\" background-color: #F4F4F4; border-radius: 50%; flex-grow: 0; height: 20px; width: 20px;\"><\/div> <div style=\" width: 0; height: 0; border-top: 2px solid transparent; border-left: 6px solid #f4f4f4; border-bottom: 2px solid transparent; transform: translateX(16px) translateY(-4px) rotate(30deg)\"><\/div><\/div><div style=\"margin-left: auto;\"> <div style=\" width: 0px; border-top: 8px solid #F4F4F4; border-right: 8px solid transparent; transform: translateY(16px);\"><\/div> <div style=\" background-color: #F4F4F4; flex-grow: 0; height: 12px; width: 16px; transform: translateY(-4px);\"><\/div> <div style=\" width: 0; height: 0; border-top: 8px solid #F4F4F4; border-left: 8px solid transparent; transform: translateY(-4px) translateX(8px);\"><\/div><\/div><\/div> <div style=\"display: flex; flex-direction: column; flex-grow: 1; justify-content: center; margin-bottom: 24px;\"> <div style=\" background-color: #F4F4F4; border-radius: 4px; flex-grow: 0; height: 14px; margin-bottom: 6px; width: 224px;\"><\/div> <div style=\" background-color: #F4F4F4; border-radius: 4px; flex-grow: 0; height: 14px; width: 144px;\"><\/div><\/div><\/a><p style=\" color:#c9c8cd; font-family:Arial,sans-serif; font-size:14px; line-height:17px; margin-bottom:0; margin-top:8px; overflow:hidden; padding:8px 0 7px; text-align:center; text-overflow:ellipsis; white-space:nowrap;\"><a href=\"https:\/\/www.instagram.com\/p\/CZz1vqIM0hn\/?utm_source=ig_embed&amp;utm_campaign=loading\" style=\" color:#c9c8cd; font-family:Arial,sans-serif; font-size:14px; font-style:normal; font-weight:normal; line-height:17px; text-decoration:none;\" target=\"_blank\" rel=\"noopener\">A post shared by TR fot\u00f3grafo \ud83d\udcf2 680 313 999 (@tinorivera_fotografo)<\/a><\/p><\/div><\/blockquote> <script async src=\"\/\/www.instagram.com\/embed.js\"><\/script><\/div>\n\t\t\t\t\t\t<\/div>\n\t\t\t\t\t<\/div>\n\t\t<\/div>\n\t\t\t\t\t<\/div>\n\t\t<\/section>\n\t\t\t\t<section class=\"elementor-section elementor-top-section elementor-element elementor-element-d807856 elementor-section-boxed elementor-section-height-default elementor-section-height-default\" data-id=\"d807856\" data-element_type=\"section\" data-e-type=\"section\">\n\t\t\t\t\t\t<div class=\"elementor-container elementor-column-gap-default\">\n\t\t\t\t\t<div class=\"elementor-column elementor-col-100 elementor-top-column elementor-element elementor-element-c8b037b\" data-id=\"c8b037b\" data-element_type=\"column\" data-e-type=\"column\">\n\t\t\t<div class=\"elementor-widget-wrap elementor-element-populated\">\n\t\t\t\t\t\t<div class=\"elementor-element elementor-element-740c668 elementor-widget elementor-widget-spacer\" data-id=\"740c668\" data-element_type=\"widget\" data-e-type=\"widget\" data-widget_type=\"spacer.default\">\n\t\t\t\t\t\t\t<div class=\"elementor-spacer\">\n\t\t\t<div class=\"elementor-spacer-inner\"><\/div>\n\t\t<\/div>\n\t\t\t\t\t\t<\/div>\n\t\t\t\t<div class=\"elementor-element elementor-element-87328f2 elementor-widget elementor-widget-heading\" data-id=\"87328f2\" data-element_type=\"widget\" data-e-type=\"widget\" data-widget_type=\"heading.default\">\n\t\t\t\t\t<h2 class=\"elementor-heading-title elementor-size-default\">Les meilleures criques de Cabo de Gata<\/h2>\t\t\t\t<\/div>\n\t\t\t\t\t<\/div>\n\t\t<\/div>\n\t\t\t\t\t<\/div>\n\t\t<\/section>\n\t\t\t\t<section class=\"elementor-section elementor-top-section elementor-element elementor-element-03fd957 elementor-section-boxed elementor-section-height-default elementor-section-height-default\" data-id=\"03fd957\" data-element_type=\"section\" data-e-type=\"section\">\n\t\t\t\t\t\t<div class=\"elementor-container elementor-column-gap-default\">\n\t\t\t\t\t<div class=\"elementor-column elementor-col-100 elementor-top-column elementor-element elementor-element-1195469\" data-id=\"1195469\" data-element_type=\"column\" data-e-type=\"column\">\n\t\t\t<div class=\"elementor-widget-wrap elementor-element-populated\">\n\t\t\t\t\t\t<div class=\"elementor-element elementor-element-c4c1e8b elementor-widget elementor-widget-text-editor\" data-id=\"c4c1e8b\" data-element_type=\"widget\" data-e-type=\"widget\" data-widget_type=\"text-editor.default\">\n\t\t\t\t\t\t\t\t\t<p><span style=\"font-weight: 400;\">Nous ne pouvons pas d\u00e9cider quelles sont les meilleures criques de Cabo de Gata, mais nous allons vous donner une liste de celles que, au moins, nous pensons \u00eatre les meilleures. Nous n'allons pas les classer de la meilleure \u00e0 la pire, mais nous vous conseillons de les visiter TOUTES.  Pour les visiter toutes, nous vous recommandons toujours de faire un parcours en kayak \u00e0 travers le Parc Naturel de Cabo de Gata et de faire des arr\u00eats et des pauses pour profiter de chaque crique, grotte et coins secrets cach\u00e9s le long de la c\u00f4te. <\/span><\/p>\t\t\t\t\t\t\t\t<\/div>\n\t\t\t\t\t<\/div>\n\t\t<\/div>\n\t\t\t\t\t<\/div>\n\t\t<\/section>\n\t\t\t\t<section class=\"elementor-section elementor-top-section elementor-element elementor-element-37bb6cf elementor-section-boxed elementor-section-height-default elementor-section-height-default\" data-id=\"37bb6cf\" data-element_type=\"section\" data-e-type=\"section\">\n\t\t\t\t\t\t<div class=\"elementor-container elementor-column-gap-default\">\n\t\t\t\t\t<div class=\"elementor-column elementor-col-100 elementor-top-column elementor-element elementor-element-5b09f6e\" data-id=\"5b09f6e\" data-element_type=\"column\" data-e-type=\"column\">\n\t\t\t<div class=\"elementor-widget-wrap elementor-element-populated\">\n\t\t\t\t\t\t<div class=\"elementor-element elementor-element-060720d elementor-widget elementor-widget-spacer\" data-id=\"060720d\" data-element_type=\"widget\" data-e-type=\"widget\" data-widget_type=\"spacer.default\">\n\t\t\t\t\t\t\t<div class=\"elementor-spacer\">\n\t\t\t<div class=\"elementor-spacer-inner\"><\/div>\n\t\t<\/div>\n\t\t\t\t\t\t<\/div>\n\t\t\t\t\t<\/div>\n\t\t<\/div>\n\t\t\t\t\t<\/div>\n\t\t<\/section>\n\t\t\t\t<section class=\"elementor-section elementor-top-section elementor-element elementor-element-b19213b elementor-section-boxed elementor-section-height-default elementor-section-height-default\" data-id=\"b19213b\" data-element_type=\"section\" data-e-type=\"section\">\n\t\t\t\t\t\t<div class=\"elementor-container elementor-column-gap-default\">\n\t\t\t\t\t<div class=\"elementor-column elementor-col-100 elementor-top-column elementor-element elementor-element-9b79fbc\" data-id=\"9b79fbc\" data-element_type=\"column\" data-e-type=\"column\">\n\t\t\t<div class=\"elementor-widget-wrap elementor-element-populated\">\n\t\t\t\t\t\t<div class=\"elementor-element elementor-element-985a396 elementor-widget elementor-widget-heading\" data-id=\"985a396\" data-element_type=\"widget\" data-e-type=\"widget\" data-widget_type=\"heading.default\">\n\t\t\t\t\t<h3 class=\"elementor-heading-title elementor-size-default\"> Playa de los Muertos, peut-\u00eatre la plus connue de toutes les plages\n<\/h3>\t\t\t\t<\/div>\n\t\t\t\t\t<\/div>\n\t\t<\/div>\n\t\t\t\t\t<\/div>\n\t\t<\/section>\n\t\t\t\t<section class=\"elementor-section elementor-top-section elementor-element elementor-element-09ceae1 elementor-section-boxed elementor-section-height-default elementor-section-height-default\" data-id=\"09ceae1\" data-element_type=\"section\" data-e-type=\"section\">\n\t\t\t\t\t\t<div class=\"elementor-container elementor-column-gap-default\">\n\t\t\t\t\t<div class=\"elementor-column elementor-col-100 elementor-top-column elementor-element elementor-element-1dae0d1\" data-id=\"1dae0d1\" data-element_type=\"column\" data-e-type=\"column\">\n\t\t\t<div class=\"elementor-widget-wrap elementor-element-populated\">\n\t\t\t\t\t\t<div class=\"elementor-element elementor-element-dc67199 elementor-widget elementor-widget-text-editor\" data-id=\"dc67199\" data-element_type=\"widget\" data-e-type=\"widget\" data-widget_type=\"text-editor.default\">\n\t\t\t\t\t\t\t\t\t<p><span style=\"font-weight: 400;\">La plage des morts n'est pas consid\u00e9r\u00e9e comme une \"crique\", mais nous ne voulons pas la passer sous silence, car c'est un endroit \u00e0 visiter absolument si vous allez \u00e0 Cabo de Gata. Il s'agit d'une grande plage dont les eaux sont probablement les plus claires de la r\u00e9gion. Son emplacement est bien connu, vous n'aurez pas de mal \u00e0 la trouver, mais pour acc\u00e9der \u00e0 la plage elle-m\u00eame, il vous faudra marcher un peu dans une descente un peu lente. Mais cela en vaut vraiment la peine. Et bien s\u00fbr, les fonds marins de cette zone sont un spectacle que nous vous recommandons d'explorer et pour cela nous avons l'excursion parfaite pour vous, cette <a href=\"https:\/\/marinalia.es\/deportes-de-aventura\/actividades-acuaticas\/buceo-y-snorkel\/1037-bautismo-buceo-playa-de-los-muertos.html\" target=\"_blank\" rel=\"noopener\">bapt\u00eame de plong\u00e9e \u00e0 la Playa de los Muertos<\/a>. Dans cet article de blog, nous vous laissons d\u00e9couvrir ici plus de d\u00e9tails sur la<a href=\"https:\/\/media.marinalia.es\/fr\/blog\/plage-des-morts\/\"> La plage des morts<\/a>. <\/span><\/p>\t\t\t\t\t\t\t\t<\/div>\n\t\t\t\t<div class=\"elementor-element elementor-element-3ba6ff2 elementor-widget elementor-widget-image\" data-id=\"3ba6ff2\" data-element_type=\"widget\" data-e-type=\"widget\" data-widget_type=\"image.default\">\n\t\t\t\t\t\t\t\t\t\t\t\t\t\t\t<img fetchpriority=\"high\" decoding=\"async\" width=\"624\" height=\"416\" src=\"https:\/\/media.marinalia.es\/wp-content\/uploads\/2022\/02\/Playa-de-los-muertos-1.jpg\" class=\"attachment-large size-large wp-image-2310\" alt=\"Playa de los muertos 1\" srcset=\"https:\/\/media.marinalia.es\/wp-content\/uploads\/2022\/02\/Playa-de-los-muertos-1.jpg 624w, https:\/\/media.marinalia.es\/wp-content\/uploads\/2022\/02\/Playa-de-los-muertos-1-300x200.jpg 300w\" sizes=\"(max-width: 624px) 100vw, 624px\" \/>\t\t\t\t\t\t\t\t\t\t\t\t\t\t\t<\/div>\n\t\t\t\t\t<\/div>\n\t\t<\/div>\n\t\t\t\t\t<\/div>\n\t\t<\/section>\n\t\t\t\t<section class=\"elementor-section elementor-top-section elementor-element elementor-element-a777fcf elementor-section-boxed elementor-section-height-default elementor-section-height-default\" data-id=\"a777fcf\" data-element_type=\"section\" data-e-type=\"section\">\n\t\t\t\t\t\t<div class=\"elementor-container elementor-column-gap-default\">\n\t\t\t\t\t<div class=\"elementor-column elementor-col-100 elementor-top-column elementor-element elementor-element-597d319\" data-id=\"597d319\" data-element_type=\"column\" data-e-type=\"column\">\n\t\t\t<div class=\"elementor-widget-wrap elementor-element-populated\">\n\t\t\t\t\t\t<div class=\"elementor-element elementor-element-d07fe25 elementor-widget elementor-widget-spacer\" data-id=\"d07fe25\" data-element_type=\"widget\" data-e-type=\"widget\" data-widget_type=\"spacer.default\">\n\t\t\t\t\t\t\t<div class=\"elementor-spacer\">\n\t\t\t<div class=\"elementor-spacer-inner\"><\/div>\n\t\t<\/div>\n\t\t\t\t\t\t<\/div>\n\t\t\t\t\t<\/div>\n\t\t<\/div>\n\t\t\t\t\t<\/div>\n\t\t<\/section>\n\t\t\t\t<section class=\"elementor-section elementor-top-section elementor-element elementor-element-4b333d5c elementor-section-boxed elementor-section-height-default elementor-section-height-default\" data-id=\"4b333d5c\" data-element_type=\"section\" data-e-type=\"section\" data-settings=\"{&quot;background_background&quot;:&quot;classic&quot;}\">\n\t\t\t\t\t\t<div class=\"elementor-container elementor-column-gap-default\">\n\t\t\t\t\t<div class=\"elementor-column elementor-col-100 elementor-top-column elementor-element elementor-element-2f61cc96\" data-id=\"2f61cc96\" data-element_type=\"column\" data-e-type=\"column\">\n\t\t\t<div class=\"elementor-widget-wrap elementor-element-populated\">\n\t\t\t\t\t\t<div class=\"elementor-element elementor-element-26de403e elementor-author-box--layout-image-above elementor-author-box--align-center elementor-widget elementor-widget-author-box\" data-id=\"26de403e\" data-element_type=\"widget\" data-e-type=\"widget\" data-widget_type=\"author-box.default\">\n\t\t\t\t<div class=\"elementor-widget-container\">\n\t\t\t\t\t\t\t<div class=\"elementor-author-box\">\n\t\t\t\t\t\t\t<div  class=\"elementor-author-box__avatar\">\n\t\t\t\t\t<img decoding=\"async\" data-src=\"https:\/\/media.marinalia.es\/wp-content\/uploads\/2021\/12\/Imagen-de-perfil-para-redes-sociales-minimalista-con-playa-azul-y-naranja-1.png\" alt=\"Silvia Guti\u00e9rrez\" src=\"data:image\/gif;base64,R0lGODlhAQABAAAAACH5BAEKAAEALAAAAAABAAEAAAICTAEAOw==\" class=\"lazyload\" style=\"--smush-placeholder-width: 288px; --smush-placeholder-aspect-ratio: 288\/288;\">\n\t\t\t\t<\/div>\n\t\t\t\n\t\t\t<div class=\"elementor-author-box__text\">\n\t\t\t\t\t\t\t\t\t<div >\n\t\t\t\t\t\t<span class=\"elementor-author-box__name\">\n\t\t\t\t\t\t\tSilvia Guti\u00e9rrez\t\t\t\t\t\t<\/span>\n\t\t\t\t\t<\/div>\n\t\t\t\t\n\t\t\t\t\n\t\t\t\t\t\t\t<\/div>\n\t\t<\/div>\n\t\t\t\t\t\t<\/div>\n\t\t\t\t<\/div>\n\t\t\t\t<section class=\"elementor-section elementor-inner-section elementor-element elementor-element-12578604 elementor-section-boxed elementor-section-height-default elementor-section-height-default\" data-id=\"12578604\" data-element_type=\"section\" data-e-type=\"section\">\n\t\t\t\t\t\t<div class=\"elementor-container elementor-column-gap-default\">\n\t\t\t\t\t<div class=\"elementor-column elementor-col-33 elementor-inner-column elementor-element elementor-element-d44d50b\" data-id=\"d44d50b\" data-element_type=\"column\" data-e-type=\"column\">\n\t\t\t<div class=\"elementor-widget-wrap\">\n\t\t\t\t\t\t\t<\/div>\n\t\t<\/div>\n\t\t\t\t<div class=\"elementor-column elementor-col-33 elementor-inner-column elementor-element elementor-element-5eb15de7\" data-id=\"5eb15de7\" data-element_type=\"column\" data-e-type=\"column\">\n\t\t\t<div class=\"elementor-widget-wrap elementor-element-populated\">\n\t\t\t\t\t\t<div class=\"elementor-element elementor-element-2a1a20d7 elementor-widget elementor-widget-heading\" data-id=\"2a1a20d7\" data-element_type=\"widget\" data-e-type=\"widget\" data-widget_type=\"heading.default\">\n\t\t\t\t\t<div class=\"elementor-heading-title elementor-size-default\">Vous voulez savoir quelles sont les activit\u00e9s que vous pouvez faire dans cette r\u00e9gion ?<\/div>\t\t\t\t<\/div>\n\t\t\t\t<div class=\"elementor-element elementor-element-498195ec elementor-align-center elementor-widget elementor-widget-button\" data-id=\"498195ec\" data-element_type=\"widget\" data-e-type=\"widget\" data-widget_type=\"button.default\">\n\t\t\t\t\t\t\t\t\t\t<a class=\"elementor-button elementor-button-link elementor-size-sm\" href=\"https:\/\/wa.me\/34694467126\/?text=Hola%21%20Quiero%20saber%20qu%C3%A9%20actividades%20puedo%20hacer%20en\" target=\"_blank\" rel=\"noopener\">\n\t\t\t\t\t\t<span class=\"elementor-button-content-wrapper\">\n\t\t\t\t\t\t<span class=\"elementor-button-icon\">\n\t\t\t\t<svg aria-hidden=\"true\" class=\"e-font-icon-svg e-fab-whatsapp\" viewbox=\"0 0 448 512\" xmlns=\"http:\/\/www.w3.org\/2000\/svg\"><path d=\"M380.9 97.1C339 55.1 283.2 32 223.9 32c-122.4 0-222 99.6-222 222 0 39.1 10.2 77.3 29.6 111L0 480l117.7-30.9c32.4 17.7 68.9 27 106.1 27h.1c122.3 0 224.1-99.6 224.1-222 0-59.3-25.2-115-67.1-157zm-157 341.6c-33.2 0-65.7-8.9-94-25.7l-6.7-4-69.8 18.3L72 359.2l-4.4-7c-18.5-29.4-28.2-63.3-28.2-98.2 0-101.7 82.8-184.5 184.6-184.5 49.3 0 95.6 19.2 130.4 54.1 34.8 34.9 56.2 81.2 56.1 130.5 0 101.8-84.9 184.6-186.6 184.6zm101.2-138.2c-5.5-2.8-32.8-16.2-37.9-18-5.1-1.9-8.8-2.8-12.5 2.8-3.7 5.6-14.3 18-17.6 21.8-3.2 3.7-6.5 4.2-12 1.4-32.6-16.3-54-29.1-75.5-66-5.7-9.8 5.7-9.1 16.3-30.3 1.8-3.7.9-6.9-.5-9.7-1.4-2.8-12.5-30.1-17.1-41.2-4.5-10.8-9.1-9.3-12.5-9.5-3.2-.2-6.9-.2-10.6-.2-3.7 0-9.7 1.4-14.8 6.9-5.1 5.6-19.4 19-19.4 46.3 0 27.3 19.9 53.7 22.6 57.4 2.8 3.7 39.1 59.7 94.8 83.8 35.2 15.2 49 16.5 66.6 13.9 10.7-1.6 32.8-13.4 37.4-26.4 4.6-13 4.6-24.1 3.2-26.4-1.3-2.5-5-3.9-10.5-6.6z\"><\/path><\/svg>\t\t\t<\/span>\n\t\t\t\t\t\t\t\t\t<span class=\"elementor-button-text\">Envoyez-nous un WhatsApp !<\/span>\n\t\t\t\t\t<\/span>\n\t\t\t\t\t<\/a>\n\t\t\t\t\t\t\t\t<\/div>\n\t\t\t\t\t<\/div>\n\t\t<\/div>\n\t\t\t\t<div class=\"elementor-column elementor-col-33 elementor-inner-column elementor-element elementor-element-6d685b37\" data-id=\"6d685b37\" data-element_type=\"column\" data-e-type=\"column\">\n\t\t\t<div class=\"elementor-widget-wrap\">\n\t\t\t\t\t\t\t<\/div>\n\t\t<\/div>\n\t\t\t\t\t<\/div>\n\t\t<\/section>\n\t\t\t\t\t<\/div>\n\t\t<\/div>\n\t\t\t\t\t<\/div>\n\t\t<\/section>\n\t\t\t\t<section class=\"elementor-section elementor-top-section elementor-element elementor-element-4fd6233 elementor-section-boxed elementor-section-height-default elementor-section-height-default\" data-id=\"4fd6233\" data-element_type=\"section\" data-e-type=\"section\">\n\t\t\t\t\t\t<div class=\"elementor-container elementor-column-gap-default\">\n\t\t\t\t\t<div class=\"elementor-column elementor-col-100 elementor-top-column elementor-element elementor-element-a1c68d9\" data-id=\"a1c68d9\" data-element_type=\"column\" data-e-type=\"column\">\n\t\t\t<div class=\"elementor-widget-wrap elementor-element-populated\">\n\t\t\t\t\t\t<div class=\"elementor-element elementor-element-206854a elementor-widget elementor-widget-spacer\" data-id=\"206854a\" data-element_type=\"widget\" data-e-type=\"widget\" data-widget_type=\"spacer.default\">\n\t\t\t\t\t\t\t<div class=\"elementor-spacer\">\n\t\t\t<div class=\"elementor-spacer-inner\"><\/div>\n\t\t<\/div>\n\t\t\t\t\t\t<\/div>\n\t\t\t\t<div class=\"elementor-element elementor-element-dcc7a86 elementor-widget elementor-widget-heading\" data-id=\"dcc7a86\" data-element_type=\"widget\" data-e-type=\"widget\" data-widget_type=\"heading.default\">\n\t\t\t\t\t<h3 class=\"elementor-heading-title elementor-size-default\">Plomo Cove<\/h3>\t\t\t\t<\/div>\n\t\t\t\t<div class=\"elementor-element elementor-element-db2b173 elementor-widget elementor-widget-text-editor\" data-id=\"db2b173\" data-element_type=\"widget\" data-e-type=\"widget\" data-widget_type=\"text-editor.default\">\n\t\t\t\t\t\t\t\t\t<p><span style=\"font-weight: 400;\">La crique d'El plomo est assez \u00e9loign\u00e9e des centres urbains, Las Negras \u00e9tant la localit\u00e9 la plus proche \u00e0 3 km. Vous y trouverez une grande crique d'environ 200 m de long et m\u00eame si vous voyez que la crique commence par des pierres, au fur et \u00e0 mesure que vous vous rapprochez de la mer, vous verrez qu'elle devient une crique sablonneuse o\u00f9 vous aurez un rivage sablonneux et un acc\u00e8s facile \u00e0 l'eau.\u00a0<\/span><\/p><p><span style=\"font-weight: 400;\">Sur les c\u00f4t\u00e9s droit et gauche de la crique de Plomo, vous verrez des murs \u00e9rod\u00e9s form\u00e9s par des dunes fossiles o\u00f9 vous pourrez passer du temps \u00e0 explorer. Voici tout ce qu'il faut savoir et tout ce que vous pouvez trouver et faire dans la r\u00e9gion de Plomo. <a href=\"https:\/\/media.marinalia.es\/fr\/blog\/anse-de-plomb\/\">Plomo Cove.<\/a><\/span><\/p>\t\t\t\t\t\t\t\t<\/div>\n\t\t\t\t<div class=\"elementor-element elementor-element-7cc95db elementor-widget elementor-widget-image\" data-id=\"7cc95db\" data-element_type=\"widget\" data-e-type=\"widget\" data-widget_type=\"image.default\">\n\t\t\t\t\t\t\t\t\t\t\t\t\t\t\t<img decoding=\"async\" width=\"834\" height=\"525\" data-src=\"https:\/\/media.marinalia.es\/wp-content\/uploads\/2022\/02\/cala-del-plomo-almeria-1.jpg\" class=\"attachment-large size-large wp-image-2311 lazyload\" alt=\"cala del plomo almeria 1\" data-srcset=\"https:\/\/media.marinalia.es\/wp-content\/uploads\/2022\/02\/cala-del-plomo-almeria-1.jpg 834w, https:\/\/media.marinalia.es\/wp-content\/uploads\/2022\/02\/cala-del-plomo-almeria-1-300x189.jpg 300w, https:\/\/media.marinalia.es\/wp-content\/uploads\/2022\/02\/cala-del-plomo-almeria-1-768x483.jpg 768w\" data-sizes=\"(max-width: 834px) 100vw, 834px\" src=\"data:image\/gif;base64,R0lGODlhAQABAAAAACH5BAEKAAEALAAAAAABAAEAAAICTAEAOw==\" style=\"--smush-placeholder-width: 834px; --smush-placeholder-aspect-ratio: 834\/525;\" \/>\t\t\t\t\t\t\t\t\t\t\t\t\t\t\t<\/div>\n\t\t\t\t<div class=\"elementor-element elementor-element-87f4f27 elementor-widget elementor-widget-spacer\" data-id=\"87f4f27\" data-element_type=\"widget\" data-e-type=\"widget\" data-widget_type=\"spacer.default\">\n\t\t\t\t\t\t\t<div class=\"elementor-spacer\">\n\t\t\t<div class=\"elementor-spacer-inner\"><\/div>\n\t\t<\/div>\n\t\t\t\t\t\t<\/div>\n\t\t\t\t<div class=\"elementor-element elementor-element-1066d78 elementor-widget elementor-widget-heading\" data-id=\"1066d78\" data-element_type=\"widget\" data-e-type=\"widget\" data-widget_type=\"heading.default\">\n\t\t\t\t\t<h3 class=\"elementor-heading-title elementor-size-default\">Enmedio Cove<\/h3>\t\t\t\t<\/div>\n\t\t\t\t<div class=\"elementor-element elementor-element-a42f1a2 elementor-widget elementor-widget-text-editor\" data-id=\"a42f1a2\" data-element_type=\"widget\" data-e-type=\"widget\" data-widget_type=\"text-editor.default\">\n\t\t\t\t\t\t\t\t\t<p><span style=\"font-weight: 400;\">Contrairement \u00e0 la plage de Plomo, la Cala de Enmedio est une plage enti\u00e8re de sable fin et dor\u00e9. Elle est un peu plus petite, environ 150 m\u00e8tres, mais pendant les mois d'\u00e9t\u00e9, elle est assez fr\u00e9quent\u00e9e, m\u00eame si elle ne l'est pas autant que d'autres criques et plages de certaines c\u00f4tes espagnoles. Pendant les mois de basse saison, la Cala de Enmedio est tr\u00e8s calme. En outre, il faut savoir qu'il s'agit d'une plage tr\u00e8s vierge et que vous n'aurez aucun service \u00e0 votre disposition, mais si vous emportez de l'eau et des en-cas, nous pouvons dire que c'est la crique parfaite, car elle n'est accessible qu'\u00e0 pied ou en bateau. Vous trouverez ici plus d'informations sur la<a href=\"https:\/\/media.marinalia.es\/fr\/blog\/cala-de-enmedio\/\"> Enmedio Cove<\/a>Nous recommandons une lecture facile pour conna\u00eetre tout ce qui est essentiel et important sur cet endroit merveilleux, probablement l'une des meilleures criques de Cabo de Gata.<\/span><\/p>\t\t\t\t\t\t\t\t<\/div>\n\t\t\t\t<div class=\"elementor-element elementor-element-9762d95 elementor-widget elementor-widget-image\" data-id=\"9762d95\" data-element_type=\"widget\" data-e-type=\"widget\" data-widget_type=\"image.default\">\n\t\t\t\t\t\t\t\t\t\t\t\t\t\t\t<img decoding=\"async\" width=\"400\" height=\"300\" data-src=\"https:\/\/media.marinalia.es\/wp-content\/uploads\/2022\/02\/cala-de-enmedio-3-1.jpg\" class=\"attachment-large size-large wp-image-2312 lazyload\" alt=\"cala de enmedio 3 1\" data-srcset=\"https:\/\/media.marinalia.es\/wp-content\/uploads\/2022\/02\/cala-de-enmedio-3-1.jpg 400w, https:\/\/media.marinalia.es\/wp-content\/uploads\/2022\/02\/cala-de-enmedio-3-1-300x225.jpg 300w\" data-sizes=\"(max-width: 400px) 100vw, 400px\" src=\"data:image\/gif;base64,R0lGODlhAQABAAAAACH5BAEKAAEALAAAAAABAAEAAAICTAEAOw==\" style=\"--smush-placeholder-width: 400px; --smush-placeholder-aspect-ratio: 400\/300;\" \/>\t\t\t\t\t\t\t\t\t\t\t\t\t\t\t<\/div>\n\t\t\t\t<div class=\"elementor-element elementor-element-bb81443 elementor-widget elementor-widget-spacer\" data-id=\"bb81443\" data-element_type=\"widget\" data-e-type=\"widget\" data-widget_type=\"spacer.default\">\n\t\t\t\t\t\t\t<div class=\"elementor-spacer\">\n\t\t\t<div class=\"elementor-spacer-inner\"><\/div>\n\t\t<\/div>\n\t\t\t\t\t\t<\/div>\n\t\t\t\t<div class=\"elementor-element elementor-element-e088f5e elementor-widget elementor-widget-heading\" data-id=\"e088f5e\" data-element_type=\"widget\" data-e-type=\"widget\" data-widget_type=\"heading.default\">\n\t\t\t\t\t<h2 class=\"elementor-heading-title elementor-size-default\">Calilla del Playazo<\/h2>\t\t\t\t<\/div>\n\t\t\t\t<div class=\"elementor-element elementor-element-6689154 elementor-widget elementor-widget-text-editor\" data-id=\"6689154\" data-element_type=\"widget\" data-e-type=\"widget\" data-widget_type=\"text-editor.default\">\n\t\t\t\t\t\t\t\t\t<p><span style=\"font-weight: 400;\">Pour conna\u00eetre les criques de Cabo de Gata, il faut aussi visiter la Calilla del Playazo, qui est l'une des plus visit\u00e9es gr\u00e2ce \u00e0 sa situation et \u00e0 sa facilit\u00e9 d'acc\u00e8s. Elle est tr\u00e8s proche de Las Negras, et il ne sera donc pas difficile de s'y rendre.\u00a0<\/span><\/p><p><span style=\"font-weight: 400;\">Dans cette crique, vous trouverez des dunes fossiles impressionnantes et tr\u00e8s curieuses, ainsi qu'une eau cristalline. En pleine saison estivale, il y a beaucoup de monde, donc si vous voulez y aller \u00e0 cette p\u00e9riode, nous vous recommandons de le faire t\u00f4t le matin. Pour en savoir plus, consultez le site <a href=\"https:\/\/media.marinalia.es\/fr\/blog\/calilla-del-playazo\/\">cet article<\/a>.\u00a0<\/span><\/p>\t\t\t\t\t\t\t\t<\/div>\n\t\t\t\t<div class=\"elementor-element elementor-element-c103612 elementor-widget elementor-widget-image\" data-id=\"c103612\" data-element_type=\"widget\" data-e-type=\"widget\" data-widget_type=\"image.default\">\n\t\t\t\t\t\t\t\t\t\t\t\t\t\t\t<img decoding=\"async\" width=\"1024\" height=\"726\" data-src=\"https:\/\/media.marinalia.es\/wp-content\/uploads\/2022\/01\/Playazo-de-Rodalquilar.-1-1024x726.jpg\" class=\"attachment-large size-large wp-image-1945 lazyload\" alt=\"Playazo de Rodalquilar. 1 scaled\" data-srcset=\"https:\/\/media.marinalia.es\/wp-content\/uploads\/2022\/01\/Playazo-de-Rodalquilar.-1-1024x726.jpg 1024w, https:\/\/media.marinalia.es\/wp-content\/uploads\/2022\/01\/Playazo-de-Rodalquilar.-1-300x213.jpg 300w, https:\/\/media.marinalia.es\/wp-content\/uploads\/2022\/01\/Playazo-de-Rodalquilar.-1-768x545.jpg 768w, https:\/\/media.marinalia.es\/wp-content\/uploads\/2022\/01\/Playazo-de-Rodalquilar.-1-1536x1090.jpg 1536w, https:\/\/media.marinalia.es\/wp-content\/uploads\/2022\/01\/Playazo-de-Rodalquilar.-1-2048x1453.jpg 2048w, https:\/\/media.marinalia.es\/wp-content\/uploads\/2022\/01\/Playazo-de-Rodalquilar.-1-1200x851.jpg 1200w\" data-sizes=\"(max-width: 1024px) 100vw, 1024px\" src=\"data:image\/gif;base64,R0lGODlhAQABAAAAACH5BAEKAAEALAAAAAABAAEAAAICTAEAOw==\" style=\"--smush-placeholder-width: 1024px; --smush-placeholder-aspect-ratio: 1024\/726;\" \/>\t\t\t\t\t\t\t\t\t\t\t\t\t\t\t<\/div>\n\t\t\t\t<div class=\"elementor-element elementor-element-4a547e1 elementor-widget elementor-widget-heading\" data-id=\"4a547e1\" data-element_type=\"widget\" data-e-type=\"widget\" data-widget_type=\"heading.default\">\n\t\t\t\t\t<h2 class=\"elementor-heading-title elementor-size-default\">Playazo de Rodalquilar<\/h2>\t\t\t\t<\/div>\n\t\t\t\t<div class=\"elementor-element elementor-element-27a6605 elementor-widget elementor-widget-text-editor\" data-id=\"27a6605\" data-element_type=\"widget\" data-e-type=\"widget\" data-widget_type=\"text-editor.default\">\n\t\t\t\t\t\t\t\t\t<p><span style=\"font-weight: 400;\">Lorsque l'on parle des criques de Cabo de Gata et que l'on mentionne le \"playazo\", de nombreuses personnes confondent la Calilla del Playazo avec le Playazo de Rodalquilar, et il ne s'agit pas de deux criques diff\u00e9rentes, m\u00eame si elles se trouvent l'une \u00e0 c\u00f4t\u00e9 de l'autre. Dans cette crique, vous vous sentirez tr\u00e8s, tr\u00e8s \u00e0 l'aise, nous en sommes s\u00fbrs. Derri\u00e8re vous, vous aurez une paroi rocheuse et une falaise, typiques du parc naturel de Cabo de Gata, et devant vous, vous aurez une eau cristalline et propre pour profiter de sa flore et de sa faune marines lors d'excursions de plong\u00e9e avec masque et tuba.\u00a0<\/span><\/p><p><span style=\"font-weight: 400;\">L'acc\u00e8s \u00e0 la plage est tr\u00e8s facile, il est donc possible que certains jours d'\u00e9t\u00e9 elle soit tr\u00e8s fr\u00e9quent\u00e9e. De plus, l'acc\u00e8s \u00e0 l'eau est tr\u00e8s confortable et les galets sont adapt\u00e9s aux enfants, ce qui en fait une plage tr\u00e8s agr\u00e9able pour les familles et les enfants. D'un c\u00f4t\u00e9 du Playazo de Rodalquilar se trouve le Castillo de San Ramon, un bastion d\u00e9fensif du XVIIIe si\u00e8cle. En savoir plus sur les secrets de ce <a href=\"https:\/\/media.marinalia.es\/fr\/blog\/plage-de-rodalquilar\/\">La c\u00f4te de Cabo de Gata est ici.<\/a><\/span><\/p>\t\t\t\t\t\t\t\t<\/div>\n\t\t\t\t<div class=\"elementor-element elementor-element-0be0de1 elementor-widget elementor-widget-image\" data-id=\"0be0de1\" data-element_type=\"widget\" data-e-type=\"widget\" data-widget_type=\"image.default\">\n\t\t\t\t\t\t\t\t\t\t\t\t\t\t\t<img decoding=\"async\" width=\"1024\" height=\"726\" data-src=\"https:\/\/media.marinalia.es\/wp-content\/uploads\/2022\/01\/Playazo-de-Rodalquilar-1-1024x726.jpg\" class=\"attachment-large size-large wp-image-1937 lazyload\" alt=\"Playazo de Rodalquilar 1 scaled\" data-srcset=\"https:\/\/media.marinalia.es\/wp-content\/uploads\/2022\/01\/Playazo-de-Rodalquilar-1-1024x726.jpg 1024w, https:\/\/media.marinalia.es\/wp-content\/uploads\/2022\/01\/Playazo-de-Rodalquilar-1-300x213.jpg 300w, https:\/\/media.marinalia.es\/wp-content\/uploads\/2022\/01\/Playazo-de-Rodalquilar-1-768x545.jpg 768w, https:\/\/media.marinalia.es\/wp-content\/uploads\/2022\/01\/Playazo-de-Rodalquilar-1-1536x1090.jpg 1536w, https:\/\/media.marinalia.es\/wp-content\/uploads\/2022\/01\/Playazo-de-Rodalquilar-1-2048x1453.jpg 2048w, https:\/\/media.marinalia.es\/wp-content\/uploads\/2022\/01\/Playazo-de-Rodalquilar-1-1200x851.jpg 1200w\" data-sizes=\"(max-width: 1024px) 100vw, 1024px\" src=\"data:image\/gif;base64,R0lGODlhAQABAAAAACH5BAEKAAEALAAAAAABAAEAAAICTAEAOw==\" style=\"--smush-placeholder-width: 1024px; --smush-placeholder-aspect-ratio: 1024\/726;\" \/>\t\t\t\t\t\t\t\t\t\t\t\t\t\t\t<\/div>\n\t\t\t\t<div class=\"elementor-element elementor-element-3d06cca elementor-widget elementor-widget-heading\" data-id=\"3d06cca\" data-element_type=\"widget\" data-e-type=\"widget\" data-widget_type=\"heading.default\">\n\t\t\t\t\t<h3 class=\"elementor-heading-title elementor-size-default\">Isleta del Moro<\/h3>\t\t\t\t<\/div>\n\t\t\t\t<div class=\"elementor-element elementor-element-3308e77 elementor-widget elementor-widget-text-editor\" data-id=\"3308e77\" data-element_type=\"widget\" data-e-type=\"widget\" data-widget_type=\"text-editor.default\">\n\t\t\t\t\t\t\t\t\t<p><span style=\"font-weight: 400;\">Les <a href=\"https:\/\/media.marinalia.es\/fr\/blog\/lisleta-del-moro\/\">Anse Isleta del Moro<\/a> est situ\u00e9 dans le village appel\u00e9 \"Isleta del Moro\", et c'est l'un des villages qui, malgr\u00e9 le d\u00e9veloppement de ces derni\u00e8res ann\u00e9es, a r\u00e9ussi \u00e0 pr\u00e9server l'atmosph\u00e8re paisible de bord de mer qu'il a toujours eue. Il est vrai qu'en \u00e9t\u00e9, cette tranquillit\u00e9 se perd beaucoup, alors si vous en avez l'occasion, visitez-le pendant n'importe quel jour ensoleill\u00e9 de la basse saison. Et si vous n'avez pas d'autre choix que d'y aller en \u00e9t\u00e9, le village et sa crique sont tout aussi beaux et ont la m\u00eame ambiance tout au long de l'ann\u00e9e. Depuis la plage, vous verrez une petite \u00eele qui est \u00e0 l'origine du nom du village.\u00a0<\/span><\/p><p><span style=\"font-weight: 400;\">Ne pensez pas que parce que c'est un village et une petite crique, vous allez vous ennuyer... pas du tout. En fait, voici deux activit\u00e9s que vous pouvez faire lors de votre visite \u00e0 Isleta del Moro. <\/span><\/p>\t\t\t\t\t\t\t\t<\/div>\n\t\t\t\t\t<\/div>\n\t\t<\/div>\n\t\t\t\t\t<\/div>\n\t\t<\/section>\n\t\t\t\t<section class=\"elementor-section elementor-top-section elementor-element elementor-element-60ab721 elementor-section-boxed elementor-section-height-default elementor-section-height-default\" data-id=\"60ab721\" data-element_type=\"section\" data-e-type=\"section\">\n\t\t\t\t\t\t<div class=\"elementor-container elementor-column-gap-default\">\n\t\t\t\t\t<div class=\"elementor-column elementor-col-50 elementor-top-column elementor-element elementor-element-3e8690d\" data-id=\"3e8690d\" data-element_type=\"column\" data-e-type=\"column\">\n\t\t\t<div class=\"elementor-widget-wrap elementor-element-populated\">\n\t\t\t\t\t\t<div class=\"elementor-element elementor-element-6acd346 elementor-widget elementor-widget-image\" data-id=\"6acd346\" data-element_type=\"widget\" data-e-type=\"widget\" data-widget_type=\"image.default\">\n\t\t\t\t\t\t\t\t\t\t\t\t\t\t\t\t<a href=\"https:\/\/marinalia.es\/deportes-de-aventura\/actividades-acuaticas\/buceo-y-snorkel\/1045-bautismo-buceo-isleta-de-moro.html\" target=\"_blank\" rel=\"noopener\">\n\t\t\t\t\t\t\t<img decoding=\"async\" width=\"305\" height=\"307\" data-src=\"https:\/\/media.marinalia.es\/wp-content\/uploads\/2022\/02\/buceo-isleta-moro.png\" class=\"attachment-large size-large wp-image-2316 lazyload\" alt=\"Plong\u00e9e dans les \u00eelots mauresques\" data-srcset=\"https:\/\/media.marinalia.es\/wp-content\/uploads\/2022\/02\/buceo-isleta-moro.png 305w, https:\/\/media.marinalia.es\/wp-content\/uploads\/2022\/02\/buceo-isleta-moro-298x300.png 298w, https:\/\/media.marinalia.es\/wp-content\/uploads\/2022\/02\/buceo-isleta-moro-150x150.png 150w\" data-sizes=\"(max-width: 305px) 100vw, 305px\" src=\"data:image\/gif;base64,R0lGODlhAQABAAAAACH5BAEKAAEALAAAAAABAAEAAAICTAEAOw==\" style=\"--smush-placeholder-width: 305px; --smush-placeholder-aspect-ratio: 305\/307;\" \/>\t\t\t\t\t\t\t\t<\/a>\n\t\t\t\t\t\t\t\t\t\t\t\t\t\t\t<\/div>\n\t\t\t\t\t<\/div>\n\t\t<\/div>\n\t\t\t\t<div class=\"elementor-column elementor-col-50 elementor-top-column elementor-element elementor-element-d016011\" data-id=\"d016011\" data-element_type=\"column\" data-e-type=\"column\">\n\t\t\t<div class=\"elementor-widget-wrap elementor-element-populated\">\n\t\t\t\t\t\t<div class=\"elementor-element elementor-element-5d534de elementor-widget elementor-widget-image\" data-id=\"5d534de\" data-element_type=\"widget\" data-e-type=\"widget\" data-widget_type=\"image.default\">\n\t\t\t\t\t\t\t\t\t\t\t\t\t\t\t\t<a href=\"https:\/\/marinalia.es\/deportes-de-aventura\/excursiones-en-el-mar\/atardecer-barco\/1020-atardecer-barco-isleta-del-moro.html\" target=\"_blank\" rel=\"noopener\">\n\t\t\t\t\t\t\t<img decoding=\"async\" width=\"311\" height=\"306\" data-src=\"https:\/\/media.marinalia.es\/wp-content\/uploads\/2022\/02\/atardecer-barco-isleta-moro.png\" class=\"attachment-large size-large wp-image-2315 lazyload\" alt=\"atardecer barco isleta moro\" data-srcset=\"https:\/\/media.marinalia.es\/wp-content\/uploads\/2022\/02\/atardecer-barco-isleta-moro.png 311w, https:\/\/media.marinalia.es\/wp-content\/uploads\/2022\/02\/atardecer-barco-isleta-moro-300x295.png 300w\" data-sizes=\"(max-width: 311px) 100vw, 311px\" src=\"data:image\/gif;base64,R0lGODlhAQABAAAAACH5BAEKAAEALAAAAAABAAEAAAICTAEAOw==\" style=\"--smush-placeholder-width: 311px; --smush-placeholder-aspect-ratio: 311\/306;\" \/>\t\t\t\t\t\t\t\t<\/a>\n\t\t\t\t\t\t\t\t\t\t\t\t\t\t\t<\/div>\n\t\t\t\t\t<\/div>\n\t\t<\/div>\n\t\t\t\t\t<\/div>\n\t\t<\/section>\n\t\t\t\t<section class=\"elementor-section elementor-top-section elementor-element elementor-element-4a4a2f2 elementor-section-boxed elementor-section-height-default elementor-section-height-default\" data-id=\"4a4a2f2\" data-element_type=\"section\" data-e-type=\"section\">\n\t\t\t\t\t\t<div class=\"elementor-container elementor-column-gap-default\">\n\t\t\t\t\t<div class=\"elementor-column elementor-col-100 elementor-top-column elementor-element elementor-element-095159b\" data-id=\"095159b\" data-element_type=\"column\" data-e-type=\"column\">\n\t\t\t<div class=\"elementor-widget-wrap elementor-element-populated\">\n\t\t\t\t\t\t<div class=\"elementor-element elementor-element-8f67ac7 elementor-widget elementor-widget-heading\" data-id=\"8f67ac7\" data-element_type=\"widget\" data-e-type=\"widget\" data-widget_type=\"heading.default\">\n\t\t\t\t\t<h2 class=\"elementor-heading-title elementor-size-default\">Plage de Genoveses<\/h2>\t\t\t\t<\/div>\n\t\t\t\t<div class=\"elementor-element elementor-element-d8b370d elementor-widget elementor-widget-text-editor\" data-id=\"d8b370d\" data-element_type=\"widget\" data-e-type=\"widget\" data-widget_type=\"text-editor.default\">\n\t\t\t\t\t\t\t\t\t<p><span style=\"font-weight: 400;\">Cette plage est l'une des plus grandes de Cabo de Gata, puisqu'elle occupe une baie enti\u00e8re de plus d'un kilom\u00e8tre de long.  La Playa de los Genoveses est entour\u00e9e de dunes avec la v\u00e9g\u00e9tation typique du Cap, pleine de pitas et de figues de Barbarie. L'une des choses que nous appr\u00e9cions le plus sur cette plage est la pr\u00e9sence, au nord, d'une petite \"for\u00eat\" o\u00f9 les gens ont l'habitude de se r\u00e9fugier \u00e0 l'abri du soleil de midi pendant les mois d'\u00e9t\u00e9.<\/span><\/p><p><span style=\"font-weight: 400;\">L'entr\u00e9e dans l'eau de cette plage est assez progressive et tr\u00e8s confortable, c'est pourquoi on y trouve beaucoup de familles et d'enfants qui viennent y passer les journ\u00e9es d'\u00e9t\u00e9.  Il faut tenir compte du fait qu'elle est orient\u00e9e \u00e0 l'est, ce qui signifie que les jours de vent, il n'est pas tr\u00e8s agr\u00e9able de se reposer sur la plage, m\u00eame si, d'un autre c\u00f4t\u00e9, ces jours sont id\u00e9aux pour faire de la planche \u00e0 voile. Si vous voulez en savoir plus sur cette crique, nous vous laissons ici notre article o\u00f9 nous vous expliquons d'autres choses int\u00e9ressantes sur cette crique. <a href=\"https:\/\/media.marinalia.es\/fr\/blog\/plage-de-genoveses\/\">Plage de Genoveses<\/a>.\u00a0<\/span><\/p>\t\t\t\t\t\t\t\t<\/div>\n\t\t\t\t<div class=\"elementor-element elementor-element-48afee2 elementor-widget elementor-widget-image\" data-id=\"48afee2\" data-element_type=\"widget\" data-e-type=\"widget\" data-widget_type=\"image.default\">\n\t\t\t\t\t\t\t\t\t\t\t\t\t\t\t<img decoding=\"async\" width=\"640\" height=\"480\" data-src=\"https:\/\/media.marinalia.es\/wp-content\/uploads\/2022\/02\/Playa-de-los-Genoveses-1.jpg\" class=\"attachment-large size-large wp-image-2317 lazyload\" alt=\"Playa de los Genoveses 1\" data-srcset=\"https:\/\/media.marinalia.es\/wp-content\/uploads\/2022\/02\/Playa-de-los-Genoveses-1.jpg 640w, https:\/\/media.marinalia.es\/wp-content\/uploads\/2022\/02\/Playa-de-los-Genoveses-1-300x225.jpg 300w\" data-sizes=\"(max-width: 640px) 100vw, 640px\" src=\"data:image\/gif;base64,R0lGODlhAQABAAAAACH5BAEKAAEALAAAAAABAAEAAAICTAEAOw==\" style=\"--smush-placeholder-width: 640px; --smush-placeholder-aspect-ratio: 640\/480;\" \/>\t\t\t\t\t\t\t\t\t\t\t\t\t\t\t<\/div>\n\t\t\t\t<div class=\"elementor-element elementor-element-5bf81a4 elementor-widget elementor-widget-heading\" data-id=\"5bf81a4\" data-element_type=\"widget\" data-e-type=\"widget\" data-widget_type=\"heading.default\">\n\t\t\t\t\t<h2 class=\"elementor-heading-title elementor-size-default\">Route des criques de Cabo de Gata<\/h2>\t\t\t\t<\/div>\n\t\t\t\t<div class=\"elementor-element elementor-element-fef61f2 elementor-widget elementor-widget-text-editor\" data-id=\"fef61f2\" data-element_type=\"widget\" data-e-type=\"widget\" data-widget_type=\"text-editor.default\">\n\t\t\t\t\t\t\t\t\t<p><span style=\"font-weight: 400;\">Vous pensez peut-\u00eatre qu'il y a beaucoup de criques \u00e0 Cabo de Gata \u00e0 visiter, mais il y en a de plus en plus. Nous ne pouvons pas vous dire par o\u00f9 commencer, mais nous pouvons vous recommander des moyens de les visiter toutes en suivant un itin\u00e9raire le long de la c\u00f4te d'Almeria.\u00a0<\/span><\/p><p><span style=\"font-weight: 400;\">Que diriez-vous de louer un kayak \u00e0 Cabo de Gata et de d\u00e9couvrir par vous-m\u00eame chacune des criques et leurs recoins secrets ?<\/span><\/p><p><span style=\"font-weight: 400;\">Vous pouvez \u00e9galement louer un bateau pour faire le tour de Cabo de Gata depuis la ville de Las Negras. C'est nettement plus confortable que le kayak, mais moins aventureux... \u00e0 vous de choisir !\u00a0<\/span><\/p>\t\t\t\t\t\t\t\t<\/div>\n\t\t\t\t\t<\/div>\n\t\t<\/div>\n\t\t\t\t\t<\/div>\n\t\t<\/section>\n\t\t\t\t<section class=\"elementor-section elementor-top-section elementor-element elementor-element-ac34515 elementor-section-boxed elementor-section-height-default elementor-section-height-default\" data-id=\"ac34515\" data-element_type=\"section\" data-e-type=\"section\">\n\t\t\t\t\t\t<div class=\"elementor-container elementor-column-gap-default\">\n\t\t\t\t\t<div class=\"elementor-column elementor-col-50 elementor-top-column elementor-element elementor-element-8d0141b\" data-id=\"8d0141b\" data-element_type=\"column\" data-e-type=\"column\">\n\t\t\t<div class=\"elementor-widget-wrap elementor-element-populated\">\n\t\t\t\t\t\t<div class=\"elementor-element elementor-element-288b8ff elementor-widget elementor-widget-image\" data-id=\"288b8ff\" data-element_type=\"widget\" data-e-type=\"widget\" data-widget_type=\"image.default\">\n\t\t\t\t\t\t\t\t\t\t\t\t\t\t\t\t<a href=\"https:\/\/marinalia.es\/deportes-de-aventura\/actividades-acuaticas\/alquiler-kayak-paddle-surf\/1119-2684-alquiler-de-kayak-en-carboneras.html\" target=\"_blank\" rel=\"noopener\">\n\t\t\t\t\t\t\t<img decoding=\"async\" width=\"316\" height=\"305\" data-src=\"https:\/\/media.marinalia.es\/wp-content\/uploads\/2022\/02\/alquiler-kayak-por-libre-cabo-de-gata-1.png\" class=\"attachment-large size-large wp-image-2318 lazyload\" alt=\"alquiler kayak por libre cabo de gata 1\" data-srcset=\"https:\/\/media.marinalia.es\/wp-content\/uploads\/2022\/02\/alquiler-kayak-por-libre-cabo-de-gata-1.png 316w, https:\/\/media.marinalia.es\/wp-content\/uploads\/2022\/02\/alquiler-kayak-por-libre-cabo-de-gata-1-300x290.png 300w\" data-sizes=\"(max-width: 316px) 100vw, 316px\" src=\"data:image\/gif;base64,R0lGODlhAQABAAAAACH5BAEKAAEALAAAAAABAAEAAAICTAEAOw==\" style=\"--smush-placeholder-width: 316px; --smush-placeholder-aspect-ratio: 316\/305;\" \/>\t\t\t\t\t\t\t\t<\/a>\n\t\t\t\t\t\t\t\t\t\t\t\t\t\t\t<\/div>\n\t\t\t\t\t<\/div>\n\t\t<\/div>\n\t\t\t\t<div class=\"elementor-column elementor-col-50 elementor-top-column elementor-element elementor-element-1cac367\" data-id=\"1cac367\" data-element_type=\"column\" data-e-type=\"column\">\n\t\t\t<div class=\"elementor-widget-wrap elementor-element-populated\">\n\t\t\t\t\t\t<div class=\"elementor-element elementor-element-eda1e93 elementor-widget elementor-widget-image\" data-id=\"eda1e93\" data-element_type=\"widget\" data-e-type=\"widget\" data-widget_type=\"image.default\">\n\t\t\t\t\t\t\t\t\t\t\t\t\t\t\t\t<a href=\"https:\/\/marinalia.es\/deportes-de-aventura\/excursiones-en-el-mar\/excursiones-en-barco\/1015-excursion-barco-cabo-de-gata.html\" target=\"_blank\" rel=\"noopener\">\n\t\t\t\t\t\t\t<img decoding=\"async\" width=\"309\" height=\"306\" data-src=\"https:\/\/media.marinalia.es\/wp-content\/uploads\/2022\/02\/excursion-barco-cabo-de-gata-Las-negras-1.png\" class=\"attachment-large size-large wp-image-2319 lazyload\" alt=\"excursion barco cabo de gata Las negras 1\" data-srcset=\"https:\/\/media.marinalia.es\/wp-content\/uploads\/2022\/02\/excursion-barco-cabo-de-gata-Las-negras-1.png 309w, https:\/\/media.marinalia.es\/wp-content\/uploads\/2022\/02\/excursion-barco-cabo-de-gata-Las-negras-1-300x297.png 300w, https:\/\/media.marinalia.es\/wp-content\/uploads\/2022\/02\/excursion-barco-cabo-de-gata-Las-negras-1-150x150.png 150w\" data-sizes=\"(max-width: 309px) 100vw, 309px\" src=\"data:image\/gif;base64,R0lGODlhAQABAAAAACH5BAEKAAEALAAAAAABAAEAAAICTAEAOw==\" style=\"--smush-placeholder-width: 309px; --smush-placeholder-aspect-ratio: 309\/306;\" \/>\t\t\t\t\t\t\t\t<\/a>\n\t\t\t\t\t\t\t\t\t\t\t\t\t\t\t<\/div>\n\t\t\t\t\t<\/div>\n\t\t<\/div>\n\t\t\t\t\t<\/div>\n\t\t<\/section>\n\t\t\t\t<section class=\"elementor-section elementor-top-section elementor-element elementor-element-f132a80 elementor-section-boxed elementor-section-height-default elementor-section-height-default\" data-id=\"f132a80\" data-element_type=\"section\" data-e-type=\"section\">\n\t\t\t\t\t\t<div class=\"elementor-container elementor-column-gap-default\">\n\t\t\t\t\t<div class=\"elementor-column elementor-col-100 elementor-top-column elementor-element elementor-element-3e4c752\" data-id=\"3e4c752\" data-element_type=\"column\" data-e-type=\"column\">\n\t\t\t<div class=\"elementor-widget-wrap elementor-element-populated\">\n\t\t\t\t\t\t<div class=\"elementor-element elementor-element-89dbee8 elementor-widget elementor-widget-spacer\" data-id=\"89dbee8\" data-element_type=\"widget\" data-e-type=\"widget\" data-widget_type=\"spacer.default\">\n\t\t\t\t\t\t\t<div class=\"elementor-spacer\">\n\t\t\t<div class=\"elementor-spacer-inner\"><\/div>\n\t\t<\/div>\n\t\t\t\t\t\t<\/div>\n\t\t\t\t<div class=\"elementor-element elementor-element-61b0efb elementor-align-center elementor-widget elementor-widget-button\" data-id=\"61b0efb\" data-element_type=\"widget\" data-e-type=\"widget\" data-widget_type=\"button.default\">\n\t\t\t\t\t\t\t\t\t\t<a class=\"elementor-button elementor-button-link elementor-size-md\" href=\"https:\/\/marinalia.es\/199-actividades-cabo-de-gata\" target=\"_blank\" rel=\"noopener\">\n\t\t\t\t\t\t<span class=\"elementor-button-content-wrapper\">\n\t\t\t\t\t\t\t\t\t<span class=\"elementor-button-text\">Voir toutes les activit\u00e9s \u00e0 Cabo de Gata<\/span>\n\t\t\t\t\t<\/span>\n\t\t\t\t\t<\/a>\n\t\t\t\t\t\t\t\t<\/div>\n\t\t\t\t<div class=\"elementor-element elementor-element-cda276b elementor-widget elementor-widget-spacer\" data-id=\"cda276b\" data-element_type=\"widget\" data-e-type=\"widget\" data-widget_type=\"spacer.default\">\n\t\t\t\t\t\t\t<div class=\"elementor-spacer\">\n\t\t\t<div class=\"elementor-spacer-inner\"><\/div>\n\t\t<\/div>\n\t\t\t\t\t\t<\/div>\n\t\t\t\t\t<\/div>\n\t\t<\/div>\n\t\t\t\t\t<\/div>\n\t\t<\/section>\n\t\t\t\t<section class=\"elementor-section elementor-top-section elementor-element elementor-element-2454739f elementor-section-boxed elementor-section-height-default elementor-section-height-default\" data-id=\"2454739f\" data-element_type=\"section\" data-e-type=\"section\">\n\t\t\t\t\t\t<div class=\"elementor-container elementor-column-gap-default\">\n\t\t\t\t\t<div class=\"elementor-column elementor-col-100 elementor-top-column elementor-element elementor-element-6b7feea4\" data-id=\"6b7feea4\" data-element_type=\"column\" data-e-type=\"column\">\n\t\t\t<div class=\"elementor-widget-wrap elementor-element-populated\">\n\t\t\t\t\t\t<div class=\"elementor-element elementor-element-33084f05 elementor-widget elementor-widget-heading\" data-id=\"33084f05\" data-element_type=\"widget\" data-e-type=\"widget\" data-widget_type=\"heading.default\">\n\t\t\t\t\t<h3 class=\"elementor-heading-title elementor-size-default\">Plus de lieux \u00e0 d\u00e9couvrir<\/h3>\t\t\t\t<\/div>\n\t\t\t\t\t<\/div>\n\t\t<\/div>\n\t\t\t\t\t<\/div>\n\t\t<\/section>\n\t\t\t\t<section class=\"elementor-section elementor-top-section elementor-element elementor-element-2c357062 elementor-section-boxed elementor-section-height-default elementor-section-height-default\" data-id=\"2c357062\" data-element_type=\"section\" data-e-type=\"section\">\n\t\t\t\t\t\t<div class=\"elementor-container elementor-column-gap-default\">\n\t\t\t\t\t<div class=\"elementor-column elementor-col-100 elementor-top-column elementor-element elementor-element-19c1598c\" data-id=\"19c1598c\" data-element_type=\"column\" data-e-type=\"column\">\n\t\t\t<div class=\"elementor-widget-wrap elementor-element-populated\">\n\t\t\t\t\t\t<div class=\"elementor-element elementor-element-5c66ae1f elementor-posts--align-center elementor-grid-3 elementor-grid-tablet-2 elementor-grid-mobile-1 elementor-posts--thumbnail-top elementor-widget elementor-widget-posts\" data-id=\"5c66ae1f\" data-element_type=\"widget\" data-e-type=\"widget\" data-settings=\"{&quot;classic_columns&quot;:&quot;3&quot;,&quot;classic_columns_tablet&quot;:&quot;2&quot;,&quot;classic_columns_mobile&quot;:&quot;1&quot;,&quot;classic_row_gap&quot;:{&quot;unit&quot;:&quot;px&quot;,&quot;size&quot;:35,&quot;sizes&quot;:[]},&quot;classic_row_gap_tablet&quot;:{&quot;unit&quot;:&quot;px&quot;,&quot;size&quot;:&quot;&quot;,&quot;sizes&quot;:[]},&quot;classic_row_gap_mobile&quot;:{&quot;unit&quot;:&quot;px&quot;,&quot;size&quot;:&quot;&quot;,&quot;sizes&quot;:[]}}\" data-widget_type=\"posts.classic\">\n\t\t\t\t<div class=\"elementor-widget-container\">\n\t\t\t\t\t\t\t<div class=\"elementor-posts-container elementor-posts elementor-posts--skin-classic elementor-grid\">\n\t\t\t\t<article class=\"elementor-post elementor-grid-item post-8113 post type-post status-publish format-standard has-post-thumbnail hentry category-playas-almeria\">\n\t\t\t\t<a class=\"elementor-post__thumbnail__link\" href=\"https:\/\/media.marinalia.es\/fr\/blog\/playa-del-corralete\/\">\n\t\t\t<div class=\"elementor-post__thumbnail\"><img decoding=\"async\" width=\"1024\" height=\"338\" data-src=\"https:\/\/media.marinalia.es\/wp-content\/uploads\/2021\/12\/playa-del-corralete-cabo-de-gata-1024x338.jpg\" class=\"attachment-large size-large wp-image-8124 lazyload\" alt=\"playa del corralete cabo de gata\" data-srcset=\"https:\/\/media.marinalia.es\/wp-content\/uploads\/2021\/12\/playa-del-corralete-cabo-de-gata-1024x338.jpg 1024w, https:\/\/media.marinalia.es\/wp-content\/uploads\/2021\/12\/playa-del-corralete-cabo-de-gata-300x99.jpg 300w, https:\/\/media.marinalia.es\/wp-content\/uploads\/2021\/12\/playa-del-corralete-cabo-de-gata-768x253.jpg 768w, https:\/\/media.marinalia.es\/wp-content\/uploads\/2021\/12\/playa-del-corralete-cabo-de-gata-1536x506.jpg 1536w, https:\/\/media.marinalia.es\/wp-content\/uploads\/2021\/12\/playa-del-corralete-cabo-de-gata-18x6.jpg 18w, https:\/\/media.marinalia.es\/wp-content\/uploads\/2021\/12\/playa-del-corralete-cabo-de-gata.jpg 1820w\" data-sizes=\"(max-width: 1024px) 100vw, 1024px\" src=\"data:image\/gif;base64,R0lGODlhAQABAAAAACH5BAEKAAEALAAAAAABAAEAAAICTAEAOw==\" style=\"--smush-placeholder-width: 1024px; --smush-placeholder-aspect-ratio: 1024\/338;\" \/><\/div>\n\t\t<\/a>\n\t\t\t\t<div class=\"elementor-post__text\">\n\t\t\t\t<h4 class=\"elementor-post__title\">\n\t\t\t<a href=\"https:\/\/media.marinalia.es\/fr\/blog\/playa-del-corralete\/\">\n\t\t\t\tPlaya del Corralete\t\t\t<\/a>\n\t\t<\/h4>\n\t\t\t\t<\/div>\n\t\t\t\t<\/article>\n\t\t\t\t<article class=\"elementor-post elementor-grid-item post-7617 post type-post status-publish format-standard has-post-thumbnail hentry category-playas-almeria\">\n\t\t\t\t<a class=\"elementor-post__thumbnail__link\" href=\"https:\/\/media.marinalia.es\/fr\/blog\/cala-de-los-amarillos\/\">\n\t\t\t<div class=\"elementor-post__thumbnail\"><img decoding=\"async\" width=\"1024\" height=\"323\" data-src=\"https:\/\/media.marinalia.es\/wp-content\/uploads\/2025\/08\/cala-de-los-amarillos-1024x323.jpg\" class=\"attachment-large size-large wp-image-7668 lazyload\" alt=\"cala de los amarillos\" data-srcset=\"https:\/\/media.marinalia.es\/wp-content\/uploads\/2025\/08\/cala-de-los-amarillos-1024x323.jpg 1024w, https:\/\/media.marinalia.es\/wp-content\/uploads\/2025\/08\/cala-de-los-amarillos-300x95.jpg 300w, https:\/\/media.marinalia.es\/wp-content\/uploads\/2025\/08\/cala-de-los-amarillos-768x243.jpg 768w, https:\/\/media.marinalia.es\/wp-content\/uploads\/2025\/08\/cala-de-los-amarillos-1536x485.jpg 1536w, https:\/\/media.marinalia.es\/wp-content\/uploads\/2025\/08\/cala-de-los-amarillos-18x6.jpg 18w, https:\/\/media.marinalia.es\/wp-content\/uploads\/2025\/08\/cala-de-los-amarillos.jpg 1900w\" data-sizes=\"(max-width: 1024px) 100vw, 1024px\" src=\"data:image\/gif;base64,R0lGODlhAQABAAAAACH5BAEKAAEALAAAAAABAAEAAAICTAEAOw==\" style=\"--smush-placeholder-width: 1024px; --smush-placeholder-aspect-ratio: 1024\/323;\" \/><\/div>\n\t\t<\/a>\n\t\t\t\t<div class=\"elementor-post__text\">\n\t\t\t\t<h4 class=\"elementor-post__title\">\n\t\t\t<a href=\"https:\/\/media.marinalia.es\/fr\/blog\/cala-de-los-amarillos\/\">\n\t\t\t\tCala de los Amarillos\t\t\t<\/a>\n\t\t<\/h4>\n\t\t\t\t<\/div>\n\t\t\t\t<\/article>\n\t\t\t\t<article class=\"elementor-post elementor-grid-item post-7782 post type-post status-publish format-standard has-post-thumbnail hentry category-playas-almeria\">\n\t\t\t\t<a class=\"elementor-post__thumbnail__link\" href=\"https:\/\/media.marinalia.es\/fr\/blog\/cala-arena\/\">\n\t\t\t<div class=\"elementor-post__thumbnail\"><img decoding=\"async\" width=\"1024\" height=\"323\" data-src=\"https:\/\/media.marinalia.es\/wp-content\/uploads\/2021\/12\/cala-arena-1024x323.jpg\" class=\"attachment-large size-large wp-image-7793 lazyload\" alt=\"cala arena\" data-srcset=\"https:\/\/media.marinalia.es\/wp-content\/uploads\/2021\/12\/cala-arena-1024x323.jpg 1024w, https:\/\/media.marinalia.es\/wp-content\/uploads\/2021\/12\/cala-arena-300x95.jpg 300w, https:\/\/media.marinalia.es\/wp-content\/uploads\/2021\/12\/cala-arena-768x243.jpg 768w, https:\/\/media.marinalia.es\/wp-content\/uploads\/2021\/12\/cala-arena-1536x485.jpg 1536w, https:\/\/media.marinalia.es\/wp-content\/uploads\/2021\/12\/cala-arena-18x6.jpg 18w, https:\/\/media.marinalia.es\/wp-content\/uploads\/2021\/12\/cala-arena.jpg 1900w\" data-sizes=\"(max-width: 1024px) 100vw, 1024px\" src=\"data:image\/gif;base64,R0lGODlhAQABAAAAACH5BAEKAAEALAAAAAABAAEAAAICTAEAOw==\" style=\"--smush-placeholder-width: 1024px; --smush-placeholder-aspect-ratio: 1024\/323;\" \/><\/div>\n\t\t<\/a>\n\t\t\t\t<div class=\"elementor-post__text\">\n\t\t\t\t<h4 class=\"elementor-post__title\">\n\t\t\t<a href=\"https:\/\/media.marinalia.es\/fr\/blog\/cala-arena\/\">\n\t\t\t\tCala Arena\t\t\t<\/a>\n\t\t<\/h4>\n\t\t\t\t<\/div>\n\t\t\t\t<\/article>\n\t\t\t\t<article class=\"elementor-post elementor-grid-item post-7795 post type-post status-publish format-standard has-post-thumbnail hentry category-playas-almeria\">\n\t\t\t\t<a class=\"elementor-post__thumbnail__link\" href=\"https:\/\/media.marinalia.es\/fr\/blog\/playa-del-barronal\/\">\n\t\t\t<div class=\"elementor-post__thumbnail\"><img decoding=\"async\" width=\"1024\" height=\"323\" data-src=\"https:\/\/media.marinalia.es\/wp-content\/uploads\/2021\/12\/playa-del-barronal-1024x323.jpg\" class=\"attachment-large size-large wp-image-7806 lazyload\" alt=\"playa del barronal\" data-srcset=\"https:\/\/media.marinalia.es\/wp-content\/uploads\/2021\/12\/playa-del-barronal-1024x323.jpg 1024w, https:\/\/media.marinalia.es\/wp-content\/uploads\/2021\/12\/playa-del-barronal-300x95.jpg 300w, https:\/\/media.marinalia.es\/wp-content\/uploads\/2021\/12\/playa-del-barronal-768x243.jpg 768w, https:\/\/media.marinalia.es\/wp-content\/uploads\/2021\/12\/playa-del-barronal-1536x485.jpg 1536w, https:\/\/media.marinalia.es\/wp-content\/uploads\/2021\/12\/playa-del-barronal-18x6.jpg 18w, https:\/\/media.marinalia.es\/wp-content\/uploads\/2021\/12\/playa-del-barronal.jpg 1900w\" data-sizes=\"(max-width: 1024px) 100vw, 1024px\" src=\"data:image\/gif;base64,R0lGODlhAQABAAAAACH5BAEKAAEALAAAAAABAAEAAAICTAEAOw==\" style=\"--smush-placeholder-width: 1024px; --smush-placeholder-aspect-ratio: 1024\/323;\" \/><\/div>\n\t\t<\/a>\n\t\t\t\t<div class=\"elementor-post__text\">\n\t\t\t\t<h4 class=\"elementor-post__title\">\n\t\t\t<a href=\"https:\/\/media.marinalia.es\/fr\/blog\/playa-del-barronal\/\">\n\t\t\t\tPlaya del Barronal\t\t\t<\/a>\n\t\t<\/h4>\n\t\t\t\t<\/div>\n\t\t\t\t<\/article>\n\t\t\t\t<article class=\"elementor-post elementor-grid-item post-8214 post type-post status-publish format-standard has-post-thumbnail hentry category-playas-almeria\">\n\t\t\t\t<a class=\"elementor-post__thumbnail__link\" href=\"https:\/\/media.marinalia.es\/fr\/blog\/cala-chica-cabo-de-gata\/\">\n\t\t\t<div class=\"elementor-post__thumbnail\"><img decoding=\"async\" width=\"1024\" height=\"338\" data-src=\"https:\/\/media.marinalia.es\/wp-content\/uploads\/2021\/12\/cala-chica-cabo-de-gata-1024x338.jpg\" class=\"attachment-large size-large wp-image-8224 lazyload\" alt=\"cala chica cabo de gata\" data-srcset=\"https:\/\/media.marinalia.es\/wp-content\/uploads\/2021\/12\/cala-chica-cabo-de-gata-1024x338.jpg 1024w, https:\/\/media.marinalia.es\/wp-content\/uploads\/2021\/12\/cala-chica-cabo-de-gata-300x99.jpg 300w, https:\/\/media.marinalia.es\/wp-content\/uploads\/2021\/12\/cala-chica-cabo-de-gata-768x253.jpg 768w, https:\/\/media.marinalia.es\/wp-content\/uploads\/2021\/12\/cala-chica-cabo-de-gata-1536x506.jpg 1536w, https:\/\/media.marinalia.es\/wp-content\/uploads\/2021\/12\/cala-chica-cabo-de-gata-18x6.jpg 18w, https:\/\/media.marinalia.es\/wp-content\/uploads\/2021\/12\/cala-chica-cabo-de-gata.jpg 1820w\" data-sizes=\"(max-width: 1024px) 100vw, 1024px\" src=\"data:image\/gif;base64,R0lGODlhAQABAAAAACH5BAEKAAEALAAAAAABAAEAAAICTAEAOw==\" style=\"--smush-placeholder-width: 1024px; --smush-placeholder-aspect-ratio: 1024\/338;\" \/><\/div>\n\t\t<\/a>\n\t\t\t\t<div class=\"elementor-post__text\">\n\t\t\t\t<h4 class=\"elementor-post__title\">\n\t\t\t<a href=\"https:\/\/media.marinalia.es\/fr\/blog\/cala-chica-cabo-de-gata\/\">\n\t\t\t\tCala Chica, Cabo de Gata\t\t\t<\/a>\n\t\t<\/h4>\n\t\t\t\t<\/div>\n\t\t\t\t<\/article>\n\t\t\t\t<article class=\"elementor-post elementor-grid-item post-8154 post type-post status-publish format-standard has-post-thumbnail hentry category-playas-almeria category-playas-malaga\">\n\t\t\t\t<a class=\"elementor-post__thumbnail__link\" href=\"https:\/\/media.marinalia.es\/fr\/blog\/playa-del-saladillo\/\">\n\t\t\t<div class=\"elementor-post__thumbnail\"><img decoding=\"async\" width=\"1024\" height=\"338\" data-src=\"https:\/\/media.marinalia.es\/wp-content\/uploads\/2021\/12\/playa-del-saladillo-1024x338.jpg\" class=\"attachment-large size-large wp-image-8167 lazyload\" alt=\"playa del saladillo\" data-srcset=\"https:\/\/media.marinalia.es\/wp-content\/uploads\/2021\/12\/playa-del-saladillo-1024x338.jpg 1024w, https:\/\/media.marinalia.es\/wp-content\/uploads\/2021\/12\/playa-del-saladillo-300x99.jpg 300w, https:\/\/media.marinalia.es\/wp-content\/uploads\/2021\/12\/playa-del-saladillo-768x253.jpg 768w, https:\/\/media.marinalia.es\/wp-content\/uploads\/2021\/12\/playa-del-saladillo-1536x506.jpg 1536w, https:\/\/media.marinalia.es\/wp-content\/uploads\/2021\/12\/playa-del-saladillo-18x6.jpg 18w, https:\/\/media.marinalia.es\/wp-content\/uploads\/2021\/12\/playa-del-saladillo.jpg 1820w\" data-sizes=\"(max-width: 1024px) 100vw, 1024px\" src=\"data:image\/gif;base64,R0lGODlhAQABAAAAACH5BAEKAAEALAAAAAABAAEAAAICTAEAOw==\" style=\"--smush-placeholder-width: 1024px; --smush-placeholder-aspect-ratio: 1024\/338;\" \/><\/div>\n\t\t<\/a>\n\t\t\t\t<div class=\"elementor-post__text\">\n\t\t\t\t<h4 class=\"elementor-post__title\">\n\t\t\t<a href=\"https:\/\/media.marinalia.es\/fr\/blog\/playa-del-saladillo\/\">\n\t\t\t\tPlage de Saladillo\t\t\t<\/a>\n\t\t<\/h4>\n\t\t\t\t<\/div>\n\t\t\t\t<\/article>\n\t\t\t\t<\/div>\n\n\n\t\t\n\t\t\t\t\t\t<\/div>\n\t\t\t\t<\/div>\n\t\t\t\t<div class=\"elementor-element elementor-element-b05bed8 elementor-widget elementor-widget-spacer\" data-id=\"b05bed8\" data-element_type=\"widget\" data-e-type=\"widget\" data-widget_type=\"spacer.default\">\n\t\t\t\t\t\t\t<div class=\"elementor-spacer\">\n\t\t\t<div class=\"elementor-spacer-inner\"><\/div>\n\t\t<\/div>\n\t\t\t\t\t\t<\/div>\n\t\t\t\t\t<\/div>\n\t\t<\/div>\n\t\t\t\t\t<\/div>\n\t\t<\/section>\n\t\t\t\t<\/div>","protected":false},"excerpt":{"rendered":"<p>Si vous avez envie de visiter les criques de Cabo de Gata, nous pouvons vous dire que vous avez raison de vouloir les conna\u00eetre, car cette zone de l'\u00eele de la mer est une des plus belles du monde.<\/p>","protected":false},"author":1,"featured_media":2308,"comment_status":"closed","ping_status":"closed","sticky":false,"template":"","format":"standard","meta":{"site-sidebar-layout":"default","site-content-layout":"default","ast-site-content-layout":"default","site-content-style":"default","site-sidebar-style":"default","ast-global-header-display":"","ast-banner-title-visibility":"","ast-main-header-display":"","ast-hfb-above-header-display":"","ast-hfb-below-header-display":"","ast-hfb-mobile-header-display":"","site-post-title":"","ast-breadcrumbs-content":"","ast-featured-img":"","footer-sml-layout":"","ast-disable-related-posts":"","theme-transparent-header-meta":"default","adv-header-id-meta":"","stick-header-meta":"","header-above-stick-meta":"","header-main-stick-meta":"","header-below-stick-meta":"","astra-migrate-meta-layouts":"default","ast-page-background-enabled":"default","ast-page-background-meta":{"desktop":{"background-color":"var(--ast-global-color-4)","background-image":"","background-repeat":"repeat","background-position":"center center","background-size":"auto","background-attachment":"scroll","background-type":"","background-media":"","overlay-type":"","overlay-color":"","overlay-opacity":"","overlay-gradient":""},"tablet":{"background-color":"","background-image":"","background-repeat":"repeat","background-position":"center center","background-size":"auto","background-attachment":"scroll","background-type":"","background-media":"","overlay-type":"","overlay-color":"","overlay-opacity":"","overlay-gradient":""},"mobile":{"background-color":"","background-image":"","background-repeat":"repeat","background-position":"center center","background-size":"auto","background-attachment":"scroll","background-type":"","background-media":"","overlay-type":"","overlay-color":"","overlay-opacity":"","overlay-gradient":""}},"ast-content-background-meta":{"desktop":{"background-color":"var(--ast-global-color-5)","background-image":"","background-repeat":"repeat","background-position":"center center","background-size":"auto","background-attachment":"scroll","background-type":"","background-media":"","overlay-type":"","overlay-color":"","overlay-opacity":"","overlay-gradient":""},"tablet":{"background-color":"var(--ast-global-color-5)","background-image":"","background-repeat":"repeat","background-position":"center center","background-size":"auto","background-attachment":"scroll","background-type":"","background-media":"","overlay-type":"","overlay-color":"","overlay-opacity":"","overlay-gradient":""},"mobile":{"background-color":"var(--ast-global-color-5)","background-image":"","background-repeat":"repeat","background-position":"center center","background-size":"auto","background-attachment":"scroll","background-type":"","background-media":"","overlay-type":"","overlay-color":"","overlay-opacity":"","overlay-gradient":""}},"_joinchat":[],"footnotes":""},"categories":[14],"tags":[],"class_list":["post-2307","post","type-post","status-publish","format-standard","has-post-thumbnail","hentry","category-playas-almeria"],"_links":{"self":[{"href":"https:\/\/media.marinalia.es\/fr\/wp-json\/wp\/v2\/posts\/2307","targetHints":{"allow":["GET"]}}],"collection":[{"href":"https:\/\/media.marinalia.es\/fr\/wp-json\/wp\/v2\/posts"}],"about":[{"href":"https:\/\/media.marinalia.es\/fr\/wp-json\/wp\/v2\/types\/post"}],"author":[{"embeddable":true,"href":"https:\/\/media.marinalia.es\/fr\/wp-json\/wp\/v2\/users\/1"}],"replies":[{"embeddable":true,"href":"https:\/\/media.marinalia.es\/fr\/wp-json\/wp\/v2\/comments?post=2307"}],"version-history":[{"count":0,"href":"https:\/\/media.marinalia.es\/fr\/wp-json\/wp\/v2\/posts\/2307\/revisions"}],"wp:featuredmedia":[{"embeddable":true,"href":"https:\/\/media.marinalia.es\/fr\/wp-json\/wp\/v2\/media\/2308"}],"wp:attachment":[{"href":"https:\/\/media.marinalia.es\/fr\/wp-json\/wp\/v2\/media?parent=2307"}],"wp:term":[{"taxonomy":"category","embeddable":true,"href":"https:\/\/media.marinalia.es\/fr\/wp-json\/wp\/v2\/categories?post=2307"},{"taxonomy":"post_tag","embeddable":true,"href":"https:\/\/media.marinalia.es\/fr\/wp-json\/wp\/v2\/tags?post=2307"}],"curies":[{"name":"wp","href":"https:\/\/api.w.org\/{rel}","templated":true}]}}