{"id":1658,"date":"2022-01-15T14:00:03","date_gmt":"2022-01-15T13:00:03","guid":{"rendered":"https:\/\/media.marinalia.es\/?p=1658"},"modified":"2024-05-05T14:24:56","modified_gmt":"2024-05-05T13:24:56","slug":"cala-de-enmedio","status":"publish","type":"post","link":"https:\/\/media.marinalia.es\/fr\/blog\/cala-de-enmedio\/","title":{"rendered":"Enmedio Cove"},"content":{"rendered":"<div data-elementor-type=\"wp-post\" data-elementor-id=\"1658\" class=\"elementor elementor-1658\" data-elementor-post-type=\"post\">\n\t\t\t\t\t\t<section class=\"elementor-section elementor-top-section elementor-element elementor-element-5634140 elementor-section-boxed elementor-section-height-default elementor-section-height-default\" data-id=\"5634140\" data-element_type=\"section\" data-e-type=\"section\">\n\t\t\t\t\t\t<div class=\"elementor-container elementor-column-gap-default\">\n\t\t\t\t\t<div class=\"elementor-column elementor-col-100 elementor-top-column elementor-element elementor-element-2cd2eab\" data-id=\"2cd2eab\" data-element_type=\"column\" data-e-type=\"column\">\n\t\t\t<div class=\"elementor-widget-wrap elementor-element-populated\">\n\t\t\t\t\t\t<div class=\"elementor-element elementor-element-edb4f72 elementor-widget elementor-widget-text-editor\" data-id=\"edb4f72\" data-element_type=\"widget\" data-e-type=\"widget\" data-widget_type=\"text-editor.default\">\n\t\t\t\t\t\t\t\t\t<p>La Cala de Enmedio est une autre des perles de Cabo de Gata que nous souhaitons vous pr\u00e9senter aujourd'hui. C'est l'une des criques pr\u00e9f\u00e9r\u00e9es de nombreux visiteurs avertis qui se rendent dans cette r\u00e9gion d'Almeria. Elle a \u00e9galement \u00e9t\u00e9 s\u00e9lectionn\u00e9e \u00e0 plusieurs reprises comme l'une des plus belles plages d'Espagne. Elle est situ\u00e9e en plein milieu de la <a href=\"https:\/\/goo.gl\/maps\/3sWYBW8GxQ19pzGH7\" target=\"_blank\" rel=\"noopener\">Parc naturel de Cabo de Gata-N\u00edjar<\/a>.<\/p>\t\t\t\t\t\t\t\t<\/div>\n\t\t\t\t\t<\/div>\n\t\t<\/div>\n\t\t\t\t\t<\/div>\n\t\t<\/section>\n\t\t\t\t<section class=\"elementor-section elementor-top-section elementor-element elementor-element-01fc48d elementor-section-boxed elementor-section-height-default elementor-section-height-default\" data-id=\"01fc48d\" data-element_type=\"section\" data-e-type=\"section\">\n\t\t\t\t\t\t<div class=\"elementor-container elementor-column-gap-default\">\n\t\t\t\t\t<div class=\"elementor-column elementor-col-100 elementor-top-column elementor-element elementor-element-9842d2b\" data-id=\"9842d2b\" data-element_type=\"column\" data-e-type=\"column\">\n\t\t\t<div class=\"elementor-widget-wrap elementor-element-populated\">\n\t\t\t\t\t\t<div class=\"elementor-element elementor-element-195c870 elementor-widget elementor-widget-shortcode\" data-id=\"195c870\" data-element_type=\"widget\" data-e-type=\"widget\" data-widget_type=\"shortcode.default\">\n\t\t\t\t\t\t\t<div class=\"elementor-shortcode\"><blockquote class=\"instagram-media\" data-instgrm-captioned data-instgrm-permalink=\"https:\/\/www.instagram.com\/p\/COLW1plshuK\/?utm_source=ig_embed&amp;utm_campaign=loading\" data-instgrm-version=\"14\" style=\" background:#FFF; border:0; border-radius:3px; box-shadow:0 0 1px 0 rgba(0,0,0,0.5),0 1px 10px 0 rgba(0,0,0,0.15); margin: 1px; max-width:540px; min-width:326px; padding:0; width:99.375%; width:-webkit-calc(100% - 2px); width:calc(100% - 2px);\"><div style=\"padding:16px;\"> <a href=\"https:\/\/www.instagram.com\/p\/COLW1plshuK\/?utm_source=ig_embed&amp;utm_campaign=loading\" style=\" background:#FFFFFF; line-height:0; padding:0 0; text-align:center; text-decoration:none; width:100%;\" target=\"_blank\" rel=\"noopener\"> <div style=\" display: flex; flex-direction: row; align-items: center;\"> <div style=\"background-color: #F4F4F4; border-radius: 50%; flex-grow: 0; height: 40px; margin-right: 14px; width: 40px;\"><\/div> <div style=\"display: flex; flex-direction: column; flex-grow: 1; justify-content: center;\"> <div style=\" background-color: #F4F4F4; border-radius: 4px; flex-grow: 0; height: 14px; margin-bottom: 6px; width: 100px;\"><\/div> <div style=\" background-color: #F4F4F4; border-radius: 4px; flex-grow: 0; height: 14px; width: 60px;\"><\/div><\/div><\/div><div style=\"padding: 19% 0;\"><\/div> <div style=\"display:block; height:50px; margin:0 auto 12px; width:50px;\"><svg width=\"50px\" height=\"50px\" viewbox=\"0 0 60 60\" version=\"1.1\" xmlns=\"https:\/\/www.w3.org\/2000\/svg\" xmlns:xlink=\"https:\/\/www.w3.org\/1999\/xlink\"><g stroke=\"none\" stroke-width=\"1\" fill=\"none\" fill-rule=\"evenodd\"><g transform=\"translate(-511.000000, -20.000000)\" fill=\"#000000\"><g><path d=\"M556.869,30.41 C554.814,30.41 553.148,32.076 553.148,34.131 C553.148,36.186 554.814,37.852 556.869,37.852 C558.924,37.852 560.59,36.186 560.59,34.131 C560.59,32.076 558.924,30.41 556.869,30.41 M541,60.657 C535.114,60.657 530.342,55.887 530.342,50 C530.342,44.114 535.114,39.342 541,39.342 C546.887,39.342 551.658,44.114 551.658,50 C551.658,55.887 546.887,60.657 541,60.657 M541,33.886 C532.1,33.886 524.886,41.1 524.886,50 C524.886,58.899 532.1,66.113 541,66.113 C549.9,66.113 557.115,58.899 557.115,50 C557.115,41.1 549.9,33.886 541,33.886 M565.378,62.101 C565.244,65.022 564.756,66.606 564.346,67.663 C563.803,69.06 563.154,70.057 562.106,71.106 C561.058,72.155 560.06,72.803 558.662,73.347 C557.607,73.757 556.021,74.244 553.102,74.378 C549.944,74.521 548.997,74.552 541,74.552 C533.003,74.552 532.056,74.521 528.898,74.378 C525.979,74.244 524.393,73.757 523.338,73.347 C521.94,72.803 520.942,72.155 519.894,71.106 C518.846,70.057 518.197,69.06 517.654,67.663 C517.244,66.606 516.755,65.022 516.623,62.101 C516.479,58.943 516.448,57.996 516.448,50 C516.448,42.003 516.479,41.056 516.623,37.899 C516.755,34.978 517.244,33.391 517.654,32.338 C518.197,30.938 518.846,29.942 519.894,28.894 C520.942,27.846 521.94,27.196 523.338,26.654 C524.393,26.244 525.979,25.756 528.898,25.623 C532.057,25.479 533.004,25.448 541,25.448 C548.997,25.448 549.943,25.479 553.102,25.623 C556.021,25.756 557.607,26.244 558.662,26.654 C560.06,27.196 561.058,27.846 562.106,28.894 C563.154,29.942 563.803,30.938 564.346,32.338 C564.756,33.391 565.244,34.978 565.378,37.899 C565.522,41.056 565.552,42.003 565.552,50 C565.552,57.996 565.522,58.943 565.378,62.101 M570.82,37.631 C570.674,34.438 570.167,32.258 569.425,30.349 C568.659,28.377 567.633,26.702 565.965,25.035 C564.297,23.368 562.623,22.342 560.652,21.575 C558.743,20.834 556.562,20.326 553.369,20.18 C550.169,20.033 549.148,20 541,20 C532.853,20 531.831,20.033 528.631,20.18 C525.438,20.326 523.257,20.834 521.349,21.575 C519.376,22.342 517.703,23.368 516.035,25.035 C514.368,26.702 513.342,28.377 512.574,30.349 C511.834,32.258 511.326,34.438 511.181,37.631 C511.035,40.831 511,41.851 511,50 C511,58.147 511.035,59.17 511.181,62.369 C511.326,65.562 511.834,67.743 512.574,69.651 C513.342,71.625 514.368,73.296 516.035,74.965 C517.703,76.634 519.376,77.658 521.349,78.425 C523.257,79.167 525.438,79.673 528.631,79.82 C531.831,79.965 532.853,80.001 541,80.001 C549.148,80.001 550.169,79.965 553.369,79.82 C556.562,79.673 558.743,79.167 560.652,78.425 C562.623,77.658 564.297,76.634 565.965,74.965 C567.633,73.296 568.659,71.625 569.425,69.651 C570.167,67.743 570.674,65.562 570.82,62.369 C570.966,59.17 571,58.147 571,50 C571,41.851 570.966,40.831 570.82,37.631\"><\/path><\/g><\/g><\/g><\/svg><\/div><div style=\"padding-top: 8px;\"> <div style=\" color:#3897f0; font-family:Arial,sans-serif; font-size:14px; font-style:normal; font-weight:550; line-height:18px;\">Voir ce message sur Instagram<\/div><\/div><div style=\"padding: 12.5% 0;\"><\/div> <div style=\"display: flex; flex-direction: row; margin-bottom: 14px; align-items: center;\"><div> <div style=\"background-color: #F4F4F4; border-radius: 50%; height: 12.5px; width: 12.5px; transform: translateX(0px) translateY(7px);\"><\/div> <div style=\"background-color: #F4F4F4; height: 12.5px; transform: rotate(-45deg) translateX(3px) translateY(1px); width: 12.5px; flex-grow: 0; margin-right: 14px; margin-left: 2px;\"><\/div> <div style=\"background-color: #F4F4F4; border-radius: 50%; height: 12.5px; width: 12.5px; transform: translateX(9px) translateY(-18px);\"><\/div><\/div><div style=\"margin-left: 8px;\"> <div style=\" background-color: #F4F4F4; border-radius: 50%; flex-grow: 0; height: 20px; width: 20px;\"><\/div> <div style=\" width: 0; height: 0; border-top: 2px solid transparent; border-left: 6px solid #f4f4f4; border-bottom: 2px solid transparent; transform: translateX(16px) translateY(-4px) rotate(30deg)\"><\/div><\/div><div style=\"margin-left: auto;\"> <div style=\" width: 0px; border-top: 8px solid #F4F4F4; border-right: 8px solid transparent; transform: translateY(16px);\"><\/div> <div style=\" background-color: #F4F4F4; flex-grow: 0; height: 12px; width: 16px; transform: translateY(-4px);\"><\/div> <div style=\" width: 0; height: 0; border-top: 8px solid #F4F4F4; border-left: 8px solid transparent; transform: translateY(-4px) translateX(8px);\"><\/div><\/div><\/div> <div style=\"display: flex; flex-direction: column; flex-grow: 1; justify-content: center; margin-bottom: 24px;\"> <div style=\" background-color: #F4F4F4; border-radius: 4px; flex-grow: 0; height: 14px; margin-bottom: 6px; width: 224px;\"><\/div> <div style=\" background-color: #F4F4F4; border-radius: 4px; flex-grow: 0; height: 14px; width: 144px;\"><\/div><\/div><\/a><p style=\" color:#c9c8cd; font-family:Arial,sans-serif; font-size:14px; line-height:17px; margin-bottom:0; margin-top:8px; overflow:hidden; padding:8px 0 7px; text-align:center; text-overflow:ellipsis; white-space:nowrap;\"><a href=\"https:\/\/www.instagram.com\/p\/COLW1plshuK\/?utm_source=ig_embed&amp;utm_campaign=loading\" style=\" color:#c9c8cd; font-family:Arial,sans-serif; font-size:14px; font-style:normal; font-weight:normal; line-height:17px; text-decoration:none;\" target=\"_blank\" rel=\"noopener\">A post shared by Cabopino &amp; a Rental Apartment\ud83d\ude0e (@cabopinoandarentalapartment).<\/a><\/p><\/div><\/blockquote> <script async src=\"\/\/www.instagram.com\/embed.js\"><\/script><\/div>\n\t\t\t\t\t\t<\/div>\n\t\t\t\t\t<\/div>\n\t\t<\/div>\n\t\t\t\t\t<\/div>\n\t\t<\/section>\n\t\t\t\t<section class=\"elementor-section elementor-top-section elementor-element elementor-element-c495bfc elementor-section-boxed elementor-section-height-default elementor-section-height-default\" data-id=\"c495bfc\" data-element_type=\"section\" data-e-type=\"section\">\n\t\t\t\t\t\t<div class=\"elementor-container elementor-column-gap-default\">\n\t\t\t\t\t<div class=\"elementor-column elementor-col-100 elementor-top-column elementor-element elementor-element-f63df23\" data-id=\"f63df23\" data-element_type=\"column\" data-e-type=\"column\">\n\t\t\t<div class=\"elementor-widget-wrap\">\n\t\t\t\t\t\t\t<\/div>\n\t\t<\/div>\n\t\t\t\t\t<\/div>\n\t\t<\/section>\n\t\t\t\t<section class=\"elementor-section elementor-top-section elementor-element elementor-element-d807856 elementor-section-boxed elementor-section-height-default elementor-section-height-default\" data-id=\"d807856\" data-element_type=\"section\" data-e-type=\"section\">\n\t\t\t\t\t\t<div class=\"elementor-container elementor-column-gap-default\">\n\t\t\t\t\t<div class=\"elementor-column elementor-col-100 elementor-top-column elementor-element elementor-element-c8b037b\" data-id=\"c8b037b\" data-element_type=\"column\" data-e-type=\"column\">\n\t\t\t<div class=\"elementor-widget-wrap elementor-element-populated\">\n\t\t\t\t\t\t<div class=\"elementor-element elementor-element-87328f2 elementor-widget elementor-widget-heading\" data-id=\"87328f2\" data-element_type=\"widget\" data-e-type=\"widget\" data-widget_type=\"heading.default\">\n\t\t\t\t\t<h2 class=\"elementor-heading-title elementor-size-default\">Cala de Enmedio, un tr\u00e9sor \u00e0 Cabo de Gata<\/h2>\t\t\t\t<\/div>\n\t\t\t\t\t<\/div>\n\t\t<\/div>\n\t\t\t\t\t<\/div>\n\t\t<\/section>\n\t\t\t\t<section class=\"elementor-section elementor-top-section elementor-element elementor-element-03fd957 elementor-section-boxed elementor-section-height-default elementor-section-height-default\" data-id=\"03fd957\" data-element_type=\"section\" data-e-type=\"section\">\n\t\t\t\t\t\t<div class=\"elementor-container elementor-column-gap-default\">\n\t\t\t\t\t<div class=\"elementor-column elementor-col-100 elementor-top-column elementor-element elementor-element-1195469\" data-id=\"1195469\" data-element_type=\"column\" data-e-type=\"column\">\n\t\t\t<div class=\"elementor-widget-wrap elementor-element-populated\">\n\t\t\t\t\t\t<div class=\"elementor-element elementor-element-c4c1e8b elementor-widget elementor-widget-text-editor\" data-id=\"c4c1e8b\" data-element_type=\"widget\" data-e-type=\"widget\" data-widget_type=\"text-editor.default\">\n\t\t\t\t\t\t\t\t\t<p>Il ne fait aucun doute que l'on trouve dans cette r\u00e9gion de nombreux endroits \"vierges\", car il s'agit d'une r\u00e9gion tr\u00e8s bien entretenue \u00e0 cet \u00e9gard. Il ne s'agit pas d'une c\u00f4te exploit\u00e9e, pleine de villas et d'h\u00f4tels. Mais il y a toujours des criques plus tranquilles et plus cach\u00e9es que d'autres et c'est le cas de la Cala de enmedio, qui est une petite crique tranquille et intacte, \u00e0 l'\u00e9cart des zones les plus fr\u00e9quent\u00e9es.<\/p>\t\t\t\t\t\t\t\t<\/div>\n\t\t\t\t<div class=\"elementor-element elementor-element-a716d1a elementor-widget elementor-widget-image\" data-id=\"a716d1a\" data-element_type=\"widget\" data-e-type=\"widget\" data-widget_type=\"image.default\">\n\t\t\t\t\t\t\t\t\t\t\t\t\t\t\t<img fetchpriority=\"high\" decoding=\"async\" width=\"730\" height=\"490\" src=\"https:\/\/media.marinalia.es\/wp-content\/uploads\/2022\/01\/Cala-de-enmedio-2-1.jpg\" class=\"attachment-large size-large wp-image-1660\" alt=\"Cala de enmedio 2 1\" srcset=\"https:\/\/media.marinalia.es\/wp-content\/uploads\/2022\/01\/Cala-de-enmedio-2-1.jpg 730w, https:\/\/media.marinalia.es\/wp-content\/uploads\/2022\/01\/Cala-de-enmedio-2-1-300x201.jpg 300w\" sizes=\"(max-width: 730px) 100vw, 730px\" \/>\t\t\t\t\t\t\t\t\t\t\t\t\t\t\t<\/div>\n\t\t\t\t\t<\/div>\n\t\t<\/div>\n\t\t\t\t\t<\/div>\n\t\t<\/section>\n\t\t\t\t<section class=\"elementor-section elementor-top-section elementor-element elementor-element-b19213b elementor-section-boxed elementor-section-height-default elementor-section-height-default\" data-id=\"b19213b\" data-element_type=\"section\" data-e-type=\"section\">\n\t\t\t\t\t\t<div class=\"elementor-container elementor-column-gap-default\">\n\t\t\t\t\t<div class=\"elementor-column elementor-col-100 elementor-top-column elementor-element elementor-element-9b79fbc\" data-id=\"9b79fbc\" data-element_type=\"column\" data-e-type=\"column\">\n\t\t\t<div class=\"elementor-widget-wrap elementor-element-populated\">\n\t\t\t\t\t\t<div class=\"elementor-element elementor-element-b41c582 elementor-widget elementor-widget-spacer\" data-id=\"b41c582\" data-element_type=\"widget\" data-e-type=\"widget\" data-widget_type=\"spacer.default\">\n\t\t\t\t\t\t\t<div class=\"elementor-spacer\">\n\t\t\t<div class=\"elementor-spacer-inner\"><\/div>\n\t\t<\/div>\n\t\t\t\t\t\t<\/div>\n\t\t\t\t<div class=\"elementor-element elementor-element-985a396 elementor-widget elementor-widget-heading\" data-id=\"985a396\" data-element_type=\"widget\" data-e-type=\"widget\" data-widget_type=\"heading.default\">\n\t\t\t\t\t<h2 class=\"elementor-heading-title elementor-size-default\">La meilleure fa\u00e7on de profiter de la crique d'Enmedio <\/h2>\t\t\t\t<\/div>\n\t\t\t\t\t<\/div>\n\t\t<\/div>\n\t\t\t\t\t<\/div>\n\t\t<\/section>\n\t\t\t\t<section class=\"elementor-section elementor-top-section elementor-element elementor-element-09ceae1 elementor-section-boxed elementor-section-height-default elementor-section-height-default\" data-id=\"09ceae1\" data-element_type=\"section\" data-e-type=\"section\">\n\t\t\t\t\t\t<div class=\"elementor-container elementor-column-gap-default\">\n\t\t\t\t\t<div class=\"elementor-column elementor-col-100 elementor-top-column elementor-element elementor-element-1dae0d1\" data-id=\"1dae0d1\" data-element_type=\"column\" data-e-type=\"column\">\n\t\t\t<div class=\"elementor-widget-wrap elementor-element-populated\">\n\t\t\t\t\t\t<div class=\"elementor-element elementor-element-dc67199 elementor-widget elementor-widget-text-editor\" data-id=\"dc67199\" data-element_type=\"widget\" data-e-type=\"widget\" data-widget_type=\"text-editor.default\">\n\t\t\t\t\t\t\t\t\t<p>Les <strong>Anse Enmedio<\/strong> est une crique de sable fin, d\u00e9pourvue de pierres et de rochers. Cela permet \u00e0 ses eaux propres de devenir <strong>des eaux cristallines<\/strong> que nous devrions appr\u00e9cier. Et comme toujours, nous vous recommandons de le faire de la meilleure fa\u00e7on possible, c'est-\u00e0-dire en faisant du snorkeling. Son sable fin et ses eaux cristallines nous offrent une vue parfaite pour profiter des fonds marins d'Almeria.<\/p><p>Une autre caract\u00e9ristique de sa g\u00e9ographie est la pr\u00e9sence de dunes fossilis\u00e9es, qui constituent une autre attraction pour les visiteurs et les touristes, ainsi que pour les amateurs de photographie. Ces dunes s'enfoncent dans la mer, et les parcourir et les explorer est un autre des charmes de la crique.<\/p><p>Sachez que cette crique est \u00e9loign\u00e9e de tous les services dont vous pourriez avoir besoin pendant la journ\u00e9e. Il n'y a pas de poubelles ni de nettoyage quotidien. <strong>\u00eatre respectueux<\/strong> et prenez tout ce que vous avez apport\u00e9 avec vous. <\/p>\t\t\t\t\t\t\t\t<\/div>\n\t\t\t\t\t<\/div>\n\t\t<\/div>\n\t\t\t\t\t<\/div>\n\t\t<\/section>\n\t\t\t\t<section class=\"elementor-section elementor-top-section elementor-element elementor-element-8ebd9c6 elementor-section-boxed elementor-section-height-default elementor-section-height-default\" data-id=\"8ebd9c6\" data-element_type=\"section\" data-e-type=\"section\">\n\t\t\t\t\t\t<div class=\"elementor-container elementor-column-gap-default\">\n\t\t\t\t\t<div class=\"elementor-column elementor-col-100 elementor-top-column elementor-element elementor-element-672a5b2\" data-id=\"672a5b2\" data-element_type=\"column\" data-e-type=\"column\">\n\t\t\t<div class=\"elementor-widget-wrap elementor-element-populated\">\n\t\t\t\t\t\t<div class=\"elementor-element elementor-element-76c3ccd elementor-widget elementor-widget-heading\" data-id=\"76c3ccd\" data-element_type=\"widget\" data-e-type=\"widget\" data-widget_type=\"heading.default\">\n\t\t\t\t\t<h3 class=\"elementor-heading-title elementor-size-default\">Comment se rendre \u00e0 l'anse Enmedio<\/h3>\t\t\t\t<\/div>\n\t\t\t\t<div class=\"elementor-element elementor-element-e61b741 elementor-widget elementor-widget-text-editor\" data-id=\"e61b741\" data-element_type=\"widget\" data-e-type=\"widget\" data-widget_type=\"text-editor.default\">\n\t\t\t\t\t\t\t\t\t<p>La Cala de Enmedio n'est pas accessible en voiture, mais \u00e0 pied ou par la mer. Si vous le faites \u00e0 pied, vous aurez une longue marche \u00e0 faire, mais cela en vaut vraiment la peine. Nous vous laissons ici <strong>notre m\u00e9thode pr\u00e9f\u00e9r\u00e9e<\/strong> de l'arriv\u00e9e et de leur <strong>deux voies<\/strong> pour s'y rendre \u00e0 pied.<\/p>\t\t\t\t\t\t\t\t<\/div>\n\t\t\t\t<div class=\"elementor-element elementor-element-e46805d elementor-widget elementor-widget-heading\" data-id=\"e46805d\" data-element_type=\"widget\" data-e-type=\"widget\" data-widget_type=\"heading.default\">\n\t\t\t\t\t<h3 class=\"elementor-heading-title elementor-size-default\">Kayak jusqu'\u00e0 la crique d'Enmedio<\/h3>\t\t\t\t<\/div>\n\t\t\t\t<div class=\"elementor-element elementor-element-cfeb076 elementor-widget elementor-widget-text-editor\" data-id=\"cfeb076\" data-element_type=\"widget\" data-e-type=\"widget\" data-widget_type=\"text-editor.default\">\n\t\t\t\t\t\t\t\t\t<p><span style=\"font-weight: 400;\">Ce sera sans doute le meilleur moyen d'acc\u00e9der \u00e0 la crique. Nous sommes \u00e9videmment favorables \u00e0 l'id\u00e9e de parcourir toute la c\u00f4te en kayak, car les excursions que l'on peut faire autour de Cabo de Gata sont un spectacle. Il faut s'arr\u00eater \u00e0 chacune d'entre elles et profiter des merveilles qu'elles nous offrent. <\/span><\/p>\t\t\t\t\t\t\t\t<\/div>\n\t\t\t\t<div class=\"elementor-element elementor-element-188a8e6 elementor-widget elementor-widget-html\" data-id=\"188a8e6\" data-element_type=\"widget\" data-e-type=\"widget\" data-widget_type=\"html.default\">\n\t\t\t\t\t<iframe data-src=\"https:\/\/www.google.com\/maps\/embed?pb=!1m18!1m12!1m3!1d6378.829303446026!2d-1.9547193026447418!3d36.92825749581971!2m3!1f0!2f0!3f0!3m2!1i1024!2i768!4f13.1!3m3!1m2!1s0xd7ae782bb976b5f%3A0xac9c6818edc3b6c4!2sPlaya%20Cala%20de%20Enmedio!5e0!3m2!1ses!2ses!4v1642079577585!5m2!1ses!2ses\" width=\"600\" height=\"450\" style=\"border:0;\" allowfullscreen=\"\" src=\"data:image\/gif;base64,R0lGODlhAQABAAAAACH5BAEKAAEALAAAAAABAAEAAAICTAEAOw==\" class=\"lazyload\" data-load-mode=\"1\"><\/iframe> \t\t\t\t<\/div>\n\t\t\t\t<div class=\"elementor-element elementor-element-d7a2a00 elementor-widget elementor-widget-text-editor\" data-id=\"d7a2a00\" data-element_type=\"widget\" data-e-type=\"widget\" data-widget_type=\"text-editor.default\">\n\t\t\t\t\t\t\t\t\t<p><span style=\"font-size: 8pt;\"><a href=\"https:\/\/www.google.com\/maps?cid=12437930727167997636\" target=\"_blank\" rel=\"noopener\">Cartes de Googe cala de Enmedio<\/a><\/span><\/p>\t\t\t\t\t\t\t\t<\/div>\n\t\t\t\t<div class=\"elementor-element elementor-element-287577c elementor-widget elementor-widget-heading\" data-id=\"287577c\" data-element_type=\"widget\" data-e-type=\"widget\" data-widget_type=\"heading.default\">\n\t\t\t\t\t<h3 class=\"elementor-heading-title elementor-size-default\">Comment se rendre \u00e0 l'anse d'Enmedio depuis Agua Amarga ?<\/h3>\t\t\t\t<\/div>\n\t\t\t\t<div class=\"elementor-element elementor-element-1690b1d elementor-widget elementor-widget-text-editor\" data-id=\"1690b1d\" data-element_type=\"widget\" data-e-type=\"widget\" data-widget_type=\"text-editor.default\">\n\t\t\t\t\t\t\t\t\t<p><span style=\"font-weight: 400;\">Pour <strong>pour acc\u00e9der \u00e0 la Cala de Enmedio depuis Agua Amarga<\/strong> vous devrez marcher 2 kilom\u00e8tres de rien du tout. Il s'agit de 2 km avec un peu de pente, mais nous vous assurons que cela en vaut la peine. Nous vous recommandons de porter de bonnes chaussures au cas o\u00f9. Nous ne voulons pas que quelqu'un marche en tongs et ait des irritations.\u00a0 <\/span><\/p>\t\t\t\t\t\t\t\t<\/div>\n\t\t\t\t<div class=\"elementor-element elementor-element-03a5b27 elementor-widget elementor-widget-heading\" data-id=\"03a5b27\" data-element_type=\"widget\" data-e-type=\"widget\" data-widget_type=\"heading.default\">\n\t\t\t\t\t<h3 class=\"elementor-heading-title elementor-size-default\">Comment se rendre \u00e0 la crique Enmedio depuis le parking de Cala Plomo<\/h3>\t\t\t\t<\/div>\n\t\t\t\t<div class=\"elementor-element elementor-element-910d410 elementor-widget elementor-widget-text-editor\" data-id=\"910d410\" data-element_type=\"widget\" data-e-type=\"widget\" data-widget_type=\"text-editor.default\">\n\t\t\t\t\t\t\t\t\t<p>Si vous voulez aller <strong>de l'anse Plomo \u00e0 l'anse Enmedio<\/strong> vous pouvez le faire tr\u00e8s facilement. Vous pouvez vous rendre \u00e0 Cala Plomo en voiture et, de l\u00e0, vous devez passer devant les vestiges de l'ancienne roue \u00e0 aubes qui s'y trouve. De l\u00e0, il y a un sentier assez \u00e9troit de 1,7 kilom\u00e8tre. Cet itin\u00e9raire peut \u00eatre parcouru en 20 minutes.<\/p><p>Un arr\u00eat \u00e0 la crique d'Enmedio (\u00e0 pied ou en kayak) pour profiter de son sable fin et dor\u00e9 s'impose. <\/p>\t\t\t\t\t\t\t\t<\/div>\n\t\t\t\t<div class=\"elementor-element elementor-element-5e98411 elementor-widget elementor-widget-spacer\" data-id=\"5e98411\" data-element_type=\"widget\" data-e-type=\"widget\" data-widget_type=\"spacer.default\">\n\t\t\t\t\t\t\t<div class=\"elementor-spacer\">\n\t\t\t<div class=\"elementor-spacer-inner\"><\/div>\n\t\t<\/div>\n\t\t\t\t\t\t<\/div>\n\t\t\t\t\t<\/div>\n\t\t<\/div>\n\t\t\t\t\t<\/div>\n\t\t<\/section>\n\t\t\t\t<section class=\"elementor-section elementor-top-section elementor-element elementor-element-4a4a2f2 elementor-section-boxed elementor-section-height-default elementor-section-height-default\" data-id=\"4a4a2f2\" data-element_type=\"section\" data-e-type=\"section\">\n\t\t\t\t\t\t<div class=\"elementor-container elementor-column-gap-default\">\n\t\t\t\t\t<div class=\"elementor-column elementor-col-100 elementor-top-column elementor-element elementor-element-095159b\" data-id=\"095159b\" data-element_type=\"column\" data-e-type=\"column\">\n\t\t\t<div class=\"elementor-widget-wrap elementor-element-populated\">\n\t\t\t\t\t\t<div class=\"elementor-element elementor-element-61b0efb elementor-align-center elementor-widget elementor-widget-button\" data-id=\"61b0efb\" data-element_type=\"widget\" data-e-type=\"widget\" data-widget_type=\"button.default\">\n\t\t\t\t\t\t\t\t\t\t<a class=\"elementor-button elementor-button-link elementor-size-md\" href=\"https:\/\/marinalia.es\/199-actividades-cabo-de-gata\" target=\"_blank\" rel=\"noopener\">\n\t\t\t\t\t\t<span class=\"elementor-button-content-wrapper\">\n\t\t\t\t\t\t\t\t\t<span class=\"elementor-button-text\">Voir toutes les activit\u00e9s \u00e0 Cabo de Gata<\/span>\n\t\t\t\t\t<\/span>\n\t\t\t\t\t<\/a>\n\t\t\t\t\t\t\t\t<\/div>\n\t\t\t\t\t<\/div>\n\t\t<\/div>\n\t\t\t\t\t<\/div>\n\t\t<\/section>\n\t\t\t\t<section class=\"elementor-section elementor-top-section elementor-element elementor-element-f132a80 elementor-section-boxed elementor-section-height-default elementor-section-height-default\" data-id=\"f132a80\" data-element_type=\"section\" data-e-type=\"section\">\n\t\t\t\t\t\t<div class=\"elementor-container elementor-column-gap-default\">\n\t\t\t\t\t<div class=\"elementor-column elementor-col-100 elementor-top-column elementor-element elementor-element-3e4c752\" data-id=\"3e4c752\" data-element_type=\"column\" data-e-type=\"column\">\n\t\t\t<div class=\"elementor-widget-wrap elementor-element-populated\">\n\t\t\t\t\t\t<div class=\"elementor-element elementor-element-89dbee8 elementor-widget elementor-widget-spacer\" data-id=\"89dbee8\" data-element_type=\"widget\" data-e-type=\"widget\" data-widget_type=\"spacer.default\">\n\t\t\t\t\t\t\t<div class=\"elementor-spacer\">\n\t\t\t<div class=\"elementor-spacer-inner\"><\/div>\n\t\t<\/div>\n\t\t\t\t\t\t<\/div>\n\t\t\t\t\t<\/div>\n\t\t<\/div>\n\t\t\t\t\t<\/div>\n\t\t<\/section>\n\t\t\t\t<section class=\"elementor-section elementor-top-section elementor-element elementor-element-2454739f elementor-section-boxed elementor-section-height-default elementor-section-height-default\" data-id=\"2454739f\" data-element_type=\"section\" data-e-type=\"section\">\n\t\t\t\t\t\t<div class=\"elementor-container elementor-column-gap-default\">\n\t\t\t\t\t<div class=\"elementor-column elementor-col-100 elementor-top-column elementor-element elementor-element-6b7feea4\" data-id=\"6b7feea4\" data-element_type=\"column\" data-e-type=\"column\">\n\t\t\t<div class=\"elementor-widget-wrap elementor-element-populated\">\n\t\t\t\t\t\t<div class=\"elementor-element elementor-element-33084f05 elementor-widget elementor-widget-heading\" data-id=\"33084f05\" data-element_type=\"widget\" data-e-type=\"widget\" data-widget_type=\"heading.default\">\n\t\t\t\t\t<h3 class=\"elementor-heading-title elementor-size-default\">Plus de lieux \u00e0 d\u00e9couvrir<\/h3>\t\t\t\t<\/div>\n\t\t\t\t\t<\/div>\n\t\t<\/div>\n\t\t\t\t\t<\/div>\n\t\t<\/section>\n\t\t\t\t<section class=\"elementor-section elementor-top-section elementor-element elementor-element-2c357062 elementor-section-boxed elementor-section-height-default elementor-section-height-default\" data-id=\"2c357062\" data-element_type=\"section\" data-e-type=\"section\">\n\t\t\t\t\t\t<div class=\"elementor-container elementor-column-gap-default\">\n\t\t\t\t\t<div class=\"elementor-column elementor-col-100 elementor-top-column elementor-element elementor-element-19c1598c\" data-id=\"19c1598c\" data-element_type=\"column\" data-e-type=\"column\">\n\t\t\t<div class=\"elementor-widget-wrap elementor-element-populated\">\n\t\t\t\t\t\t<div class=\"elementor-element elementor-element-5c66ae1f elementor-posts--align-center elementor-grid-3 elementor-grid-tablet-2 elementor-grid-mobile-1 elementor-posts--thumbnail-top elementor-widget elementor-widget-posts\" data-id=\"5c66ae1f\" data-element_type=\"widget\" data-e-type=\"widget\" data-settings=\"{&quot;classic_columns&quot;:&quot;3&quot;,&quot;classic_columns_tablet&quot;:&quot;2&quot;,&quot;classic_columns_mobile&quot;:&quot;1&quot;,&quot;classic_row_gap&quot;:{&quot;unit&quot;:&quot;px&quot;,&quot;size&quot;:35,&quot;sizes&quot;:[]},&quot;classic_row_gap_tablet&quot;:{&quot;unit&quot;:&quot;px&quot;,&quot;size&quot;:&quot;&quot;,&quot;sizes&quot;:[]},&quot;classic_row_gap_mobile&quot;:{&quot;unit&quot;:&quot;px&quot;,&quot;size&quot;:&quot;&quot;,&quot;sizes&quot;:[]}}\" data-widget_type=\"posts.classic\">\n\t\t\t\t<div class=\"elementor-widget-container\">\n\t\t\t\t\t\t\t<div class=\"elementor-posts-container elementor-posts elementor-posts--skin-classic elementor-grid\" role=\"list\">\n\t\t\t\t<article class=\"elementor-post elementor-grid-item post-8113 post type-post status-publish format-standard has-post-thumbnail hentry category-playas-almeria\" role=\"listitem\">\n\t\t\t\t<a class=\"elementor-post__thumbnail__link\" href=\"https:\/\/media.marinalia.es\/fr\/blog\/playa-del-corralete\/\" tabindex=\"-1\">\n\t\t\t<div class=\"elementor-post__thumbnail\"><img decoding=\"async\" width=\"1024\" height=\"338\" data-src=\"https:\/\/media.marinalia.es\/wp-content\/uploads\/2021\/12\/playa-del-corralete-cabo-de-gata-1024x338.jpg\" class=\"attachment-large size-large wp-image-8124 lazyload\" alt=\"playa del corralete cabo de gata\" data-srcset=\"https:\/\/media.marinalia.es\/wp-content\/uploads\/2021\/12\/playa-del-corralete-cabo-de-gata-1024x338.jpg 1024w, https:\/\/media.marinalia.es\/wp-content\/uploads\/2021\/12\/playa-del-corralete-cabo-de-gata-300x99.jpg 300w, https:\/\/media.marinalia.es\/wp-content\/uploads\/2021\/12\/playa-del-corralete-cabo-de-gata-768x253.jpg 768w, https:\/\/media.marinalia.es\/wp-content\/uploads\/2021\/12\/playa-del-corralete-cabo-de-gata-1536x506.jpg 1536w, https:\/\/media.marinalia.es\/wp-content\/uploads\/2021\/12\/playa-del-corralete-cabo-de-gata-18x6.jpg 18w, https:\/\/media.marinalia.es\/wp-content\/uploads\/2021\/12\/playa-del-corralete-cabo-de-gata.jpg 1820w\" data-sizes=\"(max-width: 1024px) 100vw, 1024px\" src=\"data:image\/gif;base64,R0lGODlhAQABAAAAACH5BAEKAAEALAAAAAABAAEAAAICTAEAOw==\" style=\"--smush-placeholder-width: 1024px; --smush-placeholder-aspect-ratio: 1024\/338;\" \/><\/div>\n\t\t<\/a>\n\t\t\t\t<div class=\"elementor-post__text\">\n\t\t\t\t<h4 class=\"elementor-post__title\">\n\t\t\t<a href=\"https:\/\/media.marinalia.es\/fr\/blog\/playa-del-corralete\/\">\n\t\t\t\tPlaya del Corralete\t\t\t<\/a>\n\t\t<\/h4>\n\t\t\t\t<\/div>\n\t\t\t\t<\/article>\n\t\t\t\t<article class=\"elementor-post elementor-grid-item post-7617 post type-post status-publish format-standard has-post-thumbnail hentry category-playas-almeria\" role=\"listitem\">\n\t\t\t\t<a class=\"elementor-post__thumbnail__link\" href=\"https:\/\/media.marinalia.es\/fr\/blog\/cala-de-los-amarillos\/\" tabindex=\"-1\">\n\t\t\t<div class=\"elementor-post__thumbnail\"><img decoding=\"async\" width=\"1024\" height=\"323\" data-src=\"https:\/\/media.marinalia.es\/wp-content\/uploads\/2025\/08\/cala-de-los-amarillos-1024x323.jpg\" class=\"attachment-large size-large wp-image-7668 lazyload\" alt=\"cala de los amarillos\" data-srcset=\"https:\/\/media.marinalia.es\/wp-content\/uploads\/2025\/08\/cala-de-los-amarillos-1024x323.jpg 1024w, https:\/\/media.marinalia.es\/wp-content\/uploads\/2025\/08\/cala-de-los-amarillos-300x95.jpg 300w, https:\/\/media.marinalia.es\/wp-content\/uploads\/2025\/08\/cala-de-los-amarillos-768x243.jpg 768w, https:\/\/media.marinalia.es\/wp-content\/uploads\/2025\/08\/cala-de-los-amarillos-1536x485.jpg 1536w, https:\/\/media.marinalia.es\/wp-content\/uploads\/2025\/08\/cala-de-los-amarillos-18x6.jpg 18w, https:\/\/media.marinalia.es\/wp-content\/uploads\/2025\/08\/cala-de-los-amarillos.jpg 1900w\" data-sizes=\"(max-width: 1024px) 100vw, 1024px\" src=\"data:image\/gif;base64,R0lGODlhAQABAAAAACH5BAEKAAEALAAAAAABAAEAAAICTAEAOw==\" style=\"--smush-placeholder-width: 1024px; --smush-placeholder-aspect-ratio: 1024\/323;\" \/><\/div>\n\t\t<\/a>\n\t\t\t\t<div class=\"elementor-post__text\">\n\t\t\t\t<h4 class=\"elementor-post__title\">\n\t\t\t<a href=\"https:\/\/media.marinalia.es\/fr\/blog\/cala-de-los-amarillos\/\">\n\t\t\t\tCala de los Amarillos\t\t\t<\/a>\n\t\t<\/h4>\n\t\t\t\t<\/div>\n\t\t\t\t<\/article>\n\t\t\t\t<article class=\"elementor-post elementor-grid-item post-7782 post type-post status-publish format-standard has-post-thumbnail hentry category-playas-almeria\" role=\"listitem\">\n\t\t\t\t<a class=\"elementor-post__thumbnail__link\" href=\"https:\/\/media.marinalia.es\/fr\/blog\/cala-arena\/\" tabindex=\"-1\">\n\t\t\t<div class=\"elementor-post__thumbnail\"><img decoding=\"async\" width=\"1024\" height=\"323\" data-src=\"https:\/\/media.marinalia.es\/wp-content\/uploads\/2021\/12\/cala-arena-1024x323.jpg\" class=\"attachment-large size-large wp-image-7793 lazyload\" alt=\"cala arena\" data-srcset=\"https:\/\/media.marinalia.es\/wp-content\/uploads\/2021\/12\/cala-arena-1024x323.jpg 1024w, https:\/\/media.marinalia.es\/wp-content\/uploads\/2021\/12\/cala-arena-300x95.jpg 300w, https:\/\/media.marinalia.es\/wp-content\/uploads\/2021\/12\/cala-arena-768x243.jpg 768w, https:\/\/media.marinalia.es\/wp-content\/uploads\/2021\/12\/cala-arena-1536x485.jpg 1536w, https:\/\/media.marinalia.es\/wp-content\/uploads\/2021\/12\/cala-arena-18x6.jpg 18w, https:\/\/media.marinalia.es\/wp-content\/uploads\/2021\/12\/cala-arena.jpg 1900w\" data-sizes=\"(max-width: 1024px) 100vw, 1024px\" src=\"data:image\/gif;base64,R0lGODlhAQABAAAAACH5BAEKAAEALAAAAAABAAEAAAICTAEAOw==\" style=\"--smush-placeholder-width: 1024px; --smush-placeholder-aspect-ratio: 1024\/323;\" \/><\/div>\n\t\t<\/a>\n\t\t\t\t<div class=\"elementor-post__text\">\n\t\t\t\t<h4 class=\"elementor-post__title\">\n\t\t\t<a href=\"https:\/\/media.marinalia.es\/fr\/blog\/cala-arena\/\">\n\t\t\t\tCala Arena\t\t\t<\/a>\n\t\t<\/h4>\n\t\t\t\t<\/div>\n\t\t\t\t<\/article>\n\t\t\t\t<article class=\"elementor-post elementor-grid-item post-7795 post type-post status-publish format-standard has-post-thumbnail hentry category-playas-almeria\" role=\"listitem\">\n\t\t\t\t<a class=\"elementor-post__thumbnail__link\" href=\"https:\/\/media.marinalia.es\/fr\/blog\/playa-del-barronal\/\" tabindex=\"-1\">\n\t\t\t<div class=\"elementor-post__thumbnail\"><img decoding=\"async\" width=\"1024\" height=\"323\" data-src=\"https:\/\/media.marinalia.es\/wp-content\/uploads\/2021\/12\/playa-del-barronal-1024x323.jpg\" class=\"attachment-large size-large wp-image-7806 lazyload\" alt=\"playa del barronal\" data-srcset=\"https:\/\/media.marinalia.es\/wp-content\/uploads\/2021\/12\/playa-del-barronal-1024x323.jpg 1024w, https:\/\/media.marinalia.es\/wp-content\/uploads\/2021\/12\/playa-del-barronal-300x95.jpg 300w, https:\/\/media.marinalia.es\/wp-content\/uploads\/2021\/12\/playa-del-barronal-768x243.jpg 768w, https:\/\/media.marinalia.es\/wp-content\/uploads\/2021\/12\/playa-del-barronal-1536x485.jpg 1536w, https:\/\/media.marinalia.es\/wp-content\/uploads\/2021\/12\/playa-del-barronal-18x6.jpg 18w, https:\/\/media.marinalia.es\/wp-content\/uploads\/2021\/12\/playa-del-barronal.jpg 1900w\" data-sizes=\"(max-width: 1024px) 100vw, 1024px\" src=\"data:image\/gif;base64,R0lGODlhAQABAAAAACH5BAEKAAEALAAAAAABAAEAAAICTAEAOw==\" style=\"--smush-placeholder-width: 1024px; --smush-placeholder-aspect-ratio: 1024\/323;\" \/><\/div>\n\t\t<\/a>\n\t\t\t\t<div class=\"elementor-post__text\">\n\t\t\t\t<h4 class=\"elementor-post__title\">\n\t\t\t<a href=\"https:\/\/media.marinalia.es\/fr\/blog\/playa-del-barronal\/\">\n\t\t\t\tPlaya del Barronal\t\t\t<\/a>\n\t\t<\/h4>\n\t\t\t\t<\/div>\n\t\t\t\t<\/article>\n\t\t\t\t<article class=\"elementor-post elementor-grid-item post-8214 post type-post status-publish format-standard has-post-thumbnail hentry category-playas-almeria\" role=\"listitem\">\n\t\t\t\t<a class=\"elementor-post__thumbnail__link\" href=\"https:\/\/media.marinalia.es\/fr\/blog\/cala-chica-cabo-de-gata\/\" tabindex=\"-1\">\n\t\t\t<div class=\"elementor-post__thumbnail\"><img decoding=\"async\" width=\"1024\" height=\"338\" data-src=\"https:\/\/media.marinalia.es\/wp-content\/uploads\/2021\/12\/cala-chica-cabo-de-gata-1024x338.jpg\" class=\"attachment-large size-large wp-image-8224 lazyload\" alt=\"cala chica cabo de gata\" data-srcset=\"https:\/\/media.marinalia.es\/wp-content\/uploads\/2021\/12\/cala-chica-cabo-de-gata-1024x338.jpg 1024w, https:\/\/media.marinalia.es\/wp-content\/uploads\/2021\/12\/cala-chica-cabo-de-gata-300x99.jpg 300w, https:\/\/media.marinalia.es\/wp-content\/uploads\/2021\/12\/cala-chica-cabo-de-gata-768x253.jpg 768w, https:\/\/media.marinalia.es\/wp-content\/uploads\/2021\/12\/cala-chica-cabo-de-gata-1536x506.jpg 1536w, https:\/\/media.marinalia.es\/wp-content\/uploads\/2021\/12\/cala-chica-cabo-de-gata-18x6.jpg 18w, https:\/\/media.marinalia.es\/wp-content\/uploads\/2021\/12\/cala-chica-cabo-de-gata.jpg 1820w\" data-sizes=\"(max-width: 1024px) 100vw, 1024px\" src=\"data:image\/gif;base64,R0lGODlhAQABAAAAACH5BAEKAAEALAAAAAABAAEAAAICTAEAOw==\" style=\"--smush-placeholder-width: 1024px; --smush-placeholder-aspect-ratio: 1024\/338;\" \/><\/div>\n\t\t<\/a>\n\t\t\t\t<div class=\"elementor-post__text\">\n\t\t\t\t<h4 class=\"elementor-post__title\">\n\t\t\t<a href=\"https:\/\/media.marinalia.es\/fr\/blog\/cala-chica-cabo-de-gata\/\">\n\t\t\t\tCala Chica, Cabo de Gata\t\t\t<\/a>\n\t\t<\/h4>\n\t\t\t\t<\/div>\n\t\t\t\t<\/article>\n\t\t\t\t<article class=\"elementor-post elementor-grid-item post-8154 post type-post status-publish format-standard has-post-thumbnail hentry category-playas-almeria category-playas-malaga\" role=\"listitem\">\n\t\t\t\t<a class=\"elementor-post__thumbnail__link\" href=\"https:\/\/media.marinalia.es\/fr\/blog\/playa-del-saladillo\/\" tabindex=\"-1\">\n\t\t\t<div class=\"elementor-post__thumbnail\"><img decoding=\"async\" width=\"1024\" height=\"338\" data-src=\"https:\/\/media.marinalia.es\/wp-content\/uploads\/2021\/12\/playa-del-saladillo-1024x338.jpg\" class=\"attachment-large size-large wp-image-8167 lazyload\" alt=\"playa del saladillo\" data-srcset=\"https:\/\/media.marinalia.es\/wp-content\/uploads\/2021\/12\/playa-del-saladillo-1024x338.jpg 1024w, https:\/\/media.marinalia.es\/wp-content\/uploads\/2021\/12\/playa-del-saladillo-300x99.jpg 300w, https:\/\/media.marinalia.es\/wp-content\/uploads\/2021\/12\/playa-del-saladillo-768x253.jpg 768w, https:\/\/media.marinalia.es\/wp-content\/uploads\/2021\/12\/playa-del-saladillo-1536x506.jpg 1536w, https:\/\/media.marinalia.es\/wp-content\/uploads\/2021\/12\/playa-del-saladillo-18x6.jpg 18w, https:\/\/media.marinalia.es\/wp-content\/uploads\/2021\/12\/playa-del-saladillo.jpg 1820w\" data-sizes=\"(max-width: 1024px) 100vw, 1024px\" src=\"data:image\/gif;base64,R0lGODlhAQABAAAAACH5BAEKAAEALAAAAAABAAEAAAICTAEAOw==\" style=\"--smush-placeholder-width: 1024px; --smush-placeholder-aspect-ratio: 1024\/338;\" \/><\/div>\n\t\t<\/a>\n\t\t\t\t<div class=\"elementor-post__text\">\n\t\t\t\t<h4 class=\"elementor-post__title\">\n\t\t\t<a href=\"https:\/\/media.marinalia.es\/fr\/blog\/playa-del-saladillo\/\">\n\t\t\t\tPlage de Saladillo\t\t\t<\/a>\n\t\t<\/h4>\n\t\t\t\t<\/div>\n\t\t\t\t<\/article>\n\t\t\t\t<\/div>\n\t\t\n\t\t\t\t\t\t<\/div>\n\t\t\t\t<\/div>\n\t\t\t\t<div class=\"elementor-element elementor-element-b05bed8 elementor-widget elementor-widget-spacer\" data-id=\"b05bed8\" data-element_type=\"widget\" data-e-type=\"widget\" data-widget_type=\"spacer.default\">\n\t\t\t\t\t\t\t<div class=\"elementor-spacer\">\n\t\t\t<div class=\"elementor-spacer-inner\"><\/div>\n\t\t<\/div>\n\t\t\t\t\t\t<\/div>\n\t\t\t\t\t<\/div>\n\t\t<\/div>\n\t\t\t\t\t<\/div>\n\t\t<\/section>\n\t\t\t\t<\/div>","protected":false},"excerpt":{"rendered":"<p>La Cala de Enmedio est une autre des perles de Cabo de Gata que nous souhaitons vous pr\u00e9senter aujourd'hui. C'est l'une des criques pr\u00e9f\u00e9r\u00e9es des<\/p>","protected":false},"author":1,"featured_media":1660,"comment_status":"closed","ping_status":"closed","sticky":false,"template":"","format":"standard","meta":{"site-sidebar-layout":"default","site-content-layout":"default","ast-site-content-layout":"default","site-content-style":"default","site-sidebar-style":"default","ast-global-header-display":"","ast-banner-title-visibility":"","ast-main-header-display":"","ast-hfb-above-header-display":"","ast-hfb-below-header-display":"","ast-hfb-mobile-header-display":"","site-post-title":"","ast-breadcrumbs-content":"","ast-featured-img":"","footer-sml-layout":"","ast-disable-related-posts":"","theme-transparent-header-meta":"default","adv-header-id-meta":"","stick-header-meta":"","header-above-stick-meta":"","header-main-stick-meta":"","header-below-stick-meta":"","astra-migrate-meta-layouts":"default","ast-page-background-enabled":"default","ast-page-background-meta":{"desktop":{"background-color":"var(--ast-global-color-4)","background-image":"","background-repeat":"repeat","background-position":"center center","background-size":"auto","background-attachment":"scroll","background-type":"","background-media":"","overlay-type":"","overlay-color":"","overlay-opacity":"","overlay-gradient":""},"tablet":{"background-color":"","background-image":"","background-repeat":"repeat","background-position":"center center","background-size":"auto","background-attachment":"scroll","background-type":"","background-media":"","overlay-type":"","overlay-color":"","overlay-opacity":"","overlay-gradient":""},"mobile":{"background-color":"","background-image":"","background-repeat":"repeat","background-position":"center center","background-size":"auto","background-attachment":"scroll","background-type":"","background-media":"","overlay-type":"","overlay-color":"","overlay-opacity":"","overlay-gradient":""}},"ast-content-background-meta":{"desktop":{"background-color":"var(--ast-global-color-5)","background-image":"","background-repeat":"repeat","background-position":"center center","background-size":"auto","background-attachment":"scroll","background-type":"","background-media":"","overlay-type":"","overlay-color":"","overlay-opacity":"","overlay-gradient":""},"tablet":{"background-color":"var(--ast-global-color-5)","background-image":"","background-repeat":"repeat","background-position":"center center","background-size":"auto","background-attachment":"scroll","background-type":"","background-media":"","overlay-type":"","overlay-color":"","overlay-opacity":"","overlay-gradient":""},"mobile":{"background-color":"var(--ast-global-color-5)","background-image":"","background-repeat":"repeat","background-position":"center center","background-size":"auto","background-attachment":"scroll","background-type":"","background-media":"","overlay-type":"","overlay-color":"","overlay-opacity":"","overlay-gradient":""}},"_joinchat":[],"footnotes":""},"categories":[14],"tags":[],"class_list":["post-1658","post","type-post","status-publish","format-standard","has-post-thumbnail","hentry","category-playas-almeria"],"_links":{"self":[{"href":"https:\/\/media.marinalia.es\/fr\/wp-json\/wp\/v2\/posts\/1658","targetHints":{"allow":["GET"]}}],"collection":[{"href":"https:\/\/media.marinalia.es\/fr\/wp-json\/wp\/v2\/posts"}],"about":[{"href":"https:\/\/media.marinalia.es\/fr\/wp-json\/wp\/v2\/types\/post"}],"author":[{"embeddable":true,"href":"https:\/\/media.marinalia.es\/fr\/wp-json\/wp\/v2\/users\/1"}],"replies":[{"embeddable":true,"href":"https:\/\/media.marinalia.es\/fr\/wp-json\/wp\/v2\/comments?post=1658"}],"version-history":[{"count":0,"href":"https:\/\/media.marinalia.es\/fr\/wp-json\/wp\/v2\/posts\/1658\/revisions"}],"wp:featuredmedia":[{"embeddable":true,"href":"https:\/\/media.marinalia.es\/fr\/wp-json\/wp\/v2\/media\/1660"}],"wp:attachment":[{"href":"https:\/\/media.marinalia.es\/fr\/wp-json\/wp\/v2\/media?parent=1658"}],"wp:term":[{"taxonomy":"category","embeddable":true,"href":"https:\/\/media.marinalia.es\/fr\/wp-json\/wp\/v2\/categories?post=1658"},{"taxonomy":"post_tag","embeddable":true,"href":"https:\/\/media.marinalia.es\/fr\/wp-json\/wp\/v2\/tags?post=1658"}],"curies":[{"name":"wp","href":"https:\/\/api.w.org\/{rel}","templated":true}]}}