{"id":1186,"date":"2021-12-30T13:20:37","date_gmt":"2021-12-30T12:20:37","guid":{"rendered":"https:\/\/media.marinalia.es\/?p=1186"},"modified":"2024-01-16T09:31:45","modified_gmt":"2024-01-16T08:31:45","slug":"meilleurs-marches-de-noel-costa-blanca","status":"publish","type":"post","link":"https:\/\/media.marinalia.es\/fr\/blog\/meilleurs-marches-de-noel-costa-blanca\/","title":{"rendered":"Les 4 meilleurs march\u00e9s de No\u00ebl de Marina Alta"},"content":{"rendered":"<div data-elementor-type=\"wp-post\" data-elementor-id=\"1186\" class=\"elementor elementor-1186\">\n\t\t\t\t\t\t<section class=\"elementor-section elementor-top-section elementor-element elementor-element-5634140 elementor-section-boxed elementor-section-height-default elementor-section-height-default\" data-id=\"5634140\" data-element_type=\"section\" data-e-type=\"section\">\n\t\t\t\t\t\t<div class=\"elementor-container elementor-column-gap-default\">\n\t\t\t\t\t<div class=\"elementor-column elementor-col-100 elementor-top-column elementor-element elementor-element-2cd2eab\" data-id=\"2cd2eab\" data-element_type=\"column\" data-e-type=\"column\">\n\t\t\t<div class=\"elementor-widget-wrap elementor-element-populated\">\n\t\t\t\t\t\t<div class=\"elementor-element elementor-element-edb4f72 elementor-widget elementor-widget-text-editor\" data-id=\"edb4f72\" data-element_type=\"widget\" data-e-type=\"widget\" data-widget_type=\"text-editor.default\">\n\t\t\t\t\t\t\t\t\t<p>Le mois de d\u00e9cembre est arriv\u00e9 et le lancement officiel de la <strong>P\u00e9riode de No\u00ebl<\/strong>. Les rues sont d\u00e9cor\u00e9es de lumi\u00e8res de No\u00ebl, les vitrines des magasins sont plus lumineuses que jamais, les supermarch\u00e9s regorgent de nougat, de massepain et d'autres produits de No\u00ebl. Et bien s\u00fbr, les march\u00e9s de No\u00ebl dans les villages de la r\u00e9gion sont incontournables. <strong>Marina Alta<\/strong>.<\/p><p>Voici les 4 meilleurs march\u00e9s de No\u00ebl, bien qu'apr\u00e8s cette pand\u00e9mie, je ne sais pas combien d'entre eux seront modifi\u00e9s.<\/p><p>\u00a0<\/p>\t\t\t\t\t\t\t\t<\/div>\n\t\t\t\t\t<\/div>\n\t\t<\/div>\n\t\t\t\t\t<\/div>\n\t\t<\/section>\n\t\t\t\t<section class=\"elementor-section elementor-top-section elementor-element elementor-element-01fc48d elementor-section-boxed elementor-section-height-default elementor-section-height-default\" data-id=\"01fc48d\" data-element_type=\"section\" data-e-type=\"section\">\n\t\t\t\t\t\t<div class=\"elementor-container elementor-column-gap-default\">\n\t\t\t\t\t<div class=\"elementor-column elementor-col-100 elementor-top-column elementor-element elementor-element-9842d2b\" data-id=\"9842d2b\" data-element_type=\"column\" data-e-type=\"column\">\n\t\t\t<div class=\"elementor-widget-wrap elementor-element-populated\">\n\t\t\t\t\t\t<div class=\"elementor-element elementor-element-195c870 elementor-widget elementor-widget-shortcode\" data-id=\"195c870\" data-element_type=\"widget\" data-e-type=\"widget\" data-widget_type=\"shortcode.default\">\n\t\t\t\t\t\t\t<div class=\"elementor-shortcode\"><blockquote class=\"instagram-media\" data-instgrm-captioned data-instgrm-permalink=\"https:\/\/www.instagram.com\/p\/CXvjQXjr-OI\/?utm_source=ig_embed&amp;utm_campaign=loading\" data-instgrm-version=\"14\" style=\" background:#FFF; border:0; border-radius:3px; box-shadow:0 0 1px 0 rgba(0,0,0,0.5),0 1px 10px 0 rgba(0,0,0,0.15); margin: 1px; max-width:540px; min-width:326px; padding:0; width:99.375%; width:-webkit-calc(100% - 2px); width:calc(100% - 2px);\"><div style=\"padding:16px;\"> <a href=\"https:\/\/www.instagram.com\/p\/CXvjQXjr-OI\/?utm_source=ig_embed&amp;utm_campaign=loading\" style=\" background:#FFFFFF; line-height:0; padding:0 0; text-align:center; text-decoration:none; width:100%;\" target=\"_blank\" rel=\"noopener\"> <div style=\" display: flex; flex-direction: row; align-items: center;\"> <div style=\"background-color: #F4F4F4; border-radius: 50%; flex-grow: 0; height: 40px; margin-right: 14px; width: 40px;\"><\/div> <div style=\"display: flex; flex-direction: column; flex-grow: 1; justify-content: center;\"> <div style=\" background-color: #F4F4F4; border-radius: 4px; flex-grow: 0; height: 14px; margin-bottom: 6px; width: 100px;\"><\/div> <div style=\" background-color: #F4F4F4; border-radius: 4px; flex-grow: 0; height: 14px; width: 60px;\"><\/div><\/div><\/div><div style=\"padding: 19% 0;\"><\/div> <div style=\"display:block; height:50px; margin:0 auto 12px; width:50px;\"><svg width=\"50px\" height=\"50px\" viewbox=\"0 0 60 60\" version=\"1.1\" xmlns=\"https:\/\/www.w3.org\/2000\/svg\" xmlns:xlink=\"https:\/\/www.w3.org\/1999\/xlink\"><g stroke=\"none\" stroke-width=\"1\" fill=\"none\" fill-rule=\"evenodd\"><g transform=\"translate(-511.000000, -20.000000)\" fill=\"#000000\"><g><path d=\"M556.869,30.41 C554.814,30.41 553.148,32.076 553.148,34.131 C553.148,36.186 554.814,37.852 556.869,37.852 C558.924,37.852 560.59,36.186 560.59,34.131 C560.59,32.076 558.924,30.41 556.869,30.41 M541,60.657 C535.114,60.657 530.342,55.887 530.342,50 C530.342,44.114 535.114,39.342 541,39.342 C546.887,39.342 551.658,44.114 551.658,50 C551.658,55.887 546.887,60.657 541,60.657 M541,33.886 C532.1,33.886 524.886,41.1 524.886,50 C524.886,58.899 532.1,66.113 541,66.113 C549.9,66.113 557.115,58.899 557.115,50 C557.115,41.1 549.9,33.886 541,33.886 M565.378,62.101 C565.244,65.022 564.756,66.606 564.346,67.663 C563.803,69.06 563.154,70.057 562.106,71.106 C561.058,72.155 560.06,72.803 558.662,73.347 C557.607,73.757 556.021,74.244 553.102,74.378 C549.944,74.521 548.997,74.552 541,74.552 C533.003,74.552 532.056,74.521 528.898,74.378 C525.979,74.244 524.393,73.757 523.338,73.347 C521.94,72.803 520.942,72.155 519.894,71.106 C518.846,70.057 518.197,69.06 517.654,67.663 C517.244,66.606 516.755,65.022 516.623,62.101 C516.479,58.943 516.448,57.996 516.448,50 C516.448,42.003 516.479,41.056 516.623,37.899 C516.755,34.978 517.244,33.391 517.654,32.338 C518.197,30.938 518.846,29.942 519.894,28.894 C520.942,27.846 521.94,27.196 523.338,26.654 C524.393,26.244 525.979,25.756 528.898,25.623 C532.057,25.479 533.004,25.448 541,25.448 C548.997,25.448 549.943,25.479 553.102,25.623 C556.021,25.756 557.607,26.244 558.662,26.654 C560.06,27.196 561.058,27.846 562.106,28.894 C563.154,29.942 563.803,30.938 564.346,32.338 C564.756,33.391 565.244,34.978 565.378,37.899 C565.522,41.056 565.552,42.003 565.552,50 C565.552,57.996 565.522,58.943 565.378,62.101 M570.82,37.631 C570.674,34.438 570.167,32.258 569.425,30.349 C568.659,28.377 567.633,26.702 565.965,25.035 C564.297,23.368 562.623,22.342 560.652,21.575 C558.743,20.834 556.562,20.326 553.369,20.18 C550.169,20.033 549.148,20 541,20 C532.853,20 531.831,20.033 528.631,20.18 C525.438,20.326 523.257,20.834 521.349,21.575 C519.376,22.342 517.703,23.368 516.035,25.035 C514.368,26.702 513.342,28.377 512.574,30.349 C511.834,32.258 511.326,34.438 511.181,37.631 C511.035,40.831 511,41.851 511,50 C511,58.147 511.035,59.17 511.181,62.369 C511.326,65.562 511.834,67.743 512.574,69.651 C513.342,71.625 514.368,73.296 516.035,74.965 C517.703,76.634 519.376,77.658 521.349,78.425 C523.257,79.167 525.438,79.673 528.631,79.82 C531.831,79.965 532.853,80.001 541,80.001 C549.148,80.001 550.169,79.965 553.369,79.82 C556.562,79.673 558.743,79.167 560.652,78.425 C562.623,77.658 564.297,76.634 565.965,74.965 C567.633,73.296 568.659,71.625 569.425,69.651 C570.167,67.743 570.674,65.562 570.82,62.369 C570.966,59.17 571,58.147 571,50 C571,41.851 570.966,40.831 570.82,37.631\"><\/path><\/g><\/g><\/g><\/svg><\/div><div style=\"padding-top: 8px;\"> <div style=\" color:#3897f0; font-family:Arial,sans-serif; font-size:14px; font-style:normal; font-weight:550; line-height:18px;\">Voir ce message sur Instagram<\/div><\/div><div style=\"padding: 12.5% 0;\"><\/div> <div style=\"display: flex; flex-direction: row; margin-bottom: 14px; align-items: center;\"><div> <div style=\"background-color: #F4F4F4; border-radius: 50%; height: 12.5px; width: 12.5px; transform: translateX(0px) translateY(7px);\"><\/div> <div style=\"background-color: #F4F4F4; height: 12.5px; transform: rotate(-45deg) translateX(3px) translateY(1px); width: 12.5px; flex-grow: 0; margin-right: 14px; margin-left: 2px;\"><\/div> <div style=\"background-color: #F4F4F4; border-radius: 50%; height: 12.5px; width: 12.5px; transform: translateX(9px) translateY(-18px);\"><\/div><\/div><div style=\"margin-left: 8px;\"> <div style=\" background-color: #F4F4F4; border-radius: 50%; flex-grow: 0; height: 20px; width: 20px;\"><\/div> <div style=\" width: 0; height: 0; border-top: 2px solid transparent; border-left: 6px solid #f4f4f4; border-bottom: 2px solid transparent; transform: translateX(16px) translateY(-4px) rotate(30deg)\"><\/div><\/div><div style=\"margin-left: auto;\"> <div style=\" width: 0px; border-top: 8px solid #F4F4F4; border-right: 8px solid transparent; transform: translateY(16px);\"><\/div> <div style=\" background-color: #F4F4F4; flex-grow: 0; height: 12px; width: 16px; transform: translateY(-4px);\"><\/div> <div style=\" width: 0; height: 0; border-top: 8px solid #F4F4F4; border-left: 8px solid transparent; transform: translateY(-4px) translateX(8px);\"><\/div><\/div><\/div> <div style=\"display: flex; flex-direction: column; flex-grow: 1; justify-content: center; margin-bottom: 24px;\"> <div style=\" background-color: #F4F4F4; border-radius: 4px; flex-grow: 0; height: 14px; margin-bottom: 6px; width: 224px;\"><\/div> <div style=\" background-color: #F4F4F4; border-radius: 4px; flex-grow: 0; height: 14px; width: 144px;\"><\/div><\/div><\/a><p style=\" color:#c9c8cd; font-family:Arial,sans-serif; font-size:14px; line-height:17px; margin-bottom:0; margin-top:8px; overflow:hidden; padding:8px 0 7px; text-align:center; text-overflow:ellipsis; white-space:nowrap;\"><a href=\"https:\/\/www.instagram.com\/p\/CXvjQXjr-OI\/?utm_source=ig_embed&amp;utm_campaign=loading\" style=\" color:#c9c8cd; font-family:Arial,sans-serif; font-size:14px; font-style:normal; font-weight:normal; line-height:17px; text-decoration:none;\" target=\"_blank\" rel=\"noopener\">A post shared by Marinalia\u00ae (@marinalia.es)<\/a><\/p><\/div><\/blockquote> <script async src=\"\/\/www.instagram.com\/embed.js\"><\/script><\/div>\n\t\t\t\t\t\t<\/div>\n\t\t\t\t\t<\/div>\n\t\t<\/div>\n\t\t\t\t\t<\/div>\n\t\t<\/section>\n\t\t\t\t<section class=\"elementor-section elementor-top-section elementor-element elementor-element-d807856 elementor-section-boxed elementor-section-height-default elementor-section-height-default\" data-id=\"d807856\" data-element_type=\"section\" data-e-type=\"section\">\n\t\t\t\t\t\t<div class=\"elementor-container elementor-column-gap-default\">\n\t\t\t\t\t<div class=\"elementor-column elementor-col-100 elementor-top-column elementor-element elementor-element-c8b037b\" data-id=\"c8b037b\" data-element_type=\"column\" data-e-type=\"column\">\n\t\t\t<div class=\"elementor-widget-wrap elementor-element-populated\">\n\t\t\t\t\t\t<div class=\"elementor-element elementor-element-87328f2 elementor-widget elementor-widget-heading\" data-id=\"87328f2\" data-element_type=\"widget\" data-e-type=\"widget\" data-widget_type=\"heading.default\">\n\t\t\t\t\t<h2 class=\"elementor-heading-title elementor-size-default\">March\u00e9 de No\u00ebl \u00e0 Orba<\/h2>\t\t\t\t<\/div>\n\t\t\t\t\t<\/div>\n\t\t<\/div>\n\t\t\t\t\t<\/div>\n\t\t<\/section>\n\t\t\t\t<section class=\"elementor-section elementor-top-section elementor-element elementor-element-03fd957 elementor-section-boxed elementor-section-height-default elementor-section-height-default\" data-id=\"03fd957\" data-element_type=\"section\" data-e-type=\"section\">\n\t\t\t\t\t\t<div class=\"elementor-container elementor-column-gap-default\">\n\t\t\t\t\t<div class=\"elementor-column elementor-col-100 elementor-top-column elementor-element elementor-element-1195469\" data-id=\"1195469\" data-element_type=\"column\" data-e-type=\"column\">\n\t\t\t<div class=\"elementor-widget-wrap elementor-element-populated\">\n\t\t\t\t\t\t<div class=\"elementor-element elementor-element-c4c1e8b elementor-widget elementor-widget-text-editor\" data-id=\"c4c1e8b\" data-element_type=\"widget\" data-e-type=\"widget\" data-widget_type=\"text-editor.default\">\n\t\t\t\t\t\t\t\t\t<p>La ville d'Orba c\u00e9l\u00e8bre le premier march\u00e9 de No\u00ebl de la r\u00e9gion. Le week-end des 3 et 4 d\u00e9cembre, l'association des commer\u00e7ants d'Orba organise cet \u00e9v\u00e9nement de No\u00ebl riche en activit\u00e9s pour enfants et adultes, parcs pour enfants, concerts, ateliers et stands de d\u00e9corations de No\u00ebl.<\/p><p>Rappelons que chaque ann\u00e9e, la commune publie ses horaires et ses activit\u00e9s sur sa page Facebook.<\/p>\t\t\t\t\t\t\t\t<\/div>\n\t\t\t\t\t<\/div>\n\t\t<\/div>\n\t\t\t\t\t<\/div>\n\t\t<\/section>\n\t\t\t\t<section class=\"elementor-section elementor-top-section elementor-element elementor-element-8ebd9c6 elementor-section-boxed elementor-section-height-default elementor-section-height-default\" data-id=\"8ebd9c6\" data-element_type=\"section\" data-e-type=\"section\">\n\t\t\t\t\t\t<div class=\"elementor-container elementor-column-gap-default\">\n\t\t\t\t\t<div class=\"elementor-column elementor-col-100 elementor-top-column elementor-element elementor-element-672a5b2\" data-id=\"672a5b2\" data-element_type=\"column\" data-e-type=\"column\">\n\t\t\t<div class=\"elementor-widget-wrap elementor-element-populated\">\n\t\t\t\t\t\t<div class=\"elementor-element elementor-element-76c3ccd elementor-widget elementor-widget-heading\" data-id=\"76c3ccd\" data-element_type=\"widget\" data-e-type=\"widget\" data-widget_type=\"heading.default\">\n\t\t\t\t\t<h2 class=\"elementor-heading-title elementor-size-default\">3. march\u00e9 de No\u00ebl \u00e0 Benissa<\/h2>\t\t\t\t<\/div>\n\t\t\t\t<div class=\"elementor-element elementor-element-e61b741 elementor-widget elementor-widget-text-editor\" data-id=\"e61b741\" data-element_type=\"widget\" data-e-type=\"widget\" data-widget_type=\"text-editor.default\">\n\t\t\t\t\t\t\t\t\t<p>La municipalit\u00e9 de<a href=\"https:\/\/www.benissa.net\/\" target=\"_blank\" rel=\"noopener\"> Benissa<\/a> Le march\u00e9 de No\u00ebl de la ville d'Anvers pr\u00e9pare g\u00e9n\u00e9ralement pour d\u00e9cembre son spectaculaire march\u00e9 de No\u00ebl. Un week-end rempli d'activit\u00e9s telles que des ateliers, des spectacles musicaux chantant des chants de No\u00ebl, une cr\u00e8che itin\u00e9rante compos\u00e9e de maquereaux, de charrettes, de danseuses du ventre, etc...<\/p><p>De plus, les rues du centre historique de Benissa sont orn\u00e9es de d\u00e9corations de No\u00ebl sur les balcons.<\/p><p>Et si l'on attend apr\u00e8s No\u00ebl, en janvier, on peut profiter de ses march\u00e9s aux animaux, de ses march\u00e9s de divertissement et de son march\u00e9 m\u00e9di\u00e9val.<\/p>\t\t\t\t\t\t\t\t<\/div>\n\t\t\t\t<div class=\"elementor-element elementor-element-d05a808 elementor-widget elementor-widget-image\" data-id=\"d05a808\" data-element_type=\"widget\" data-e-type=\"widget\" data-widget_type=\"image.default\">\n\t\t\t\t\t\t\t\t\t\t\t\t<figure class=\"wp-caption\">\n\t\t\t\t\t\t\t\t\t\t<img fetchpriority=\"high\" decoding=\"async\" width=\"600\" height=\"256\" src=\"https:\/\/media.marinalia.es\/wp-content\/uploads\/2021\/12\/mercado-navidad-benissa.jpg\" class=\"attachment-large size-large wp-image-1196\" alt=\"march\u00e9 de no\u00ebl de benissa\" srcset=\"https:\/\/media.marinalia.es\/wp-content\/uploads\/2021\/12\/mercado-navidad-benissa.jpg 600w, https:\/\/media.marinalia.es\/wp-content\/uploads\/2021\/12\/mercado-navidad-benissa-300x128.jpg 300w\" sizes=\"(max-width: 600px) 100vw, 600px\" \/>\t\t\t\t\t\t\t\t\t\t\t<figcaption class=\"widget-image-caption wp-caption-text\">march\u00e9 de no\u00ebl de benissa<\/figcaption>\n\t\t\t\t\t\t\t\t\t\t<\/figure>\n\t\t\t\t\t\t\t\t\t<\/div>\n\t\t\t\t<div class=\"elementor-element elementor-element-5e98411 elementor-widget elementor-widget-spacer\" data-id=\"5e98411\" data-element_type=\"widget\" data-e-type=\"widget\" data-widget_type=\"spacer.default\">\n\t\t\t\t\t\t\t<div class=\"elementor-spacer\">\n\t\t\t<div class=\"elementor-spacer-inner\"><\/div>\n\t\t<\/div>\n\t\t\t\t\t\t<\/div>\n\t\t\t\t\t<\/div>\n\t\t<\/div>\n\t\t\t\t\t<\/div>\n\t\t<\/section>\n\t\t\t\t<section class=\"elementor-section elementor-top-section elementor-element elementor-element-a24fae4 elementor-section-boxed elementor-section-height-default elementor-section-height-default\" data-id=\"a24fae4\" data-element_type=\"section\" data-e-type=\"section\">\n\t\t\t\t\t\t<div class=\"elementor-container elementor-column-gap-default\">\n\t\t\t\t\t<div class=\"elementor-column elementor-col-100 elementor-top-column elementor-element elementor-element-c1aedd0\" data-id=\"c1aedd0\" data-element_type=\"column\" data-e-type=\"column\">\n\t\t\t<div class=\"elementor-widget-wrap elementor-element-populated\">\n\t\t\t\t\t\t<div class=\"elementor-element elementor-element-9707884 elementor-widget elementor-widget-heading\" data-id=\"9707884\" data-element_type=\"widget\" data-e-type=\"widget\" data-widget_type=\"heading.default\">\n\t\t\t\t\t<h2 class=\"elementor-heading-title elementor-size-default\">3. march\u00e9 de No\u00ebl \u00e0 Poble Nou de Benitatxell<\/h2>\t\t\t\t<\/div>\n\t\t\t\t<div class=\"elementor-element elementor-element-eee86bb elementor-widget elementor-widget-text-editor\" data-id=\"eee86bb\" data-element_type=\"widget\" data-e-type=\"widget\" data-widget_type=\"text-editor.default\">\n\t\t\t\t\t\t\t\t\t<p>Le premier ou le deuxi\u00e8me week-end de d\u00e9cembre, le Poble Nou de Benitatxell organise son traditionnel march\u00e9 de No\u00ebl. Les rues de la municipalit\u00e9 sont remplies d'\u00e9tals commerciaux, avec des d\u00e9tails de No\u00ebl, de la gastronomie et de la mode.<\/p><p>Tout au long de la journ\u00e9e du dimanche, les plus jeunes pourront jouer et participer \u00e0 des ateliers et des activit\u00e9s dans une aire de jeux.<\/p><p>Sans aucun doute, une journ\u00e9e \u00e0 ne pas manquer !<\/p>\t\t\t\t\t\t\t\t<\/div>\n\t\t\t\t<div class=\"elementor-element elementor-element-0c2f9ed elementor-widget elementor-widget-video\" data-id=\"0c2f9ed\" data-element_type=\"widget\" data-e-type=\"widget\" data-settings=\"{&quot;youtube_url&quot;:&quot;https:\\\/\\\/www.youtube.com\\\/watch?v=acspyOTJQv4&quot;,&quot;video_type&quot;:&quot;youtube&quot;,&quot;controls&quot;:&quot;yes&quot;}\" data-widget_type=\"video.default\">\n\t\t\t\t\t\t\t<div class=\"elementor-wrapper elementor-open-inline\">\n\t\t\t<div class=\"elementor-video\"><\/div>\t\t<\/div>\n\t\t\t\t\t\t<\/div>\n\t\t\t\t<div class=\"elementor-element elementor-element-168206d elementor-widget elementor-widget-heading\" data-id=\"168206d\" data-element_type=\"widget\" data-e-type=\"widget\" data-widget_type=\"heading.default\">\n\t\t\t\t\t<h2 class=\"elementor-heading-title elementor-size-default\">4. March\u00e9 de No\u00ebl \u00e0 Teulada<\/h2>\t\t\t\t<\/div>\n\t\t\t\t<div class=\"elementor-element elementor-element-9307b2d elementor-widget elementor-widget-text-editor\" data-id=\"9307b2d\" data-element_type=\"widget\" data-e-type=\"widget\" data-widget_type=\"text-editor.default\">\n\t\t\t\t\t\t\t\t\t<p>Le <strong>March\u00e9 de No\u00ebl<\/strong> dans la ville de Marina Alta, <a href=\"http:\/\/www.teuladamoraira.com.es\/ayttm\/web_php\/index.php\" target=\"_blank\" rel=\"noopener\">Teulada<\/a> se tient le deuxi\u00e8me week-end de d\u00e9cembre, de la place de l'h\u00f4tel de ville \u00e0 l'avenue Santa Catalina. Ces rues sont d\u00e9cor\u00e9es des classiques lumi\u00e8res de No\u00ebl et sont accompagn\u00e9es de nombreux stands de nourriture et de d\u00e9corations de No\u00ebl.<\/p><p>Un espace enfants est \u00e9galement pr\u00e9vu avec des attractions, des ateliers et des activit\u00e9s pour les enfants.<\/p>\t\t\t\t\t\t\t\t<\/div>\n\t\t\t\t<div class=\"elementor-element elementor-element-2aa4015 elementor-widget elementor-widget-text-editor\" data-id=\"2aa4015\" data-element_type=\"widget\" data-e-type=\"widget\" data-widget_type=\"text-editor.default\">\n\t\t\t\t\t\t\t\t\t<p>Nous voulons que vous sachiez qu'\u00e0 Marinalia, il n'y a pas seulement des activit\u00e9s aquatiques en \u00e9t\u00e9, mais aussi de nombreuses activit\u00e9s amusantes \u00e0 pratiquer en hiver. Trouvez celle qui correspond le mieux \u00e0 vos attentes.\u00a0<\/p>\t\t\t\t\t\t\t\t<\/div>\n\t\t\t\t<div class=\"elementor-element elementor-element-61b0efb elementor-align-center elementor-widget elementor-widget-button\" data-id=\"61b0efb\" data-element_type=\"widget\" data-e-type=\"widget\" data-widget_type=\"button.default\">\n\t\t\t\t\t\t\t\t\t\t<a class=\"elementor-button elementor-button-link elementor-size-md\" href=\"https:\/\/marinalia.es\/en\/\" target=\"_blank\" rel=\"noopener\">\n\t\t\t\t\t\t<span class=\"elementor-button-content-wrapper\">\n\t\t\t\t\t\t\t\t\t<span class=\"elementor-button-text\">Voir toutes les activit\u00e9s<\/span>\n\t\t\t\t\t<\/span>\n\t\t\t\t\t<\/a>\n\t\t\t\t\t\t\t\t<\/div>\n\t\t\t\t<div class=\"elementor-element elementor-element-6bda4e0 elementor-widget elementor-widget-spacer\" data-id=\"6bda4e0\" data-element_type=\"widget\" data-e-type=\"widget\" data-widget_type=\"spacer.default\">\n\t\t\t\t\t\t\t<div class=\"elementor-spacer\">\n\t\t\t<div class=\"elementor-spacer-inner\"><\/div>\n\t\t<\/div>\n\t\t\t\t\t\t<\/div>\n\t\t\t\t\t<\/div>\n\t\t<\/div>\n\t\t\t\t\t<\/div>\n\t\t<\/section>\n\t\t\t\t<section class=\"elementor-section elementor-top-section elementor-element elementor-element-77051102 elementor-section-boxed elementor-section-height-default elementor-section-height-default\" data-id=\"77051102\" data-element_type=\"section\" data-e-type=\"section\">\n\t\t\t\t\t\t<div class=\"elementor-container elementor-column-gap-default\">\n\t\t\t\t\t<div class=\"elementor-column elementor-col-100 elementor-top-column elementor-element elementor-element-43fe996b\" data-id=\"43fe996b\" data-element_type=\"column\" data-e-type=\"column\">\n\t\t\t<div class=\"elementor-widget-wrap elementor-element-populated\">\n\t\t\t\t\t\t<div class=\"elementor-element elementor-element-550327e2 elementor-widget elementor-widget-heading\" data-id=\"550327e2\" data-element_type=\"widget\" data-e-type=\"widget\" data-widget_type=\"heading.default\">\n\t\t\t\t\t<h3 class=\"elementor-heading-title elementor-size-default\">Plus de lieux \u00e0 d\u00e9couvrir<\/h3>\t\t\t\t<\/div>\n\t\t\t\t\t<\/div>\n\t\t<\/div>\n\t\t\t\t\t<\/div>\n\t\t<\/section>\n\t\t\t\t<section class=\"elementor-section elementor-top-section elementor-element elementor-element-1e15dae4 elementor-section-boxed elementor-section-height-default elementor-section-height-default\" data-id=\"1e15dae4\" data-element_type=\"section\" data-e-type=\"section\">\n\t\t\t\t\t\t<div class=\"elementor-container elementor-column-gap-default\">\n\t\t\t\t\t<div class=\"elementor-column elementor-col-100 elementor-top-column elementor-element elementor-element-5e8fceac\" data-id=\"5e8fceac\" data-element_type=\"column\" data-e-type=\"column\">\n\t\t\t<div class=\"elementor-widget-wrap elementor-element-populated\">\n\t\t\t\t\t\t<div class=\"elementor-element elementor-element-54fe5b98 elementor-posts--align-center elementor-grid-3 elementor-grid-tablet-2 elementor-grid-mobile-1 elementor-posts--thumbnail-top elementor-widget elementor-widget-posts\" data-id=\"54fe5b98\" data-element_type=\"widget\" data-e-type=\"widget\" data-settings=\"{&quot;classic_columns&quot;:&quot;3&quot;,&quot;classic_columns_tablet&quot;:&quot;2&quot;,&quot;classic_columns_mobile&quot;:&quot;1&quot;,&quot;classic_row_gap&quot;:{&quot;unit&quot;:&quot;px&quot;,&quot;size&quot;:35,&quot;sizes&quot;:[]},&quot;classic_row_gap_tablet&quot;:{&quot;unit&quot;:&quot;px&quot;,&quot;size&quot;:&quot;&quot;,&quot;sizes&quot;:[]},&quot;classic_row_gap_mobile&quot;:{&quot;unit&quot;:&quot;px&quot;,&quot;size&quot;:&quot;&quot;,&quot;sizes&quot;:[]}}\" data-widget_type=\"posts.classic\">\n\t\t\t\t<div class=\"elementor-widget-container\">\n\t\t\t\t\t\t\t<div class=\"elementor-posts-container elementor-posts elementor-posts--skin-classic elementor-grid\">\n\t\t\t\t<article class=\"elementor-post elementor-grid-item post-9197 post type-post status-publish format-standard has-post-thumbnail hentry category-playas-lanzarote\">\n\t\t\t\t<a class=\"elementor-post__thumbnail__link\" href=\"https:\/\/media.marinalia.es\/fr\/blog\/playa-vaya-querida\/\">\n\t\t\t<div class=\"elementor-post__thumbnail\"><img decoding=\"async\" width=\"1024\" height=\"323\" data-src=\"https:\/\/media.marinalia.es\/wp-content\/uploads\/2026\/04\/Playa-Vaya-Querida-1024x323.jpg\" class=\"attachment-large size-large wp-image-9202 lazyload\" alt=\"\" data-srcset=\"https:\/\/media.marinalia.es\/wp-content\/uploads\/2026\/04\/Playa-Vaya-Querida-1024x323.jpg 1024w, https:\/\/media.marinalia.es\/wp-content\/uploads\/2026\/04\/Playa-Vaya-Querida-300x95.jpg 300w, https:\/\/media.marinalia.es\/wp-content\/uploads\/2026\/04\/Playa-Vaya-Querida-768x243.jpg 768w, https:\/\/media.marinalia.es\/wp-content\/uploads\/2026\/04\/Playa-Vaya-Querida-1536x485.jpg 1536w, https:\/\/media.marinalia.es\/wp-content\/uploads\/2026\/04\/Playa-Vaya-Querida-18x6.jpg 18w, https:\/\/media.marinalia.es\/wp-content\/uploads\/2026\/04\/Playa-Vaya-Querida.jpg 1900w\" data-sizes=\"(max-width: 1024px) 100vw, 1024px\" src=\"data:image\/gif;base64,R0lGODlhAQABAAAAACH5BAEKAAEALAAAAAABAAEAAAICTAEAOw==\" style=\"--smush-placeholder-width: 1024px; --smush-placeholder-aspect-ratio: 1024\/323;\" \/><\/div>\n\t\t<\/a>\n\t\t\t\t<div class=\"elementor-post__text\">\n\t\t\t\t<h4 class=\"elementor-post__title\">\n\t\t\t<a href=\"https:\/\/media.marinalia.es\/fr\/blog\/playa-vaya-querida\/\">\n\t\t\t\tPlaya Vaya Querida\t\t\t<\/a>\n\t\t<\/h4>\n\t\t\t\t<\/div>\n\t\t\t\t<\/article>\n\t\t\t\t<article class=\"elementor-post elementor-grid-item post-9190 post type-post status-publish format-standard has-post-thumbnail hentry category-playas-tenerife\">\n\t\t\t\t<a class=\"elementor-post__thumbnail__link\" href=\"https:\/\/media.marinalia.es\/fr\/blog\/playa-de-los-troches-tenerife\/\">\n\t\t\t<div class=\"elementor-post__thumbnail\"><img decoding=\"async\" width=\"1024\" height=\"323\" data-src=\"https:\/\/media.marinalia.es\/wp-content\/uploads\/2026\/04\/Playa-De-Los-Lagos-1024x323.jpg\" class=\"attachment-large size-large wp-image-9195 lazyload\" alt=\"\" data-srcset=\"https:\/\/media.marinalia.es\/wp-content\/uploads\/2026\/04\/Playa-De-Los-Lagos-1024x323.jpg 1024w, https:\/\/media.marinalia.es\/wp-content\/uploads\/2026\/04\/Playa-De-Los-Lagos-300x95.jpg 300w, https:\/\/media.marinalia.es\/wp-content\/uploads\/2026\/04\/Playa-De-Los-Lagos-768x243.jpg 768w, https:\/\/media.marinalia.es\/wp-content\/uploads\/2026\/04\/Playa-De-Los-Lagos-1536x485.jpg 1536w, https:\/\/media.marinalia.es\/wp-content\/uploads\/2026\/04\/Playa-De-Los-Lagos-18x6.jpg 18w, https:\/\/media.marinalia.es\/wp-content\/uploads\/2026\/04\/Playa-De-Los-Lagos.jpg 1900w\" data-sizes=\"(max-width: 1024px) 100vw, 1024px\" src=\"data:image\/gif;base64,R0lGODlhAQABAAAAACH5BAEKAAEALAAAAAABAAEAAAICTAEAOw==\" style=\"--smush-placeholder-width: 1024px; --smush-placeholder-aspect-ratio: 1024\/323;\" \/><\/div>\n\t\t<\/a>\n\t\t\t\t<div class=\"elementor-post__text\">\n\t\t\t\t<h4 class=\"elementor-post__title\">\n\t\t\t<a href=\"https:\/\/media.marinalia.es\/fr\/blog\/playa-de-los-troches-tenerife\/\">\n\t\t\t\tPlaya de los Troches, Tenerife\t\t\t<\/a>\n\t\t<\/h4>\n\t\t\t\t<\/div>\n\t\t\t\t<\/article>\n\t\t\t\t<article class=\"elementor-post elementor-grid-item post-9184 post type-post status-publish format-standard has-post-thumbnail hentry category-playas-fuerteventura\">\n\t\t\t\t<a class=\"elementor-post__thumbnail__link\" href=\"https:\/\/media.marinalia.es\/fr\/blog\/playa-de-los-lagos\/\">\n\t\t\t<div class=\"elementor-post__thumbnail\"><img decoding=\"async\" width=\"1024\" height=\"323\" data-src=\"https:\/\/media.marinalia.es\/wp-content\/uploads\/2026\/04\/Playa-De-Los-Lagos-1-1024x323.jpg\" class=\"attachment-large size-large wp-image-9189 lazyload\" alt=\"\" data-srcset=\"https:\/\/media.marinalia.es\/wp-content\/uploads\/2026\/04\/Playa-De-Los-Lagos-1-1024x323.jpg 1024w, https:\/\/media.marinalia.es\/wp-content\/uploads\/2026\/04\/Playa-De-Los-Lagos-1-300x95.jpg 300w, https:\/\/media.marinalia.es\/wp-content\/uploads\/2026\/04\/Playa-De-Los-Lagos-1-768x243.jpg 768w, https:\/\/media.marinalia.es\/wp-content\/uploads\/2026\/04\/Playa-De-Los-Lagos-1-1536x485.jpg 1536w, https:\/\/media.marinalia.es\/wp-content\/uploads\/2026\/04\/Playa-De-Los-Lagos-1-18x6.jpg 18w, https:\/\/media.marinalia.es\/wp-content\/uploads\/2026\/04\/Playa-De-Los-Lagos-1.jpg 1900w\" data-sizes=\"(max-width: 1024px) 100vw, 1024px\" src=\"data:image\/gif;base64,R0lGODlhAQABAAAAACH5BAEKAAEALAAAAAABAAEAAAICTAEAOw==\" style=\"--smush-placeholder-width: 1024px; --smush-placeholder-aspect-ratio: 1024\/323;\" \/><\/div>\n\t\t<\/a>\n\t\t\t\t<div class=\"elementor-post__text\">\n\t\t\t\t<h4 class=\"elementor-post__title\">\n\t\t\t<a href=\"https:\/\/media.marinalia.es\/fr\/blog\/playa-de-los-lagos\/\">\n\t\t\t\tPlaya De Los Lagos\t\t\t<\/a>\n\t\t<\/h4>\n\t\t\t\t<\/div>\n\t\t\t\t<\/article>\n\t\t\t\t<article class=\"elementor-post elementor-grid-item post-9176 post type-post status-publish format-standard has-post-thumbnail hentry category-playas-gran-canaria\">\n\t\t\t\t<a class=\"elementor-post__thumbnail__link\" href=\"https:\/\/media.marinalia.es\/fr\/blog\/cueva-del-cabo-gran-canaria\/\">\n\t\t\t<div class=\"elementor-post__thumbnail\"><img decoding=\"async\" width=\"1024\" height=\"323\" data-src=\"https:\/\/media.marinalia.es\/wp-content\/uploads\/2026\/04\/Cueva-del-Cabo-Gran-Canaria-1024x323.jpg\" class=\"attachment-large size-large wp-image-9181 lazyload\" alt=\"\" data-srcset=\"https:\/\/media.marinalia.es\/wp-content\/uploads\/2026\/04\/Cueva-del-Cabo-Gran-Canaria-1024x323.jpg 1024w, https:\/\/media.marinalia.es\/wp-content\/uploads\/2026\/04\/Cueva-del-Cabo-Gran-Canaria-300x95.jpg 300w, https:\/\/media.marinalia.es\/wp-content\/uploads\/2026\/04\/Cueva-del-Cabo-Gran-Canaria-768x243.jpg 768w, https:\/\/media.marinalia.es\/wp-content\/uploads\/2026\/04\/Cueva-del-Cabo-Gran-Canaria-1536x485.jpg 1536w, https:\/\/media.marinalia.es\/wp-content\/uploads\/2026\/04\/Cueva-del-Cabo-Gran-Canaria-18x6.jpg 18w, https:\/\/media.marinalia.es\/wp-content\/uploads\/2026\/04\/Cueva-del-Cabo-Gran-Canaria.jpg 1900w\" data-sizes=\"(max-width: 1024px) 100vw, 1024px\" src=\"data:image\/gif;base64,R0lGODlhAQABAAAAACH5BAEKAAEALAAAAAABAAEAAAICTAEAOw==\" style=\"--smush-placeholder-width: 1024px; --smush-placeholder-aspect-ratio: 1024\/323;\" \/><\/div>\n\t\t<\/a>\n\t\t\t\t<div class=\"elementor-post__text\">\n\t\t\t\t<h4 class=\"elementor-post__title\">\n\t\t\t<a href=\"https:\/\/media.marinalia.es\/fr\/blog\/cueva-del-cabo-gran-canaria\/\">\n\t\t\t\tCueva del Cabo, Gran Canaria\t\t\t<\/a>\n\t\t<\/h4>\n\t\t\t\t<\/div>\n\t\t\t\t<\/article>\n\t\t\t\t<article class=\"elementor-post elementor-grid-item post-9170 post type-post status-publish format-standard has-post-thumbnail hentry category-playas-lanzarote\">\n\t\t\t\t<a class=\"elementor-post__thumbnail__link\" href=\"https:\/\/media.marinalia.es\/fr\/blog\/playa-teneza\/\">\n\t\t\t<div class=\"elementor-post__thumbnail\"><img decoding=\"async\" width=\"1024\" height=\"323\" data-src=\"https:\/\/media.marinalia.es\/wp-content\/uploads\/2026\/04\/Playa-Teneza-1024x323.jpg\" class=\"attachment-large size-large wp-image-9175 lazyload\" alt=\"\" data-srcset=\"https:\/\/media.marinalia.es\/wp-content\/uploads\/2026\/04\/Playa-Teneza-1024x323.jpg 1024w, https:\/\/media.marinalia.es\/wp-content\/uploads\/2026\/04\/Playa-Teneza-300x95.jpg 300w, https:\/\/media.marinalia.es\/wp-content\/uploads\/2026\/04\/Playa-Teneza-768x243.jpg 768w, https:\/\/media.marinalia.es\/wp-content\/uploads\/2026\/04\/Playa-Teneza-1536x485.jpg 1536w, https:\/\/media.marinalia.es\/wp-content\/uploads\/2026\/04\/Playa-Teneza-18x6.jpg 18w, https:\/\/media.marinalia.es\/wp-content\/uploads\/2026\/04\/Playa-Teneza.jpg 1900w\" data-sizes=\"(max-width: 1024px) 100vw, 1024px\" src=\"data:image\/gif;base64,R0lGODlhAQABAAAAACH5BAEKAAEALAAAAAABAAEAAAICTAEAOw==\" style=\"--smush-placeholder-width: 1024px; --smush-placeholder-aspect-ratio: 1024\/323;\" \/><\/div>\n\t\t<\/a>\n\t\t\t\t<div class=\"elementor-post__text\">\n\t\t\t\t<h4 class=\"elementor-post__title\">\n\t\t\t<a href=\"https:\/\/media.marinalia.es\/fr\/blog\/playa-teneza\/\">\n\t\t\t\tPlaya Teneza\t\t\t<\/a>\n\t\t<\/h4>\n\t\t\t\t<\/div>\n\t\t\t\t<\/article>\n\t\t\t\t<article class=\"elementor-post elementor-grid-item post-9164 post type-post status-publish format-standard has-post-thumbnail hentry category-playas-tenerife\">\n\t\t\t\t<a class=\"elementor-post__thumbnail__link\" href=\"https:\/\/media.marinalia.es\/fr\/blog\/playa-del-draguillo-tenerife\/\">\n\t\t\t<div class=\"elementor-post__thumbnail\"><img decoding=\"async\" width=\"1024\" height=\"323\" data-src=\"https:\/\/media.marinalia.es\/wp-content\/uploads\/2026\/04\/Playa-del-Draguillo-Tenerife-1024x323.jpg\" class=\"attachment-large size-large wp-image-9169 lazyload\" alt=\"\" data-srcset=\"https:\/\/media.marinalia.es\/wp-content\/uploads\/2026\/04\/Playa-del-Draguillo-Tenerife-1024x323.jpg 1024w, https:\/\/media.marinalia.es\/wp-content\/uploads\/2026\/04\/Playa-del-Draguillo-Tenerife-300x95.jpg 300w, https:\/\/media.marinalia.es\/wp-content\/uploads\/2026\/04\/Playa-del-Draguillo-Tenerife-768x243.jpg 768w, https:\/\/media.marinalia.es\/wp-content\/uploads\/2026\/04\/Playa-del-Draguillo-Tenerife-1536x485.jpg 1536w, https:\/\/media.marinalia.es\/wp-content\/uploads\/2026\/04\/Playa-del-Draguillo-Tenerife-18x6.jpg 18w, https:\/\/media.marinalia.es\/wp-content\/uploads\/2026\/04\/Playa-del-Draguillo-Tenerife.jpg 1900w\" data-sizes=\"(max-width: 1024px) 100vw, 1024px\" src=\"data:image\/gif;base64,R0lGODlhAQABAAAAACH5BAEKAAEALAAAAAABAAEAAAICTAEAOw==\" style=\"--smush-placeholder-width: 1024px; --smush-placeholder-aspect-ratio: 1024\/323;\" \/><\/div>\n\t\t<\/a>\n\t\t\t\t<div class=\"elementor-post__text\">\n\t\t\t\t<h4 class=\"elementor-post__title\">\n\t\t\t<a href=\"https:\/\/media.marinalia.es\/fr\/blog\/playa-del-draguillo-tenerife\/\">\n\t\t\t\tPlaya del Draguillo, Tenerife\t\t\t<\/a>\n\t\t<\/h4>\n\t\t\t\t<\/div>\n\t\t\t\t<\/article>\n\t\t\t\t<\/div>\n\n\n\t\t\n\t\t\t\t\t\t<\/div>\n\t\t\t\t<\/div>\n\t\t\t\t\t<\/div>\n\t\t<\/div>\n\t\t\t\t\t<\/div>\n\t\t<\/section>\n\t\t\t\t<\/div>","protected":false},"excerpt":{"rendered":"<p>Llega el mes de diciembre y se estrena oficialmente la \u00e9poca navide\u00f1a. Las calles engalanadas con luces navide\u00f1as, los escaparates de las tiendas m\u00e1s llamativos<\/p>","protected":false},"author":1,"featured_media":1187,"comment_status":"closed","ping_status":"closed","sticky":false,"template":"","format":"standard","meta":{"site-sidebar-layout":"default","site-content-layout":"default","ast-site-content-layout":"default","site-content-style":"default","site-sidebar-style":"default","ast-global-header-display":"","ast-banner-title-visibility":"","ast-main-header-display":"","ast-hfb-above-header-display":"","ast-hfb-below-header-display":"","ast-hfb-mobile-header-display":"","site-post-title":"","ast-breadcrumbs-content":"","ast-featured-img":"","footer-sml-layout":"","ast-disable-related-posts":"","theme-transparent-header-meta":"default","adv-header-id-meta":"","stick-header-meta":"","header-above-stick-meta":"","header-main-stick-meta":"","header-below-stick-meta":"","astra-migrate-meta-layouts":"default","ast-page-background-enabled":"default","ast-page-background-meta":{"desktop":{"background-color":"var(--ast-global-color-4)","background-image":"","background-repeat":"repeat","background-position":"center center","background-size":"auto","background-attachment":"scroll","background-type":"","background-media":"","overlay-type":"","overlay-color":"","overlay-opacity":"","overlay-gradient":""},"tablet":{"background-color":"","background-image":"","background-repeat":"repeat","background-position":"center center","background-size":"auto","background-attachment":"scroll","background-type":"","background-media":"","overlay-type":"","overlay-color":"","overlay-opacity":"","overlay-gradient":""},"mobile":{"background-color":"","background-image":"","background-repeat":"repeat","background-position":"center center","background-size":"auto","background-attachment":"scroll","background-type":"","background-media":"","overlay-type":"","overlay-color":"","overlay-opacity":"","overlay-gradient":""}},"ast-content-background-meta":{"desktop":{"background-color":"var(--ast-global-color-5)","background-image":"","background-repeat":"repeat","background-position":"center center","background-size":"auto","background-attachment":"scroll","background-type":"","background-media":"","overlay-type":"","overlay-color":"","overlay-opacity":"","overlay-gradient":""},"tablet":{"background-color":"var(--ast-global-color-5)","background-image":"","background-repeat":"repeat","background-position":"center center","background-size":"auto","background-attachment":"scroll","background-type":"","background-media":"","overlay-type":"","overlay-color":"","overlay-opacity":"","overlay-gradient":""},"mobile":{"background-color":"var(--ast-global-color-5)","background-image":"","background-repeat":"repeat","background-position":"center center","background-size":"auto","background-attachment":"scroll","background-type":"","background-media":"","overlay-type":"","overlay-color":"","overlay-opacity":"","overlay-gradient":""}},"_joinchat":[],"footnotes":""},"categories":[1],"tags":[],"class_list":["post-1186","post","type-post","status-publish","format-standard","has-post-thumbnail","hentry","category-blog"],"_links":{"self":[{"href":"https:\/\/media.marinalia.es\/fr\/wp-json\/wp\/v2\/posts\/1186","targetHints":{"allow":["GET"]}}],"collection":[{"href":"https:\/\/media.marinalia.es\/fr\/wp-json\/wp\/v2\/posts"}],"about":[{"href":"https:\/\/media.marinalia.es\/fr\/wp-json\/wp\/v2\/types\/post"}],"author":[{"embeddable":true,"href":"https:\/\/media.marinalia.es\/fr\/wp-json\/wp\/v2\/users\/1"}],"replies":[{"embeddable":true,"href":"https:\/\/media.marinalia.es\/fr\/wp-json\/wp\/v2\/comments?post=1186"}],"version-history":[{"count":0,"href":"https:\/\/media.marinalia.es\/fr\/wp-json\/wp\/v2\/posts\/1186\/revisions"}],"wp:featuredmedia":[{"embeddable":true,"href":"https:\/\/media.marinalia.es\/fr\/wp-json\/wp\/v2\/media\/1187"}],"wp:attachment":[{"href":"https:\/\/media.marinalia.es\/fr\/wp-json\/wp\/v2\/media?parent=1186"}],"wp:term":[{"taxonomy":"category","embeddable":true,"href":"https:\/\/media.marinalia.es\/fr\/wp-json\/wp\/v2\/categories?post=1186"},{"taxonomy":"post_tag","embeddable":true,"href":"https:\/\/media.marinalia.es\/fr\/wp-json\/wp\/v2\/tags?post=1186"}],"curies":[{"name":"wp","href":"https:\/\/api.w.org\/{rel}","templated":true}]}}