{"id":10151,"date":"2026-09-04T10:47:13","date_gmt":"2026-09-04T09:47:13","guid":{"rendered":"https:\/\/media.marinalia.es\/?p=10151"},"modified":"2026-08-14T10:47:53","modified_gmt":"2026-08-14T09:47:53","slug":"cala-molina-gran-canaria","status":"publish","type":"post","link":"https:\/\/media.marinalia.es\/fr\/blog\/cala-molina-gran-canaria\/","title":{"rendered":"Cala Molina"},"content":{"rendered":"<div data-elementor-type=\"wp-post\" data-elementor-id=\"10151\" class=\"elementor elementor-10151\" data-elementor-post-type=\"post\">\n\t\t\t\t\t\t<section class=\"elementor-section elementor-top-section elementor-element elementor-element-5634140 elementor-section-boxed elementor-section-height-default elementor-section-height-default\" data-id=\"5634140\" data-element_type=\"section\" data-e-type=\"section\">\n\t\t\t\t\t\t<div class=\"elementor-container elementor-column-gap-default\">\n\t\t\t\t\t<div class=\"elementor-column elementor-col-100 elementor-top-column elementor-element elementor-element-2cd2eab\" data-id=\"2cd2eab\" data-element_type=\"column\" data-e-type=\"column\">\n\t\t\t<div class=\"elementor-widget-wrap elementor-element-populated\">\n\t\t\t\t\t\t<div class=\"elementor-element elementor-element-edb4f72 elementor-widget elementor-widget-text-editor\" data-id=\"edb4f72\" data-element_type=\"widget\" data-e-type=\"widget\" data-widget_type=\"text-editor.default\">\n\t\t\t\t\t\t\t\t\t<p><span style=\"font-weight: 400;\">Cala Molina es un rinc\u00f3n costero poco conocido situado en el norte de Gran Canaria, junto al Barranquillo Moreno y en el l\u00edmite entre los municipios de G\u00e1ldar y Santa Mar\u00eda de Gu\u00eda. M\u00e1s que una playa convencional, se trata de un enclave natural desde el que contemplar uno de los paisajes m\u00e1s abruptos y aut\u00e9nticos de la costa norte de la isla. Su entorno est\u00e1 formado por acantilados, roca volc\u00e1nica y peque\u00f1as entradas del oc\u00e9ano que crean una estampa salvaje, alejada de las zonas tur\u00edsticas m\u00e1s concurridas. Es un lugar especialmente interesante para quienes disfrutan descubriendo paisajes poco frecuentados, observando el mar o realizando fotograf\u00edas de la costa canaria.\u00a0<\/span><\/p>\t\t\t\t\t\t\t\t<\/div>\n\t\t\t\t\t<\/div>\n\t\t<\/div>\n\t\t\t\t\t<\/div>\n\t\t<\/section>\n\t\t\t\t<section class=\"elementor-section elementor-top-section elementor-element elementor-element-c87cbc2 elementor-section-boxed elementor-section-height-default elementor-section-height-default\" data-id=\"c87cbc2\" data-element_type=\"section\" data-e-type=\"section\">\n\t\t\t\t\t\t<div class=\"elementor-container elementor-column-gap-default\">\n\t\t\t\t\t<div class=\"elementor-column elementor-col-100 elementor-top-column elementor-element elementor-element-8829628\" data-id=\"8829628\" data-element_type=\"column\" data-e-type=\"column\">\n\t\t\t<div class=\"elementor-widget-wrap elementor-element-populated\">\n\t\t\t\t\t\t<div class=\"elementor-element elementor-element-bfc55bf elementor-widget elementor-widget-heading\" data-id=\"bfc55bf\" data-element_type=\"widget\" data-e-type=\"widget\" data-widget_type=\"heading.default\">\n\t\t\t\t\t<h2 class=\"elementor-heading-title elementor-size-default\">Un paisaje marcado por el oc\u00e9ano Atl\u00e1ntico<\/h2>\t\t\t\t<\/div>\n\t\t\t\t\t<\/div>\n\t\t<\/div>\n\t\t\t\t\t<\/div>\n\t\t<\/section>\n\t\t\t\t<section class=\"elementor-section elementor-top-section elementor-element elementor-element-1665662 elementor-section-boxed elementor-section-height-default elementor-section-height-default\" data-id=\"1665662\" data-element_type=\"section\" data-e-type=\"section\">\n\t\t\t\t\t\t<div class=\"elementor-container elementor-column-gap-default\">\n\t\t\t\t\t<div class=\"elementor-column elementor-col-100 elementor-top-column elementor-element elementor-element-8090ce4\" data-id=\"8090ce4\" data-element_type=\"column\" data-e-type=\"column\">\n\t\t\t<div class=\"elementor-widget-wrap elementor-element-populated\">\n\t\t\t\t\t\t<div class=\"elementor-element elementor-element-3de6605 elementor-widget elementor-widget-text-editor\" data-id=\"3de6605\" data-element_type=\"widget\" data-e-type=\"widget\" data-widget_type=\"text-editor.default\">\n\t\t\t\t\t\t\t\t\t<p><span style=\"font-weight: 400;\">La costa de Cala Molina est\u00e1 abierta al Atl\u00e1ntico y conserva un car\u00e1cter pr\u00e1cticamente virgen. El oleaje, el viento y las formaciones rocosas son los grandes protagonistas de este enclave, que permite apreciar la fuerza con la que el mar ha modelado el litoral del norte de Gran Canaria. No es una playa urbana ni cuenta con una amplia zona de arena para instalarse durante todo el d\u00eda. Su principal atractivo reside en el paisaje, la tranquilidad y las vistas panor\u00e1micas sobre el oc\u00e9ano. Debido al car\u00e1cter rocoso de la zona y a la posibilidad de fuerte oleaje, es importante extremar las precauciones y evitar acercarse demasiado al borde de los acantilados. Antes de acceder al mar se deben comprobar siempre las condiciones mar\u00edtimas, ya que esta parte de la isla puede presentar corrientes y oleaje intenso.<\/span><\/p>\t\t\t\t\t\t\t\t<\/div>\n\t\t\t\t\t<\/div>\n\t\t<\/div>\n\t\t\t\t\t<\/div>\n\t\t<\/section>\n\t\t\t\t<section class=\"elementor-section elementor-top-section elementor-element elementor-element-d807856 elementor-section-boxed elementor-section-height-default elementor-section-height-default\" data-id=\"d807856\" data-element_type=\"section\" data-e-type=\"section\">\n\t\t\t\t\t\t<div class=\"elementor-container elementor-column-gap-default\">\n\t\t\t\t\t<div class=\"elementor-column elementor-col-100 elementor-top-column elementor-element elementor-element-c8b037b\" data-id=\"c8b037b\" data-element_type=\"column\" data-e-type=\"column\">\n\t\t\t<div class=\"elementor-widget-wrap elementor-element-populated\">\n\t\t\t\t\t\t<div class=\"elementor-element elementor-element-87328f2 elementor-widget elementor-widget-heading\" data-id=\"87328f2\" data-element_type=\"widget\" data-e-type=\"widget\" data-widget_type=\"heading.default\">\n\t\t\t\t\t<h2 class=\"elementor-heading-title elementor-size-default\">Qu\u00e9 hacer en Cala Molina<\/h2>\t\t\t\t<\/div>\n\t\t\t\t\t<\/div>\n\t\t<\/div>\n\t\t\t\t\t<\/div>\n\t\t<\/section>\n\t\t\t\t<section class=\"elementor-section elementor-top-section elementor-element elementor-element-09ceae1 elementor-section-boxed elementor-section-height-default elementor-section-height-default\" data-id=\"09ceae1\" data-element_type=\"section\" data-e-type=\"section\">\n\t\t\t\t\t\t<div class=\"elementor-container elementor-column-gap-default\">\n\t\t\t\t\t<div class=\"elementor-column elementor-col-100 elementor-top-column elementor-element elementor-element-1dae0d1\" data-id=\"1dae0d1\" data-element_type=\"column\" data-e-type=\"column\">\n\t\t\t<div class=\"elementor-widget-wrap elementor-element-populated\">\n\t\t\t\t\t\t<div class=\"elementor-element elementor-element-dc67199 elementor-widget elementor-widget-text-editor\" data-id=\"dc67199\" data-element_type=\"widget\" data-e-type=\"widget\" data-widget_type=\"text-editor.default\">\n\t\t\t\t\t\t\t\t\t<p><span style=\"font-weight: 400;\">Aunque no ofrece las actividades habituales de una playa equipada, Cala Molina permite disfrutar de diferentes planes relacionados con la naturaleza: Contemplar el paisaje: El mirador y los alrededores ofrecen amplias vistas de la costa norte y del oc\u00e9ano Atl\u00e1ntico. Fotograf\u00eda: Las rocas volc\u00e1nicas, los acantilados y el movimiento del mar crean un escenario especialmente atractivo para realizar fotograf\u00edas. Disfrutar de la tranquilidad: Es un lugar apropiado para detenerse, escuchar el sonido del oc\u00e9ano y alejarse durante unos minutos de las zonas m\u00e1s transitadas. Explorar el litoral norte: Cala Molina puede incluirse dentro de una ruta en coche por la costa de G\u00e1ldar y Santa Mar\u00eda de Gu\u00eda, visitando otros enclaves naturales y peque\u00f1os n\u00facleos costeros. Atardeceres: Cuando las condiciones meteorol\u00f3gicas lo permiten, la luz del final del d\u00eda transforma el paisaje y permite disfrutar de una perspectiva diferente de los acantilados.<\/span><\/p>\t\t\t\t\t\t\t\t<\/div>\n\t\t\t\t\t<\/div>\n\t\t<\/div>\n\t\t\t\t\t<\/div>\n\t\t<\/section>\n\t\t\t\t<section class=\"elementor-section elementor-top-section elementor-element elementor-element-cf02c8e elementor-section-boxed elementor-section-height-default elementor-section-height-default\" data-id=\"cf02c8e\" data-element_type=\"section\" data-e-type=\"section\">\n\t\t\t\t\t\t<div class=\"elementor-container elementor-column-gap-default\">\n\t\t\t\t\t<div class=\"elementor-column elementor-col-100 elementor-top-column elementor-element elementor-element-13b23ae\" data-id=\"13b23ae\" data-element_type=\"column\" data-e-type=\"column\">\n\t\t\t<div class=\"elementor-widget-wrap elementor-element-populated\">\n\t\t\t\t\t\t<div class=\"elementor-element elementor-element-5730548 elementor-widget elementor-widget-html\" data-id=\"5730548\" data-element_type=\"widget\" data-e-type=\"widget\" data-widget_type=\"html.default\">\n\t\t\t\t\t<div class=\"marinalia-widget\" data-products=\"1481,1488,1493\" data-color=\"#7a2584\" style=\"width:100%;display:block;\"><\/div> \n<script src=\"https:\/\/media.marinalia.es\/widget\/marinalia-widget.js\"><\/script>\t\t\t\t<\/div>\n\t\t\t\t\t<\/div>\n\t\t<\/div>\n\t\t\t\t\t<\/div>\n\t\t<\/section>\n\t\t\t\t<section class=\"elementor-section elementor-top-section elementor-element elementor-element-1efce8b elementor-section-boxed elementor-section-height-default elementor-section-height-default\" data-id=\"1efce8b\" data-element_type=\"section\" data-e-type=\"section\">\n\t\t\t\t\t\t<div class=\"elementor-container elementor-column-gap-default\">\n\t\t\t\t\t<div class=\"elementor-column elementor-col-100 elementor-top-column elementor-element elementor-element-e436a83\" data-id=\"e436a83\" data-element_type=\"column\" data-e-type=\"column\">\n\t\t\t<div class=\"elementor-widget-wrap elementor-element-populated\">\n\t\t\t\t\t\t<div class=\"elementor-element elementor-element-a60354f elementor-widget elementor-widget-spacer\" data-id=\"a60354f\" data-element_type=\"widget\" data-e-type=\"widget\" data-widget_type=\"spacer.default\">\n\t\t\t\t\t\t\t<div class=\"elementor-spacer\">\n\t\t\t<div class=\"elementor-spacer-inner\"><\/div>\n\t\t<\/div>\n\t\t\t\t\t\t<\/div>\n\t\t\t\t\t<\/div>\n\t\t<\/div>\n\t\t\t\t\t<\/div>\n\t\t<\/section>\n\t\t\t\t<section class=\"elementor-section elementor-top-section elementor-element elementor-element-674da65 elementor-section-boxed elementor-section-height-default elementor-section-height-default\" data-id=\"674da65\" data-element_type=\"section\" data-e-type=\"section\">\n\t\t\t\t\t\t<div class=\"elementor-container elementor-column-gap-default\">\n\t\t\t\t\t<div class=\"elementor-column elementor-col-100 elementor-top-column elementor-element elementor-element-b258ac2\" data-id=\"b258ac2\" data-element_type=\"column\" data-e-type=\"column\">\n\t\t\t<div class=\"elementor-widget-wrap\">\n\t\t\t\t\t\t\t<\/div>\n\t\t<\/div>\n\t\t\t\t\t<\/div>\n\t\t<\/section>\n\t\t\t\t<section class=\"elementor-section elementor-top-section elementor-element elementor-element-28da22cc elementor-section-boxed elementor-section-height-default elementor-section-height-default\" data-id=\"28da22cc\" data-element_type=\"section\" data-e-type=\"section\" data-settings=\"{&quot;background_background&quot;:&quot;classic&quot;}\">\n\t\t\t\t\t\t<div class=\"elementor-container elementor-column-gap-default\">\n\t\t\t\t\t<div class=\"elementor-column elementor-col-100 elementor-top-column elementor-element elementor-element-2c16d81c\" data-id=\"2c16d81c\" data-element_type=\"column\" data-e-type=\"column\">\n\t\t\t<div class=\"elementor-widget-wrap elementor-element-populated\">\n\t\t\t\t\t\t<div class=\"elementor-element elementor-element-53eddfff elementor-author-box--layout-image-above elementor-author-box--align-center elementor-widget elementor-widget-author-box\" data-id=\"53eddfff\" data-element_type=\"widget\" data-e-type=\"widget\" data-widget_type=\"author-box.default\">\n\t\t\t\t\t\t\t<div class=\"elementor-author-box\">\n\t\t\t\t\t\t\t<div  class=\"elementor-author-box__avatar\">\n\t\t\t\t\t<img decoding=\"async\" data-src=\"https:\/\/media.marinalia.es\/wp-content\/uploads\/2021\/12\/Imagen-de-perfil-para-redes-sociales-minimalista-con-playa-azul-y-naranja-1.png\" alt=\"Image de Silvia Guti\u00e9rrez\" src=\"data:image\/gif;base64,R0lGODlhAQABAAAAACH5BAEKAAEALAAAAAABAAEAAAICTAEAOw==\" class=\"lazyload\">\n\t\t\t\t<\/div>\n\t\t\t\n\t\t\t<div class=\"elementor-author-box__text\">\n\t\t\t\t\t\t\t\t\t<div >\n\t\t\t\t\t\t<span class=\"elementor-author-box__name\">\n\t\t\t\t\t\t\tSilvia Guti\u00e9rrez\t\t\t\t\t\t<\/span>\n\t\t\t\t\t<\/div>\n\t\t\t\t\n\t\t\t\t\n\t\t\t\t\t\t\t<\/div>\n\t\t<\/div>\n\t\t\t\t\t\t<\/div>\n\t\t\t\t<section class=\"elementor-section elementor-inner-section elementor-element elementor-element-1e2bf1cb elementor-section-boxed elementor-section-height-default elementor-section-height-default\" data-id=\"1e2bf1cb\" data-element_type=\"section\" data-e-type=\"section\">\n\t\t\t\t\t\t<div class=\"elementor-container elementor-column-gap-default\">\n\t\t\t\t\t<div class=\"elementor-column elementor-col-33 elementor-inner-column elementor-element elementor-element-33136452\" data-id=\"33136452\" data-element_type=\"column\" data-e-type=\"column\">\n\t\t\t<div class=\"elementor-widget-wrap\">\n\t\t\t\t\t\t\t<\/div>\n\t\t<\/div>\n\t\t\t\t<div class=\"elementor-column elementor-col-33 elementor-inner-column elementor-element elementor-element-20ddc2dd\" data-id=\"20ddc2dd\" data-element_type=\"column\" data-e-type=\"column\">\n\t\t\t<div class=\"elementor-widget-wrap elementor-element-populated\">\n\t\t\t\t\t\t<div class=\"elementor-element elementor-element-717783d0 elementor-widget elementor-widget-heading\" data-id=\"717783d0\" data-element_type=\"widget\" data-e-type=\"widget\" data-widget_type=\"heading.default\">\n\t\t\t\t\t<div class=\"elementor-heading-title elementor-size-default\">Vous voulez savoir quelles sont les activit\u00e9s que vous pouvez faire dans cette r\u00e9gion ?<\/div>\t\t\t\t<\/div>\n\t\t\t\t<div class=\"elementor-element elementor-element-31484309 elementor-align-center elementor-widget elementor-widget-button\" data-id=\"31484309\" data-element_type=\"widget\" data-e-type=\"widget\" data-widget_type=\"button.default\">\n\t\t\t\t\t\t\t\t\t\t<a class=\"elementor-button elementor-button-link elementor-size-sm\" href=\"https:\/\/wa.me\/34694467126\/?text=Hola%21%20Quiero%20saber%20qu%C3%A9%20actividades%20puedo%20hacer%20en\" target=\"_blank\" rel=\"noopener\">\n\t\t\t\t\t\t<span class=\"elementor-button-content-wrapper\">\n\t\t\t\t\t\t<span class=\"elementor-button-icon\">\n\t\t\t\t<svg aria-hidden=\"true\" class=\"e-font-icon-svg e-fab-whatsapp\" viewbox=\"0 0 448 512\" xmlns=\"http:\/\/www.w3.org\/2000\/svg\"><path d=\"M380.9 97.1C339 55.1 283.2 32 223.9 32c-122.4 0-222 99.6-222 222 0 39.1 10.2 77.3 29.6 111L0 480l117.7-30.9c32.4 17.7 68.9 27 106.1 27h.1c122.3 0 224.1-99.6 224.1-222 0-59.3-25.2-115-67.1-157zm-157 341.6c-33.2 0-65.7-8.9-94-25.7l-6.7-4-69.8 18.3L72 359.2l-4.4-7c-18.5-29.4-28.2-63.3-28.2-98.2 0-101.7 82.8-184.5 184.6-184.5 49.3 0 95.6 19.2 130.4 54.1 34.8 34.9 56.2 81.2 56.1 130.5 0 101.8-84.9 184.6-186.6 184.6zm101.2-138.2c-5.5-2.8-32.8-16.2-37.9-18-5.1-1.9-8.8-2.8-12.5 2.8-3.7 5.6-14.3 18-17.6 21.8-3.2 3.7-6.5 4.2-12 1.4-32.6-16.3-54-29.1-75.5-66-5.7-9.8 5.7-9.1 16.3-30.3 1.8-3.7.9-6.9-.5-9.7-1.4-2.8-12.5-30.1-17.1-41.2-4.5-10.8-9.1-9.3-12.5-9.5-3.2-.2-6.9-.2-10.6-.2-3.7 0-9.7 1.4-14.8 6.9-5.1 5.6-19.4 19-19.4 46.3 0 27.3 19.9 53.7 22.6 57.4 2.8 3.7 39.1 59.7 94.8 83.8 35.2 15.2 49 16.5 66.6 13.9 10.7-1.6 32.8-13.4 37.4-26.4 4.6-13 4.6-24.1 3.2-26.4-1.3-2.5-5-3.9-10.5-6.6z\"><\/path><\/svg>\t\t\t<\/span>\n\t\t\t\t\t\t\t\t\t<span class=\"elementor-button-text\">Envoyez-nous un WhatsApp !<\/span>\n\t\t\t\t\t<\/span>\n\t\t\t\t\t<\/a>\n\t\t\t\t\t\t\t\t<\/div>\n\t\t\t\t\t<\/div>\n\t\t<\/div>\n\t\t\t\t<div class=\"elementor-column elementor-col-33 elementor-inner-column elementor-element elementor-element-336def79\" data-id=\"336def79\" data-element_type=\"column\" data-e-type=\"column\">\n\t\t\t<div class=\"elementor-widget-wrap\">\n\t\t\t\t\t\t\t<\/div>\n\t\t<\/div>\n\t\t\t\t\t<\/div>\n\t\t<\/section>\n\t\t\t\t\t<\/div>\n\t\t<\/div>\n\t\t\t\t\t<\/div>\n\t\t<\/section>\n\t\t\t\t<section class=\"elementor-section elementor-top-section elementor-element elementor-element-2a2737b elementor-section-boxed elementor-section-height-default elementor-section-height-default\" data-id=\"2a2737b\" data-element_type=\"section\" data-e-type=\"section\">\n\t\t\t\t\t\t<div class=\"elementor-container elementor-column-gap-default\">\n\t\t\t\t\t<div class=\"elementor-column elementor-col-100 elementor-top-column elementor-element elementor-element-b0b5577\" data-id=\"b0b5577\" data-element_type=\"column\" data-e-type=\"column\">\n\t\t\t<div class=\"elementor-widget-wrap elementor-element-populated\">\n\t\t\t\t\t\t<div class=\"elementor-element elementor-element-4151099 elementor-widget elementor-widget-spacer\" data-id=\"4151099\" data-element_type=\"widget\" data-e-type=\"widget\" data-widget_type=\"spacer.default\">\n\t\t\t\t\t\t\t<div class=\"elementor-spacer\">\n\t\t\t<div class=\"elementor-spacer-inner\"><\/div>\n\t\t<\/div>\n\t\t\t\t\t\t<\/div>\n\t\t\t\t<div class=\"elementor-element elementor-element-951fa4e elementor-widget elementor-widget-heading\" data-id=\"951fa4e\" data-element_type=\"widget\" data-e-type=\"widget\" data-widget_type=\"heading.default\">\n\t\t\t\t\t<h2 class=\"elementor-heading-title elementor-size-default\">Playas y piscinas naturales cercanas<\/h2>\t\t\t\t<\/div>\n\t\t\t\t<div class=\"elementor-element elementor-element-ec9102f elementor-widget elementor-widget-text-editor\" data-id=\"ec9102f\" data-element_type=\"widget\" data-e-type=\"widget\" data-widget_type=\"text-editor.default\">\n\t\t\t\t\t\t\t\t\t<p><span style=\"font-weight: 400;\">La visita a Cala Molina puede combinarse con otras zonas de ba\u00f1o del norte de Gran Canaria: Piscinas naturales de Roque Prieto: Situadas en Santa Mar\u00eda de Gu\u00eda, permiten disfrutar del oc\u00e9ano en piscinas formadas junto a la costa rocosa. Son una alternativa m\u00e1s c\u00f3moda para quienes desean ba\u00f1arse. Playa de San Felipe: Playa de arena oscura y callaos rodeada de monta\u00f1as y acantilados. Es conocida por su ambiente natural y por el fuerte oleaje que caracteriza esta parte del litoral. Sardina del Norte: Uno de los enclaves costeros m\u00e1s populares de G\u00e1ldar, con playa, puerto, restaurantes y zonas desde las que disfrutar del mar con mayor comodidad. Punta de G\u00e1ldar: Zona costera de roca volc\u00e1nica con piscinas naturales y espacios frecuentados por los habitantes del municipio. <\/span><\/p>\t\t\t\t\t\t\t\t<\/div>\n\t\t\t\t\t<\/div>\n\t\t<\/div>\n\t\t\t\t\t<\/div>\n\t\t<\/section>\n\t\t\t\t<section class=\"elementor-section elementor-top-section elementor-element elementor-element-9b6a822 elementor-section-boxed elementor-section-height-default elementor-section-height-default\" data-id=\"9b6a822\" data-element_type=\"section\" data-e-type=\"section\">\n\t\t\t\t\t\t<div class=\"elementor-container elementor-column-gap-default\">\n\t\t\t\t\t<div class=\"elementor-column elementor-col-100 elementor-top-column elementor-element elementor-element-3e8ce19\" data-id=\"3e8ce19\" data-element_type=\"column\" data-e-type=\"column\">\n\t\t\t<div class=\"elementor-widget-wrap elementor-element-populated\">\n\t\t\t\t\t\t<div class=\"elementor-element elementor-element-cb46d21 elementor-widget elementor-widget-heading\" data-id=\"cb46d21\" data-element_type=\"widget\" data-e-type=\"widget\" data-widget_type=\"heading.default\">\n\t\t\t\t\t<h2 class=\"elementor-heading-title elementor-size-default\">Servicios en Cala Molina<\/h2>\t\t\t\t<\/div>\n\t\t\t\t<div class=\"elementor-element elementor-element-af0bdeb elementor-widget elementor-widget-text-editor\" data-id=\"af0bdeb\" data-element_type=\"widget\" data-e-type=\"widget\" data-widget_type=\"text-editor.default\">\n\t\t\t\t\t\t\t\t\t<p><span style=\"font-weight: 400;\">ala Molina no dispone de los servicios propios de una playa tur\u00edstica. En el entorno inmediato no se deben esperar duchas, aseos, vigilancia, alquiler de hamacas, establecimientos de restauraci\u00f3n ni otras instalaciones destinadas a los ba\u00f1istas. Es recomendable llevar agua, calzado adecuado y protecci\u00f3n solar, adem\u00e1s de recoger todos los residuos antes de abandonar el lugar. Para encontrar restaurantes, supermercados y otros servicios, lo m\u00e1s conveniente es desplazarse hasta los n\u00facleos urbanos de G\u00e1ldar, Santa Mar\u00eda de Gu\u00eda o las localidades costeras pr\u00f3ximas.<\/span><\/p>\t\t\t\t\t\t\t\t<\/div>\n\t\t\t\t\t<\/div>\n\t\t<\/div>\n\t\t\t\t\t<\/div>\n\t\t<\/section>\n\t\t\t\t<section class=\"elementor-section elementor-top-section elementor-element elementor-element-f132a80 elementor-section-boxed elementor-section-height-default elementor-section-height-default\" data-id=\"f132a80\" data-element_type=\"section\" data-e-type=\"section\">\n\t\t\t\t\t\t<div class=\"elementor-container elementor-column-gap-default\">\n\t\t\t\t\t<div class=\"elementor-column elementor-col-100 elementor-top-column elementor-element elementor-element-3e4c752\" data-id=\"3e4c752\" data-element_type=\"column\" data-e-type=\"column\">\n\t\t\t<div class=\"elementor-widget-wrap elementor-element-populated\">\n\t\t\t\t\t\t<div class=\"elementor-element elementor-element-1fb6928 elementor-widget elementor-widget-heading\" data-id=\"1fb6928\" data-element_type=\"widget\" data-e-type=\"widget\" data-widget_type=\"heading.default\">\n\t\t\t\t\t<h2 class=\"elementor-heading-title elementor-size-default\">C\u00f3mo llegar a Cala Molina<\/h2>\t\t\t\t<\/div>\n\t\t\t\t<div class=\"elementor-element elementor-element-7227e8a elementor-widget elementor-widget-text-editor\" data-id=\"7227e8a\" data-element_type=\"widget\" data-e-type=\"widget\" data-widget_type=\"text-editor.default\">\n\t\t\t\t\t\t\t\t\t<div data-turn-id-container=\"request-WEB:bc625c62-40f8-415d-8c37-4ffccb3b5199-0\" data-is-intersecting=\"true\"><section dir=\"auto\" data-turn-id=\"request-WEB:bc625c62-40f8-415d-8c37-4ffccb3b5199-0\" data-turn-id-container=\"request-WEB:bc625c62-40f8-415d-8c37-4ffccb3b5199-0\" data-testid=\"conversation-turn-24\" data-turn=\"assistant\"><div data-conversation-screenshot-content=\"\"><div dir=\"auto\" tabindex=\"0\" data-message-author-role=\"assistant\" data-message-id=\"8d2563ec-60ca-4ab3-8dd7-5d030cb303af\" data-turn-start-message=\"true\" data-message-model-slug=\"gpt-5-6-thinking\"><p><span style=\"font-weight: 400;\">Cala Molina se encuentra en la costa norte de Gran Canaria, entre los municipios de G\u00e1ldar y Santa Mar\u00eda de Gu\u00eda. La principal v\u00eda de comunicaci\u00f3n de esta zona es la carretera GC-2, desde la que se accede posteriormente a las carreteras locales que conducen hacia el litoral. Debido a que se trata de un enclave apartado y poco se\u00f1alizado, es recomendable utilizar un navegador para localizar el Mirador de Cala Molina y comprobar previamente el recorrido. El veh\u00edculo debe estacionarse \u00fanicamente en espacios permitidos, evitando bloquear caminos, accesos agr\u00edcolas o propiedades privadas. Para disfrutar de la visita con mayor tranquilidad, conviene acudir durante las horas de luz, utilizar calzado con buena sujeci\u00f3n y consultar previamente la previsi\u00f3n del viento y del estado del mar. <\/span><\/p><\/div><\/div><\/section><\/div>\t\t\t\t\t\t\t\t<\/div>\n\t\t\t\t<div class=\"elementor-element elementor-element-61b0efb elementor-align-center elementor-widget elementor-widget-button\" data-id=\"61b0efb\" data-element_type=\"widget\" data-e-type=\"widget\" data-widget_type=\"button.default\">\n\t\t\t\t\t\t\t\t\t\t<a class=\"elementor-button elementor-button-link elementor-size-md\" href=\"https:\/\/marinalia.es\/258-gran-canaria\" target=\"_blank\" rel=\"noopener\">\n\t\t\t\t\t\t<span class=\"elementor-button-content-wrapper\">\n\t\t\t\t\t\t\t\t\t<span class=\"elementor-button-text\">M\u00e1s actividades en Gran Canaria<\/span>\n\t\t\t\t\t<\/span>\n\t\t\t\t\t<\/a>\n\t\t\t\t\t\t\t\t<\/div>\n\t\t\t\t\t<\/div>\n\t\t<\/div>\n\t\t\t\t\t<\/div>\n\t\t<\/section>\n\t\t\t\t<section class=\"elementor-section elementor-top-section elementor-element elementor-element-297f669 elementor-section-boxed elementor-section-height-default elementor-section-height-default\" data-id=\"297f669\" data-element_type=\"section\" data-e-type=\"section\">\n\t\t\t\t\t\t<div class=\"elementor-container elementor-column-gap-default\">\n\t\t\t\t\t<div class=\"elementor-column elementor-col-100 elementor-top-column elementor-element elementor-element-7ad46da\" data-id=\"7ad46da\" data-element_type=\"column\" data-e-type=\"column\">\n\t\t\t<div class=\"elementor-widget-wrap elementor-element-populated\">\n\t\t\t\t\t\t<div class=\"elementor-element elementor-element-06c1a5e elementor-widget elementor-widget-spacer\" data-id=\"06c1a5e\" data-element_type=\"widget\" data-e-type=\"widget\" data-widget_type=\"spacer.default\">\n\t\t\t\t\t\t\t<div class=\"elementor-spacer\">\n\t\t\t<div class=\"elementor-spacer-inner\"><\/div>\n\t\t<\/div>\n\t\t\t\t\t\t<\/div>\n\t\t\t\t\t<\/div>\n\t\t<\/div>\n\t\t\t\t\t<\/div>\n\t\t<\/section>\n\t\t\t\t<section class=\"elementor-section elementor-top-section elementor-element elementor-element-47388c4 elementor-section-boxed elementor-section-height-default elementor-section-height-default\" data-id=\"47388c4\" data-element_type=\"section\" data-e-type=\"section\">\n\t\t\t\t\t\t<div class=\"elementor-container elementor-column-gap-default\">\n\t\t\t\t\t<div class=\"elementor-column elementor-col-100 elementor-top-column elementor-element elementor-element-3fda40e\" data-id=\"3fda40e\" data-element_type=\"column\" data-e-type=\"column\">\n\t\t\t<div class=\"elementor-widget-wrap elementor-element-populated\">\n\t\t\t\t\t\t<div class=\"elementor-element elementor-element-0e4c9ae elementor-widget elementor-widget-heading\" data-id=\"0e4c9ae\" data-element_type=\"widget\" data-e-type=\"widget\" data-widget_type=\"heading.default\">\n\t\t\t\t\t<h2 class=\"elementor-heading-title elementor-size-default\">Preguntas frecuentes sobre la Cala Molina<\/h2>\t\t\t\t<\/div>\n\t\t\t\t\t<\/div>\n\t\t<\/div>\n\t\t\t\t\t<\/div>\n\t\t<\/section>\n\t\t\t\t<section class=\"elementor-section elementor-top-section elementor-element elementor-element-bd2c94b elementor-section-boxed elementor-section-height-default elementor-section-height-default\" data-id=\"bd2c94b\" data-element_type=\"section\" data-e-type=\"section\">\n\t\t\t\t\t\t<div class=\"elementor-container elementor-column-gap-default\">\n\t\t\t\t\t<div class=\"elementor-column elementor-col-100 elementor-top-column elementor-element elementor-element-e95d4b5\" data-id=\"e95d4b5\" data-element_type=\"column\" data-e-type=\"column\">\n\t\t\t<div class=\"elementor-widget-wrap elementor-element-populated\">\n\t\t\t\t\t\t<div class=\"elementor-element elementor-element-c0967e8 elementor-widget elementor-widget-eael-adv-accordion\" data-id=\"c0967e8\" data-element_type=\"widget\" data-e-type=\"widget\" data-widget_type=\"eael-adv-accordion.default\">\n\t\t\t\t\t            <div class=\"eael-adv-accordion\" id=\"eael-adv-accordion-c0967e8\" data-scroll-on-click=\"no\" data-scroll-speed=\"300\" data-accordion-id=\"c0967e8\" data-accordion-type=\"accordion\" data-toogle-speed=\"300\">\n            <div class=\"eael-accordion-list\">\n\t\t\t\t\t<div id=\"dnde-se-encuentra-cala-molina\" class=\"elementor-tab-title eael-accordion-header\" tabindex=\"0\" data-tab=\"1\" aria-controls=\"elementor-tab-content-2011\"><span class=\"eael-advanced-accordion-icon-closed\"><svg aria-hidden=\"true\" class=\"fa-accordion-icon e-font-icon-svg e-fas-plus\" viewbox=\"0 0 448 512\" xmlns=\"http:\/\/www.w3.org\/2000\/svg\"><path d=\"M416 208H272V64c0-17.67-14.33-32-32-32h-32c-17.67 0-32 14.33-32 32v144H32c-17.67 0-32 14.33-32 32v32c0 17.67 14.33 32 32 32h144v144c0 17.67 14.33 32 32 32h32c17.67 0 32-14.33 32-32V304h144c17.67 0 32-14.33 32-32v-32c0-17.67-14.33-32-32-32z\"><\/path><\/svg><\/span><span class=\"eael-advanced-accordion-icon-opened\"><svg aria-hidden=\"true\" class=\"fa-accordion-icon e-font-icon-svg e-fas-minus\" viewbox=\"0 0 448 512\" xmlns=\"http:\/\/www.w3.org\/2000\/svg\"><path d=\"M416 208H32c-17.67 0-32 14.33-32 32v32c0 17.67 14.33 32 32 32h384c17.67 0 32-14.33 32-32v-32c0-17.67-14.33-32-32-32z\"><\/path><\/svg><\/span><span class=\"eael-accordion-tab-title\">\u00bfD\u00f3nde se encuentra Cala Molina?<\/span><svg aria-hidden=\"true\" class=\"fa-toggle e-font-icon-svg e-fas-angle-right\" viewbox=\"0 0 256 512\" xmlns=\"http:\/\/www.w3.org\/2000\/svg\"><path d=\"M224.3 273l-136 136c-9.4 9.4-24.6 9.4-33.9 0l-22.6-22.6c-9.4-9.4-9.4-24.6 0-33.9l96.4-96.4-96.4-96.4c-9.4-9.4-9.4-24.6 0-33.9L54.3 103c9.4-9.4 24.6-9.4 33.9 0l136 136c9.5 9.4 9.5 24.6.1 34z\"><\/path><\/svg><\/div><div id=\"elementor-tab-content-2011\" class=\"eael-accordion-content clearfix\" data-tab=\"1\" aria-labelledby=\"dnde-se-encuentra-cala-molina\"><p>Cala Molina se encuentra en la costa norte de Gran Canaria, en un entorno natural pr\u00f3ximo a los municipios de G\u00e1ldar y Santa Mar\u00eda de Gu\u00eda. Es un enclave costero poco urbanizado, rodeado de acantilados y con vistas al oc\u00e9ano Atl\u00e1ntico.<\/p><\/div>\n\t\t\t\t\t<\/div><div class=\"eael-accordion-list\">\n\t\t\t\t\t<div id=\"cala-molina-es-adecuada-para-ir-con-nios\" class=\"elementor-tab-title eael-accordion-header\" tabindex=\"0\" data-tab=\"2\" aria-controls=\"elementor-tab-content-2012\"><span class=\"eael-advanced-accordion-icon-closed\"><svg aria-hidden=\"true\" class=\"fa-accordion-icon e-font-icon-svg e-fas-plus\" viewbox=\"0 0 448 512\" xmlns=\"http:\/\/www.w3.org\/2000\/svg\"><path d=\"M416 208H272V64c0-17.67-14.33-32-32-32h-32c-17.67 0-32 14.33-32 32v144H32c-17.67 0-32 14.33-32 32v32c0 17.67 14.33 32 32 32h144v144c0 17.67 14.33 32 32 32h32c17.67 0 32-14.33 32-32V304h144c17.67 0 32-14.33 32-32v-32c0-17.67-14.33-32-32-32z\"><\/path><\/svg><\/span><span class=\"eael-advanced-accordion-icon-opened\"><svg aria-hidden=\"true\" class=\"fa-accordion-icon e-font-icon-svg e-fas-minus\" viewbox=\"0 0 448 512\" xmlns=\"http:\/\/www.w3.org\/2000\/svg\"><path d=\"M416 208H32c-17.67 0-32 14.33-32 32v32c0 17.67 14.33 32 32 32h384c17.67 0 32-14.33 32-32v-32c0-17.67-14.33-32-32-32z\"><\/path><\/svg><\/span><span class=\"eael-accordion-tab-title\">\u00bfCala Molina es adecuada para ir con ni\u00f1os?<\/span><svg aria-hidden=\"true\" class=\"fa-toggle e-font-icon-svg e-fas-angle-right\" viewbox=\"0 0 256 512\" xmlns=\"http:\/\/www.w3.org\/2000\/svg\"><path d=\"M224.3 273l-136 136c-9.4 9.4-24.6 9.4-33.9 0l-22.6-22.6c-9.4-9.4-9.4-24.6 0-33.9l96.4-96.4-96.4-96.4c-9.4-9.4-9.4-24.6 0-33.9L54.3 103c9.4-9.4 24.6-9.4 33.9 0l136 136c9.5 9.4 9.5 24.6.1 34z\"><\/path><\/svg><\/div><div id=\"elementor-tab-content-2012\" class=\"eael-accordion-content clearfix\" data-tab=\"2\" aria-labelledby=\"cala-molina-es-adecuada-para-ir-con-nios\"><p>Se puede visitar con ni\u00f1os, pero deben permanecer vigilados en todo momento. El terreno puede ser irregular y hay zonas cercanas a acantilados, por lo que no es un espacio acondicionado para jugar ni para pasar un d\u00eda de playa en familia.<\/p><\/div>\n\t\t\t\t\t<\/div><div class=\"eael-accordion-list\">\n\t\t\t\t\t<div id=\"qu-tipo-de-terreno-tiene-cala-molina\" class=\"elementor-tab-title eael-accordion-header\" tabindex=\"0\" data-tab=\"3\" aria-controls=\"elementor-tab-content-2013\"><span class=\"eael-advanced-accordion-icon-closed\"><svg aria-hidden=\"true\" class=\"fa-accordion-icon e-font-icon-svg e-fas-plus\" viewbox=\"0 0 448 512\" xmlns=\"http:\/\/www.w3.org\/2000\/svg\"><path d=\"M416 208H272V64c0-17.67-14.33-32-32-32h-32c-17.67 0-32 14.33-32 32v144H32c-17.67 0-32 14.33-32 32v32c0 17.67 14.33 32 32 32h144v144c0 17.67 14.33 32 32 32h32c17.67 0 32-14.33 32-32V304h144c17.67 0 32-14.33 32-32v-32c0-17.67-14.33-32-32-32z\"><\/path><\/svg><\/span><span class=\"eael-advanced-accordion-icon-opened\"><svg aria-hidden=\"true\" class=\"fa-accordion-icon e-font-icon-svg e-fas-minus\" viewbox=\"0 0 448 512\" xmlns=\"http:\/\/www.w3.org\/2000\/svg\"><path d=\"M416 208H32c-17.67 0-32 14.33-32 32v32c0 17.67 14.33 32 32 32h384c17.67 0 32-14.33 32-32v-32c0-17.67-14.33-32-32-32z\"><\/path><\/svg><\/span><span class=\"eael-accordion-tab-title\">\u00bfQu\u00e9 tipo de terreno tiene Cala Molina?<\/span><svg aria-hidden=\"true\" class=\"fa-toggle e-font-icon-svg e-fas-angle-right\" viewbox=\"0 0 256 512\" xmlns=\"http:\/\/www.w3.org\/2000\/svg\"><path d=\"M224.3 273l-136 136c-9.4 9.4-24.6 9.4-33.9 0l-22.6-22.6c-9.4-9.4-9.4-24.6 0-33.9l96.4-96.4-96.4-96.4c-9.4-9.4-9.4-24.6 0-33.9L54.3 103c9.4-9.4 24.6-9.4 33.9 0l136 136c9.5 9.4 9.5 24.6.1 34z\"><\/path><\/svg><\/div><div id=\"elementor-tab-content-2013\" class=\"eael-accordion-content clearfix\" data-tab=\"3\" aria-labelledby=\"qu-tipo-de-terreno-tiene-cala-molina\"><p>El entorno de Cala Molina est\u00e1 formado principalmente por roca volc\u00e1nica, acantilados y terreno irregular. No es una playa convencional de arena ni dispone de un acceso c\u00f3modo y acondicionado hasta el mar.<\/p><\/div>\n\t\t\t\t\t<\/div><div class=\"eael-accordion-list\">\n\t\t\t\t\t<div id=\"qu-servicios-hay-en-cala-molina\" class=\"elementor-tab-title eael-accordion-header\" tabindex=\"0\" data-tab=\"4\" aria-controls=\"elementor-tab-content-2014\"><span class=\"eael-advanced-accordion-icon-closed\"><svg aria-hidden=\"true\" class=\"fa-accordion-icon e-font-icon-svg e-fas-plus\" viewbox=\"0 0 448 512\" xmlns=\"http:\/\/www.w3.org\/2000\/svg\"><path d=\"M416 208H272V64c0-17.67-14.33-32-32-32h-32c-17.67 0-32 14.33-32 32v144H32c-17.67 0-32 14.33-32 32v32c0 17.67 14.33 32 32 32h144v144c0 17.67 14.33 32 32 32h32c17.67 0 32-14.33 32-32V304h144c17.67 0 32-14.33 32-32v-32c0-17.67-14.33-32-32-32z\"><\/path><\/svg><\/span><span class=\"eael-advanced-accordion-icon-opened\"><svg aria-hidden=\"true\" class=\"fa-accordion-icon e-font-icon-svg e-fas-minus\" viewbox=\"0 0 448 512\" xmlns=\"http:\/\/www.w3.org\/2000\/svg\"><path d=\"M416 208H32c-17.67 0-32 14.33-32 32v32c0 17.67 14.33 32 32 32h384c17.67 0 32-14.33 32-32v-32c0-17.67-14.33-32-32-32z\"><\/path><\/svg><\/span><span class=\"eael-accordion-tab-title\">\u00bfQu\u00e9 servicios hay en Cala Molina?<\/span><svg aria-hidden=\"true\" class=\"fa-toggle e-font-icon-svg e-fas-angle-right\" viewbox=\"0 0 256 512\" xmlns=\"http:\/\/www.w3.org\/2000\/svg\"><path d=\"M224.3 273l-136 136c-9.4 9.4-24.6 9.4-33.9 0l-22.6-22.6c-9.4-9.4-9.4-24.6 0-33.9l96.4-96.4-96.4-96.4c-9.4-9.4-9.4-24.6 0-33.9L54.3 103c9.4-9.4 24.6-9.4 33.9 0l136 136c9.5 9.4 9.5 24.6.1 34z\"><\/path><\/svg><\/div><div id=\"elementor-tab-content-2014\" class=\"eael-accordion-content clearfix\" data-tab=\"4\" aria-labelledby=\"qu-servicios-hay-en-cala-molina\"><p>Cala Molina no cuenta con servicios tur\u00edsticos como aseos, duchas, socorristas, hamacas o establecimientos de restauraci\u00f3n. Se recomienda llevar agua, protecci\u00f3n solar y todo lo necesario para la visita.<\/p><\/div>\n\t\t\t\t\t<\/div><div class=\"eael-accordion-list\">\n\t\t\t\t\t<div id=\"es-posible-baarse-en-cala-molina\" class=\"elementor-tab-title eael-accordion-header\" tabindex=\"0\" data-tab=\"5\" aria-controls=\"elementor-tab-content-2015\"><span class=\"eael-advanced-accordion-icon-closed\"><svg aria-hidden=\"true\" class=\"fa-accordion-icon e-font-icon-svg e-fas-plus\" viewbox=\"0 0 448 512\" xmlns=\"http:\/\/www.w3.org\/2000\/svg\"><path d=\"M416 208H272V64c0-17.67-14.33-32-32-32h-32c-17.67 0-32 14.33-32 32v144H32c-17.67 0-32 14.33-32 32v32c0 17.67 14.33 32 32 32h144v144c0 17.67 14.33 32 32 32h32c17.67 0 32-14.33 32-32V304h144c17.67 0 32-14.33 32-32v-32c0-17.67-14.33-32-32-32z\"><\/path><\/svg><\/span><span class=\"eael-advanced-accordion-icon-opened\"><svg aria-hidden=\"true\" class=\"fa-accordion-icon e-font-icon-svg e-fas-minus\" viewbox=\"0 0 448 512\" xmlns=\"http:\/\/www.w3.org\/2000\/svg\"><path d=\"M416 208H32c-17.67 0-32 14.33-32 32v32c0 17.67 14.33 32 32 32h384c17.67 0 32-14.33 32-32v-32c0-17.67-14.33-32-32-32z\"><\/path><\/svg><\/span><span class=\"eael-accordion-tab-title\">\u00bfEs posible ba\u00f1arse en Cala Molina?<\/span><svg aria-hidden=\"true\" class=\"fa-toggle e-font-icon-svg e-fas-angle-right\" viewbox=\"0 0 256 512\" xmlns=\"http:\/\/www.w3.org\/2000\/svg\"><path d=\"M224.3 273l-136 136c-9.4 9.4-24.6 9.4-33.9 0l-22.6-22.6c-9.4-9.4-9.4-24.6 0-33.9l96.4-96.4-96.4-96.4c-9.4-9.4-9.4-24.6 0-33.9L54.3 103c9.4-9.4 24.6-9.4 33.9 0l136 136c9.5 9.4 9.5 24.6.1 34z\"><\/path><\/svg><\/div><div id=\"elementor-tab-content-2015\" class=\"eael-accordion-content clearfix\" data-tab=\"5\" aria-labelledby=\"es-posible-baarse-en-cala-molina\"><p class=\"PDq2pG_selectionAnchorContainer\">Cala Molina no es una zona de ba\u00f1o acondicionada ni vigilada. El acceso al mar puede resultar complicado y las condiciones del oleaje en la costa norte de Gran Canaria pueden ser peligrosas, por lo que se recomienda disfrutar del paisaje sin intentar acceder al agua.<\/p><\/div>\n\t\t\t\t\t<\/div><div class=\"eael-accordion-list\">\n\t\t\t\t\t<div id=\"hay-aparcamiento-cerca-de-cala-molina\" class=\"elementor-tab-title eael-accordion-header\" tabindex=\"0\" data-tab=\"6\" aria-controls=\"elementor-tab-content-2016\"><span class=\"eael-advanced-accordion-icon-closed\"><svg aria-hidden=\"true\" class=\"fa-accordion-icon e-font-icon-svg e-fas-plus\" viewbox=\"0 0 448 512\" xmlns=\"http:\/\/www.w3.org\/2000\/svg\"><path d=\"M416 208H272V64c0-17.67-14.33-32-32-32h-32c-17.67 0-32 14.33-32 32v144H32c-17.67 0-32 14.33-32 32v32c0 17.67 14.33 32 32 32h144v144c0 17.67 14.33 32 32 32h32c17.67 0 32-14.33 32-32V304h144c17.67 0 32-14.33 32-32v-32c0-17.67-14.33-32-32-32z\"><\/path><\/svg><\/span><span class=\"eael-advanced-accordion-icon-opened\"><svg aria-hidden=\"true\" class=\"fa-accordion-icon e-font-icon-svg e-fas-minus\" viewbox=\"0 0 448 512\" xmlns=\"http:\/\/www.w3.org\/2000\/svg\"><path d=\"M416 208H32c-17.67 0-32 14.33-32 32v32c0 17.67 14.33 32 32 32h384c17.67 0 32-14.33 32-32v-32c0-17.67-14.33-32-32-32z\"><\/path><\/svg><\/span><span class=\"eael-accordion-tab-title\">\u00bfHay aparcamiento cerca de Cala Molina?<\/span><svg aria-hidden=\"true\" class=\"fa-toggle e-font-icon-svg e-fas-angle-right\" viewbox=\"0 0 256 512\" xmlns=\"http:\/\/www.w3.org\/2000\/svg\"><path d=\"M224.3 273l-136 136c-9.4 9.4-24.6 9.4-33.9 0l-22.6-22.6c-9.4-9.4-9.4-24.6 0-33.9l96.4-96.4-96.4-96.4c-9.4-9.4-9.4-24.6 0-33.9L54.3 103c9.4-9.4 24.6-9.4 33.9 0l136 136c9.5 9.4 9.5 24.6.1 34z\"><\/path><\/svg><\/div><div id=\"elementor-tab-content-2016\" class=\"eael-accordion-content clearfix\" data-tab=\"6\" aria-labelledby=\"hay-aparcamiento-cerca-de-cala-molina\"><p class=\"PDq2pG_selectionAnchorContainer\">No existe un aparcamiento tur\u00edstico acondicionado junto a Cala Molina. Es importante estacionar \u00fanicamente en zonas permitidas, sin bloquear caminos, accesos o propiedades privadas.<\/p><\/div>\n\t\t\t\t\t<\/div><div class=\"eael-accordion-list\">\n\t\t\t\t\t<div id=\"cmo-llegar-desde-el-aeropuerto-de-gran-canaria-hasta-cala-molina\" class=\"elementor-tab-title eael-accordion-header\" tabindex=\"0\" data-tab=\"7\" aria-controls=\"elementor-tab-content-2017\"><span class=\"eael-advanced-accordion-icon-closed\"><svg aria-hidden=\"true\" class=\"fa-accordion-icon e-font-icon-svg e-fas-plus\" viewbox=\"0 0 448 512\" xmlns=\"http:\/\/www.w3.org\/2000\/svg\"><path d=\"M416 208H272V64c0-17.67-14.33-32-32-32h-32c-17.67 0-32 14.33-32 32v144H32c-17.67 0-32 14.33-32 32v32c0 17.67 14.33 32 32 32h144v144c0 17.67 14.33 32 32 32h32c17.67 0 32-14.33 32-32V304h144c17.67 0 32-14.33 32-32v-32c0-17.67-14.33-32-32-32z\"><\/path><\/svg><\/span><span class=\"eael-advanced-accordion-icon-opened\"><svg aria-hidden=\"true\" class=\"fa-accordion-icon e-font-icon-svg e-fas-minus\" viewbox=\"0 0 448 512\" xmlns=\"http:\/\/www.w3.org\/2000\/svg\"><path d=\"M416 208H32c-17.67 0-32 14.33-32 32v32c0 17.67 14.33 32 32 32h384c17.67 0 32-14.33 32-32v-32c0-17.67-14.33-32-32-32z\"><\/path><\/svg><\/span><span class=\"eael-accordion-tab-title\">\u00bfC\u00f3mo llegar desde el aeropuerto de Gran Canaria hasta Cala Molina?<\/span><svg aria-hidden=\"true\" class=\"fa-toggle e-font-icon-svg e-fas-angle-right\" viewbox=\"0 0 256 512\" xmlns=\"http:\/\/www.w3.org\/2000\/svg\"><path d=\"M224.3 273l-136 136c-9.4 9.4-24.6 9.4-33.9 0l-22.6-22.6c-9.4-9.4-9.4-24.6 0-33.9l96.4-96.4-96.4-96.4c-9.4-9.4-9.4-24.6 0-33.9L54.3 103c9.4-9.4 24.6-9.4 33.9 0l136 136c9.5 9.4 9.5 24.6.1 34z\"><\/path><\/svg><\/div><div id=\"elementor-tab-content-2017\" class=\"eael-accordion-content clearfix\" data-tab=\"7\" aria-labelledby=\"cmo-llegar-desde-el-aeropuerto-de-gran-canaria-hasta-cala-molina\"><p>La forma m\u00e1s sencilla de llegar es en coche. Desde el aeropuerto de Gran Canaria hay que dirigirse hacia Las Palmas de Gran Canaria y continuar por la GC-2 en direcci\u00f3n a G\u00e1ldar. Para localizar el punto exacto y comprobar la ruta m\u00e1s adecuada, se recomienda utilizar la ubicaci\u00f3n de Cala Molina en Google Maps.<\/p><\/div>\n\t\t\t\t\t<\/div><\/div>\t\t\t\t<\/div>\n\t\t\t\t\t<\/div>\n\t\t<\/div>\n\t\t\t\t\t<\/div>\n\t\t<\/section>\n\t\t\t\t<section class=\"elementor-section elementor-top-section elementor-element elementor-element-2454739f elementor-section-boxed elementor-section-height-default elementor-section-height-default\" data-id=\"2454739f\" data-element_type=\"section\" data-e-type=\"section\">\n\t\t\t\t\t\t<div class=\"elementor-container elementor-column-gap-default\">\n\t\t\t\t\t<div class=\"elementor-column elementor-col-100 elementor-top-column elementor-element elementor-element-6b7feea4\" data-id=\"6b7feea4\" data-element_type=\"column\" data-e-type=\"column\">\n\t\t\t<div class=\"elementor-widget-wrap elementor-element-populated\">\n\t\t\t\t\t\t<div class=\"elementor-element elementor-element-df6c34e elementor-widget elementor-widget-spacer\" data-id=\"df6c34e\" data-element_type=\"widget\" data-e-type=\"widget\" data-widget_type=\"spacer.default\">\n\t\t\t\t\t\t\t<div class=\"elementor-spacer\">\n\t\t\t<div class=\"elementor-spacer-inner\"><\/div>\n\t\t<\/div>\n\t\t\t\t\t\t<\/div>\n\t\t\t\t\t<\/div>\n\t\t<\/div>\n\t\t\t\t\t<\/div>\n\t\t<\/section>\n\t\t\t\t<section class=\"elementor-section elementor-top-section elementor-element elementor-element-99ca7d1 elementor-section-boxed elementor-section-height-default elementor-section-height-default\" data-id=\"99ca7d1\" data-element_type=\"section\" data-e-type=\"section\">\n\t\t\t\t\t\t<div class=\"elementor-container elementor-column-gap-default\">\n\t\t\t\t\t<div class=\"elementor-column elementor-col-100 elementor-top-column elementor-element elementor-element-31e3d9e\" data-id=\"31e3d9e\" data-element_type=\"column\" data-e-type=\"column\">\n\t\t\t<div class=\"elementor-widget-wrap elementor-element-populated\">\n\t\t\t\t\t\t<div class=\"elementor-element elementor-element-cfa44e6 elementor-widget elementor-widget-google_maps\" data-id=\"cfa44e6\" data-element_type=\"widget\" data-e-type=\"widget\" data-widget_type=\"google_maps.default\">\n\t\t\t\t\t\t\t<div class=\"elementor-custom-embed\">\n\t\t\t<iframe\n\t\t\t\t\tdata-src=\"https:\/\/maps.google.com\/maps?q=cala%20molina%20gran%20canaria&#038;t=m&#038;z=11&#038;output=embed&#038;iwloc=near\"\n\t\t\t\t\ttitle=\"cala molina gran canaria\"\n\t\t\t\t\taria-label=\"cala molina gran canaria\"\n\t\t\t src=\"data:image\/gif;base64,R0lGODlhAQABAAAAACH5BAEKAAEALAAAAAABAAEAAAICTAEAOw==\" class=\"lazyload\" data-load-mode=\"1\"><\/iframe>\n\t\t<\/div>\n\t\t\t\t\t\t<\/div>\n\t\t\t\t\t<\/div>\n\t\t<\/div>\n\t\t\t\t\t<\/div>\n\t\t<\/section>\n\t\t\t\t<section class=\"elementor-section elementor-top-section elementor-element elementor-element-2c357062 elementor-section-boxed elementor-section-height-default elementor-section-height-default\" data-id=\"2c357062\" data-element_type=\"section\" data-e-type=\"section\">\n\t\t\t\t\t\t<div class=\"elementor-container elementor-column-gap-default\">\n\t\t\t\t\t<div class=\"elementor-column elementor-col-100 elementor-top-column elementor-element elementor-element-19c1598c\" data-id=\"19c1598c\" data-element_type=\"column\" data-e-type=\"column\">\n\t\t\t<div class=\"elementor-widget-wrap elementor-element-populated\">\n\t\t\t\t\t\t<div class=\"elementor-element elementor-element-33084f05 elementor-widget elementor-widget-heading\" data-id=\"33084f05\" data-element_type=\"widget\" data-e-type=\"widget\" data-widget_type=\"heading.default\">\n\t\t\t\t\t<h3 class=\"elementor-heading-title elementor-size-default\">Plus de lieux \u00e0 d\u00e9couvrir<\/h3>\t\t\t\t<\/div>\n\t\t\t\t<div class=\"elementor-element elementor-element-5c66ae1f elementor-posts--align-center elementor-grid-3 elementor-grid-tablet-2 elementor-grid-mobile-1 elementor-posts--thumbnail-top elementor-widget elementor-widget-posts\" data-id=\"5c66ae1f\" data-element_type=\"widget\" data-e-type=\"widget\" data-settings=\"{&quot;classic_columns&quot;:&quot;3&quot;,&quot;classic_columns_tablet&quot;:&quot;2&quot;,&quot;classic_columns_mobile&quot;:&quot;1&quot;,&quot;classic_row_gap&quot;:{&quot;unit&quot;:&quot;px&quot;,&quot;size&quot;:35,&quot;sizes&quot;:[]},&quot;classic_row_gap_tablet&quot;:{&quot;unit&quot;:&quot;px&quot;,&quot;size&quot;:&quot;&quot;,&quot;sizes&quot;:[]},&quot;classic_row_gap_mobile&quot;:{&quot;unit&quot;:&quot;px&quot;,&quot;size&quot;:&quot;&quot;,&quot;sizes&quot;:[]}}\" data-widget_type=\"posts.classic\">\n\t\t\t\t<div class=\"elementor-widget-container\">\n\t\t\t\t\t\t\t<div class=\"elementor-posts-container elementor-posts elementor-posts--skin-classic elementor-grid\" role=\"list\">\n\t\t\t\t<article class=\"elementor-post elementor-grid-item post-10151 post type-post status-publish format-standard has-post-thumbnail hentry category-playas-gran-canaria\" role=\"listitem\">\n\t\t\t\t<a class=\"elementor-post__thumbnail__link\" href=\"https:\/\/media.marinalia.es\/fr\/blog\/cala-molina-gran-canaria\/\" tabindex=\"-1\">\n\t\t\t<div class=\"elementor-post__thumbnail\"><img fetchpriority=\"high\" decoding=\"async\" width=\"1024\" height=\"323\" src=\"https:\/\/media.marinalia.es\/wp-content\/uploads\/2026\/08\/cala_molina-1-1024x323.jpeg\" class=\"attachment-large size-large wp-image-10156\" alt=\"Costa rocosa volc\u00e1nica de Cala Molina con formaciones de basalto negro junto al mar Mediterr\u00e1neo en d\u00eda soleado\" srcset=\"https:\/\/media.marinalia.es\/wp-content\/uploads\/2026\/08\/cala_molina-1-1024x323.jpeg 1024w, https:\/\/media.marinalia.es\/wp-content\/uploads\/2026\/08\/cala_molina-1-300x95.jpeg 300w, https:\/\/media.marinalia.es\/wp-content\/uploads\/2026\/08\/cala_molina-1-768x243.jpeg 768w, https:\/\/media.marinalia.es\/wp-content\/uploads\/2026\/08\/cala_molina-1-1536x485.jpeg 1536w, https:\/\/media.marinalia.es\/wp-content\/uploads\/2026\/08\/cala_molina-1-18x6.jpeg 18w, https:\/\/media.marinalia.es\/wp-content\/uploads\/2026\/08\/cala_molina-1.jpeg 1900w\" sizes=\"(max-width: 1024px) 100vw, 1024px\" \/><\/div>\n\t\t<\/a>\n\t\t\t\t<div class=\"elementor-post__text\">\n\t\t\t\t<h4 class=\"elementor-post__title\">\n\t\t\t<a href=\"https:\/\/media.marinalia.es\/fr\/blog\/cala-molina-gran-canaria\/\">\n\t\t\t\tCala Molina\t\t\t<\/a>\n\t\t<\/h4>\n\t\t\t\t<\/div>\n\t\t\t\t<\/article>\n\t\t\t\t<article class=\"elementor-post elementor-grid-item post-10096 post type-post status-publish format-standard has-post-thumbnail hentry category-playas-gran-canaria\" role=\"listitem\">\n\t\t\t\t<a class=\"elementor-post__thumbnail__link\" href=\"https:\/\/media.marinalia.es\/fr\/blog\/playa-de-amadores\/\" tabindex=\"-1\">\n\t\t\t<div class=\"elementor-post__thumbnail\"><img decoding=\"async\" width=\"1024\" height=\"323\" data-src=\"https:\/\/media.marinalia.es\/wp-content\/uploads\/2026\/07\/playa-de-amadores-1024x323.jpg\" class=\"attachment-large size-large wp-image-10110 lazyload\" alt=\"Playa de Amadores en Gran Canaria, con aguas turquesas, arena blanca y tumbonas bajo sombrillas de colores\" data-srcset=\"https:\/\/media.marinalia.es\/wp-content\/uploads\/2026\/07\/playa-de-amadores-1024x323.jpg 1024w, https:\/\/media.marinalia.es\/wp-content\/uploads\/2026\/07\/playa-de-amadores-300x95.jpg 300w, https:\/\/media.marinalia.es\/wp-content\/uploads\/2026\/07\/playa-de-amadores-768x243.jpg 768w, https:\/\/media.marinalia.es\/wp-content\/uploads\/2026\/07\/playa-de-amadores-1536x485.jpg 1536w, https:\/\/media.marinalia.es\/wp-content\/uploads\/2026\/07\/playa-de-amadores-18x6.jpg 18w, https:\/\/media.marinalia.es\/wp-content\/uploads\/2026\/07\/playa-de-amadores.jpg 1900w\" data-sizes=\"(max-width: 1024px) 100vw, 1024px\" src=\"data:image\/gif;base64,R0lGODlhAQABAAAAACH5BAEKAAEALAAAAAABAAEAAAICTAEAOw==\" style=\"--smush-placeholder-width: 1024px; --smush-placeholder-aspect-ratio: 1024\/323;\" \/><\/div>\n\t\t<\/a>\n\t\t\t\t<div class=\"elementor-post__text\">\n\t\t\t\t<h4 class=\"elementor-post__title\">\n\t\t\t<a href=\"https:\/\/media.marinalia.es\/fr\/blog\/playa-de-amadores\/\">\n\t\t\t\tPlaya de Amadores\t\t\t<\/a>\n\t\t<\/h4>\n\t\t\t\t<\/div>\n\t\t\t\t<\/article>\n\t\t\t\t<article class=\"elementor-post elementor-grid-item post-10038 post type-post status-publish format-standard has-post-thumbnail hentry category-playas-gran-canaria\" role=\"listitem\">\n\t\t\t\t<a class=\"elementor-post__thumbnail__link\" href=\"https:\/\/media.marinalia.es\/fr\/blog\/playa-del-ingles\/\" tabindex=\"-1\">\n\t\t\t<div class=\"elementor-post__thumbnail\"><img decoding=\"async\" width=\"1024\" height=\"323\" data-src=\"https:\/\/media.marinalia.es\/wp-content\/uploads\/2026\/06\/playa-del-ingles-1024x323.jpg\" class=\"attachment-large size-large wp-image-10055 lazyload\" alt=\"Playa del Ingl\u00e9s en Gran Canaria con dunas, parasailing, sombrillas naranjas y aguas turquesas en d\u00eda soleado\" data-srcset=\"https:\/\/media.marinalia.es\/wp-content\/uploads\/2026\/06\/playa-del-ingles-1024x323.jpg 1024w, https:\/\/media.marinalia.es\/wp-content\/uploads\/2026\/06\/playa-del-ingles-300x95.jpg 300w, https:\/\/media.marinalia.es\/wp-content\/uploads\/2026\/06\/playa-del-ingles-768x243.jpg 768w, https:\/\/media.marinalia.es\/wp-content\/uploads\/2026\/06\/playa-del-ingles-1536x485.jpg 1536w, https:\/\/media.marinalia.es\/wp-content\/uploads\/2026\/06\/playa-del-ingles-18x6.jpg 18w, https:\/\/media.marinalia.es\/wp-content\/uploads\/2026\/06\/playa-del-ingles.jpg 1900w\" data-sizes=\"(max-width: 1024px) 100vw, 1024px\" src=\"data:image\/gif;base64,R0lGODlhAQABAAAAACH5BAEKAAEALAAAAAABAAEAAAICTAEAOw==\" style=\"--smush-placeholder-width: 1024px; --smush-placeholder-aspect-ratio: 1024\/323;\" \/><\/div>\n\t\t<\/a>\n\t\t\t\t<div class=\"elementor-post__text\">\n\t\t\t\t<h4 class=\"elementor-post__title\">\n\t\t\t<a href=\"https:\/\/media.marinalia.es\/fr\/blog\/playa-del-ingles\/\">\n\t\t\t\tPlaya del Ingl\u00e9s\t\t\t<\/a>\n\t\t<\/h4>\n\t\t\t\t<\/div>\n\t\t\t\t<\/article>\n\t\t\t\t<article class=\"elementor-post elementor-grid-item post-9999 post type-post status-publish format-standard has-post-thumbnail hentry category-playas-gran-canaria\" role=\"listitem\">\n\t\t\t\t<a class=\"elementor-post__thumbnail__link\" href=\"https:\/\/media.marinalia.es\/fr\/blog\/playa-de-maspalomas\/\" tabindex=\"-1\">\n\t\t\t<div class=\"elementor-post__thumbnail\"><img decoding=\"async\" width=\"1024\" height=\"323\" data-src=\"https:\/\/media.marinalia.es\/wp-content\/uploads\/2026\/06\/Playa-de-Maspalomas-1024x323.jpg\" class=\"attachment-large size-large wp-image-10004 lazyload\" alt=\"Dunas de Maspalomas con vista a\u00e9rea al atardecer junto al oc\u00e9ano Atl\u00e1ntico en Gran Canaria, Espa\u00f1a\" data-srcset=\"https:\/\/media.marinalia.es\/wp-content\/uploads\/2026\/06\/Playa-de-Maspalomas-1024x323.jpg 1024w, https:\/\/media.marinalia.es\/wp-content\/uploads\/2026\/06\/Playa-de-Maspalomas-300x95.jpg 300w, https:\/\/media.marinalia.es\/wp-content\/uploads\/2026\/06\/Playa-de-Maspalomas-768x243.jpg 768w, https:\/\/media.marinalia.es\/wp-content\/uploads\/2026\/06\/Playa-de-Maspalomas-1536x485.jpg 1536w, https:\/\/media.marinalia.es\/wp-content\/uploads\/2026\/06\/Playa-de-Maspalomas-18x6.jpg 18w, https:\/\/media.marinalia.es\/wp-content\/uploads\/2026\/06\/Playa-de-Maspalomas.jpg 1900w\" data-sizes=\"(max-width: 1024px) 100vw, 1024px\" src=\"data:image\/gif;base64,R0lGODlhAQABAAAAACH5BAEKAAEALAAAAAABAAEAAAICTAEAOw==\" style=\"--smush-placeholder-width: 1024px; --smush-placeholder-aspect-ratio: 1024\/323;\" \/><\/div>\n\t\t<\/a>\n\t\t\t\t<div class=\"elementor-post__text\">\n\t\t\t\t<h4 class=\"elementor-post__title\">\n\t\t\t<a href=\"https:\/\/media.marinalia.es\/fr\/blog\/playa-de-maspalomas\/\">\n\t\t\t\tPlaya de Maspalomas\t\t\t<\/a>\n\t\t<\/h4>\n\t\t\t\t<\/div>\n\t\t\t\t<\/article>\n\t\t\t\t<article class=\"elementor-post elementor-grid-item post-9176 post type-post status-publish format-standard has-post-thumbnail hentry category-playas-gran-canaria\" role=\"listitem\">\n\t\t\t\t<a class=\"elementor-post__thumbnail__link\" href=\"https:\/\/media.marinalia.es\/fr\/blog\/cueva-del-cabo-gran-canaria\/\" tabindex=\"-1\">\n\t\t\t<div class=\"elementor-post__thumbnail\"><img decoding=\"async\" width=\"1024\" height=\"323\" data-src=\"https:\/\/media.marinalia.es\/wp-content\/uploads\/2026\/04\/Cueva-del-Cabo-Gran-Canaria-1024x323.jpg\" class=\"attachment-large size-large wp-image-9181 lazyload\" alt=\"Vista desde el interior de una cueva volc\u00e1nica en el Cabo de Gran Canaria con acantilados verdes al fondo\" data-srcset=\"https:\/\/media.marinalia.es\/wp-content\/uploads\/2026\/04\/Cueva-del-Cabo-Gran-Canaria-1024x323.jpg 1024w, https:\/\/media.marinalia.es\/wp-content\/uploads\/2026\/04\/Cueva-del-Cabo-Gran-Canaria-300x95.jpg 300w, https:\/\/media.marinalia.es\/wp-content\/uploads\/2026\/04\/Cueva-del-Cabo-Gran-Canaria-768x243.jpg 768w, https:\/\/media.marinalia.es\/wp-content\/uploads\/2026\/04\/Cueva-del-Cabo-Gran-Canaria-1536x485.jpg 1536w, https:\/\/media.marinalia.es\/wp-content\/uploads\/2026\/04\/Cueva-del-Cabo-Gran-Canaria-18x6.jpg 18w, https:\/\/media.marinalia.es\/wp-content\/uploads\/2026\/04\/Cueva-del-Cabo-Gran-Canaria.jpg 1900w\" data-sizes=\"(max-width: 1024px) 100vw, 1024px\" src=\"data:image\/gif;base64,R0lGODlhAQABAAAAACH5BAEKAAEALAAAAAABAAEAAAICTAEAOw==\" style=\"--smush-placeholder-width: 1024px; --smush-placeholder-aspect-ratio: 1024\/323;\" \/><\/div>\n\t\t<\/a>\n\t\t\t\t<div class=\"elementor-post__text\">\n\t\t\t\t<h4 class=\"elementor-post__title\">\n\t\t\t<a href=\"https:\/\/media.marinalia.es\/fr\/blog\/cueva-del-cabo-gran-canaria\/\">\n\t\t\t\tCueva del Cabo, Gran Canaria\t\t\t<\/a>\n\t\t<\/h4>\n\t\t\t\t<\/div>\n\t\t\t\t<\/article>\n\t\t\t\t<article class=\"elementor-post elementor-grid-item post-9137 post type-post status-publish format-standard has-post-thumbnail hentry category-playas-gran-canaria\" role=\"listitem\">\n\t\t\t\t<a class=\"elementor-post__thumbnail__link\" href=\"https:\/\/media.marinalia.es\/fr\/blog\/playa-de-guanarteme\/\" tabindex=\"-1\">\n\t\t\t<div class=\"elementor-post__thumbnail\"><img decoding=\"async\" width=\"1024\" height=\"323\" data-src=\"https:\/\/media.marinalia.es\/wp-content\/uploads\/2026\/03\/playa-de-guanarteme-1024x323.jpg\" class=\"attachment-large size-large wp-image-9142 lazyload\" alt=\"Playa de Guanarteme en Las Palmas de Gran Canaria con el paseo mar\u00edtimo y monta\u00f1as al fondo\" data-srcset=\"https:\/\/media.marinalia.es\/wp-content\/uploads\/2026\/03\/playa-de-guanarteme-1024x323.jpg 1024w, https:\/\/media.marinalia.es\/wp-content\/uploads\/2026\/03\/playa-de-guanarteme-300x95.jpg 300w, https:\/\/media.marinalia.es\/wp-content\/uploads\/2026\/03\/playa-de-guanarteme-768x243.jpg 768w, https:\/\/media.marinalia.es\/wp-content\/uploads\/2026\/03\/playa-de-guanarteme-1536x485.jpg 1536w, https:\/\/media.marinalia.es\/wp-content\/uploads\/2026\/03\/playa-de-guanarteme-18x6.jpg 18w, https:\/\/media.marinalia.es\/wp-content\/uploads\/2026\/03\/playa-de-guanarteme.jpg 1900w\" data-sizes=\"(max-width: 1024px) 100vw, 1024px\" src=\"data:image\/gif;base64,R0lGODlhAQABAAAAACH5BAEKAAEALAAAAAABAAEAAAICTAEAOw==\" style=\"--smush-placeholder-width: 1024px; --smush-placeholder-aspect-ratio: 1024\/323;\" \/><\/div>\n\t\t<\/a>\n\t\t\t\t<div class=\"elementor-post__text\">\n\t\t\t\t<h4 class=\"elementor-post__title\">\n\t\t\t<a href=\"https:\/\/media.marinalia.es\/fr\/blog\/playa-de-guanarteme\/\">\n\t\t\t\tPlaya de Guanarteme\t\t\t<\/a>\n\t\t<\/h4>\n\t\t\t\t<\/div>\n\t\t\t\t<\/article>\n\t\t\t\t<\/div>\n\t\t\n\t\t\t\t\t\t<\/div>\n\t\t\t\t<\/div>\n\t\t\t\t\t<\/div>\n\t\t<\/div>\n\t\t\t\t\t<\/div>\n\t\t<\/section>\n\t\t\t\t<\/div>","protected":false},"excerpt":{"rendered":"<p>Cala Molina es un rinc\u00f3n costero poco conocido situado en el norte de Gran Canaria, junto al Barranquillo Moreno y en el l\u00edmite entre los<\/p>","protected":false},"author":1,"featured_media":10156,"comment_status":"closed","ping_status":"closed","sticky":false,"template":"","format":"standard","meta":{"site-sidebar-layout":"default","site-content-layout":"default","ast-site-content-layout":"default","site-content-style":"default","site-sidebar-style":"default","ast-global-header-display":"","ast-banner-title-visibility":"","ast-main-header-display":"","ast-hfb-above-header-display":"","ast-hfb-below-header-display":"","ast-hfb-mobile-header-display":"","site-post-title":"","ast-breadcrumbs-content":"","ast-featured-img":"","footer-sml-layout":"","ast-disable-related-posts":"","theme-transparent-header-meta":"default","adv-header-id-meta":"","stick-header-meta":"","header-above-stick-meta":"","header-main-stick-meta":"","header-below-stick-meta":"","astra-migrate-meta-layouts":"set","ast-page-background-enabled":"default","ast-page-background-meta":{"desktop":{"background-color":"var(--ast-global-color-4)","background-image":"","background-repeat":"repeat","background-position":"center center","background-size":"auto","background-attachment":"scroll","background-type":"","background-media":"","overlay-type":"","overlay-color":"","overlay-opacity":"","overlay-gradient":""},"tablet":{"background-color":"","background-image":"","background-repeat":"repeat","background-position":"center center","background-size":"auto","background-attachment":"scroll","background-type":"","background-media":"","overlay-type":"","overlay-color":"","overlay-opacity":"","overlay-gradient":""},"mobile":{"background-color":"","background-image":"","background-repeat":"repeat","background-position":"center center","background-size":"auto","background-attachment":"scroll","background-type":"","background-media":"","overlay-type":"","overlay-color":"","overlay-opacity":"","overlay-gradient":""}},"ast-content-background-meta":{"desktop":{"background-color":"var(--ast-global-color-5)","background-image":"","background-repeat":"repeat","background-position":"center center","background-size":"auto","background-attachment":"scroll","background-type":"","background-media":"","overlay-type":"","overlay-color":"","overlay-opacity":"","overlay-gradient":""},"tablet":{"background-color":"var(--ast-global-color-5)","background-image":"","background-repeat":"repeat","background-position":"center center","background-size":"auto","background-attachment":"scroll","background-type":"","background-media":"","overlay-type":"","overlay-color":"","overlay-opacity":"","overlay-gradient":""},"mobile":{"background-color":"var(--ast-global-color-5)","background-image":"","background-repeat":"repeat","background-position":"center center","background-size":"auto","background-attachment":"scroll","background-type":"","background-media":"","overlay-type":"","overlay-color":"","overlay-opacity":"","overlay-gradient":""}},"_joinchat":[],"footnotes":""},"categories":[59],"tags":[],"class_list":["post-10151","post","type-post","status-publish","format-standard","has-post-thumbnail","hentry","category-playas-gran-canaria"],"_links":{"self":[{"href":"https:\/\/media.marinalia.es\/fr\/wp-json\/wp\/v2\/posts\/10151","targetHints":{"allow":["GET"]}}],"collection":[{"href":"https:\/\/media.marinalia.es\/fr\/wp-json\/wp\/v2\/posts"}],"about":[{"href":"https:\/\/media.marinalia.es\/fr\/wp-json\/wp\/v2\/types\/post"}],"author":[{"embeddable":true,"href":"https:\/\/media.marinalia.es\/fr\/wp-json\/wp\/v2\/users\/1"}],"replies":[{"embeddable":true,"href":"https:\/\/media.marinalia.es\/fr\/wp-json\/wp\/v2\/comments?post=10151"}],"version-history":[{"count":16,"href":"https:\/\/media.marinalia.es\/fr\/wp-json\/wp\/v2\/posts\/10151\/revisions"}],"predecessor-version":[{"id":10261,"href":"https:\/\/media.marinalia.es\/fr\/wp-json\/wp\/v2\/posts\/10151\/revisions\/10261"}],"wp:featuredmedia":[{"embeddable":true,"href":"https:\/\/media.marinalia.es\/fr\/wp-json\/wp\/v2\/media\/10156"}],"wp:attachment":[{"href":"https:\/\/media.marinalia.es\/fr\/wp-json\/wp\/v2\/media?parent=10151"}],"wp:term":[{"taxonomy":"category","embeddable":true,"href":"https:\/\/media.marinalia.es\/fr\/wp-json\/wp\/v2\/categories?post=10151"},{"taxonomy":"post_tag","embeddable":true,"href":"https:\/\/media.marinalia.es\/fr\/wp-json\/wp\/v2\/tags?post=10151"}],"curies":[{"name":"wp","href":"https:\/\/api.w.org\/{rel}","templated":true}]}}