{"id":7389,"date":"2025-02-18T12:33:23","date_gmt":"2025-02-18T11:33:23","guid":{"rendered":"https:\/\/media.marinalia.es\/?p=7389"},"modified":"2025-03-04T16:43:32","modified_gmt":"2025-03-04T15:43:32","slug":"playa-de-las-negras-en-cabo-de-gata","status":"publish","type":"post","link":"https:\/\/media.marinalia.es\/de\/blog\/playa-de-las-negras-en-cabo-de-gata\/","title":{"rendered":"Playa de las Negras en Cabo de Gata"},"content":{"rendered":"<div data-elementor-type=\"wp-post\" data-elementor-id=\"7389\" class=\"elementor elementor-7389\">\n\t\t\t\t\t\t<section class=\"elementor-section elementor-top-section elementor-element elementor-element-0425045 elementor-section-boxed elementor-section-height-default elementor-section-height-default\" data-id=\"0425045\" data-element_type=\"section\" data-e-type=\"section\">\n\t\t\t\t\t\t<div class=\"elementor-container elementor-column-gap-default\">\n\t\t\t\t\t<div class=\"elementor-column elementor-col-100 elementor-top-column elementor-element elementor-element-1d8bf04\" data-id=\"1d8bf04\" data-element_type=\"column\" data-e-type=\"column\">\n\t\t\t<div class=\"elementor-widget-wrap elementor-element-populated\">\n\t\t\t\t\t\t<div class=\"elementor-element elementor-element-a71ecbb elementor-widget elementor-widget-text-editor\" data-id=\"a71ecbb\" data-element_type=\"widget\" data-e-type=\"widget\" data-widget_type=\"text-editor.default\">\n\t\t\t\t\t\t\t\t\t<p data-pm-slice=\"1 1 []\">La <strong data-start=\"69\" data-end=\"92\">Playa de Las Negras<\/strong>, situada en el coraz\u00f3n del <strong data-start=\"120\" data-end=\"160\">Parque Natural de Cabo de Gata-N\u00edjar<\/strong>, es uno de los parajes m\u00e1s aut\u00e9nticos de la costa de Almer\u00eda. Con su singular arena oscura, aguas cristalinas y un ambiente tranquilo, se ha convertido en un destino obligado para quienes buscan disfrutar de la naturaleza y el sol en un entorno protegido.<\/p>\t\t\t\t\t\t\t\t<\/div>\n\t\t\t\t\t<\/div>\n\t\t<\/div>\n\t\t\t\t\t<\/div>\n\t\t<\/section>\n\t\t\t\t<section class=\"elementor-section elementor-top-section elementor-element elementor-element-4c143a0 elementor-section-boxed elementor-section-height-default elementor-section-height-default\" data-id=\"4c143a0\" data-element_type=\"section\" data-e-type=\"section\">\n\t\t\t\t\t\t<div class=\"elementor-container elementor-column-gap-default\">\n\t\t\t\t\t<div class=\"elementor-column elementor-col-100 elementor-top-column elementor-element elementor-element-d3174e7\" data-id=\"d3174e7\" data-element_type=\"column\" data-e-type=\"column\">\n\t\t\t<div class=\"elementor-widget-wrap elementor-element-populated\">\n\t\t\t\t\t\t<div class=\"elementor-element elementor-element-10c8534 elementor-widget elementor-widget-heading\" data-id=\"10c8534\" data-element_type=\"widget\" data-e-type=\"widget\" data-widget_type=\"heading.default\">\n\t\t\t\t\t<h2 class=\"elementor-heading-title elementor-size-default\">Caracter\u00edsticas Principales de la Playa de Las Negra<\/h2>\t\t\t\t<\/div>\n\t\t\t\t\t<\/div>\n\t\t<\/div>\n\t\t\t\t\t<\/div>\n\t\t<\/section>\n\t\t\t\t<section class=\"elementor-section elementor-top-section elementor-element elementor-element-0c9a9a1 elementor-section-boxed elementor-section-height-default elementor-section-height-default\" data-id=\"0c9a9a1\" data-element_type=\"section\" data-e-type=\"section\">\n\t\t\t\t\t\t<div class=\"elementor-container elementor-column-gap-default\">\n\t\t\t\t\t<div class=\"elementor-column elementor-col-100 elementor-top-column elementor-element elementor-element-a41abb1\" data-id=\"a41abb1\" data-element_type=\"column\" data-e-type=\"column\">\n\t\t\t<div class=\"elementor-widget-wrap elementor-element-populated\">\n\t\t\t\t\t\t<div class=\"elementor-element elementor-element-23f8397 elementor-widget elementor-widget-text-editor\" data-id=\"23f8397\" data-element_type=\"widget\" data-e-type=\"widget\" data-widget_type=\"text-editor.default\">\n\t\t\t\t\t\t\t\t\t<p data-start=\"481\" data-end=\"876\">La Playa de Las Negras presenta una combinaci\u00f3n \u00fanica de arena volc\u00e1nica y cantos rodados que le confiere un aspecto ex\u00f3tico. Sus aguas son limpias y generalmente tranquilas, ideales para el ba\u00f1o y la pr\u00e1ctica de deportes acu\u00e1ticos. Adem\u00e1s, estar rodeada de formaciones rocosas volc\u00e1nicas le aporta un encanto especial y ayuda a preservar la sensaci\u00f3n de recogimiento, incluso en temporada alta.<\/p><ul data-start=\"878\" data-end=\"1243\"><li data-start=\"878\" data-end=\"982\"><strong data-start=\"880\" data-end=\"901\">Arena y guijarros<\/strong>: La mezcla de texturas invita a pasear descalzo y sentir la frescura del agua.<\/li><li data-start=\"983\" data-end=\"1104\"><strong data-start=\"985\" data-end=\"1006\">Aguas cristalinas<\/strong>: Excelentes para actividades subacu\u00e1ticas, con buena visibilidad para observar la fauna marina.<\/li><li data-start=\"1105\" data-end=\"1243\"><strong data-start=\"1107\" data-end=\"1128\">Entorno protegido<\/strong>: Al formar parte de un parque natural, se mantiene libre de grandes construcciones y conserva su belleza original.<\/li><\/ul>\t\t\t\t\t\t\t\t<\/div>\n\t\t\t\t\t<\/div>\n\t\t<\/div>\n\t\t\t\t\t<\/div>\n\t\t<\/section>\n\t\t\t\t<section class=\"elementor-section elementor-top-section elementor-element elementor-element-47a35cc elementor-section-boxed elementor-section-height-default elementor-section-height-default\" data-id=\"47a35cc\" data-element_type=\"section\" data-e-type=\"section\">\n\t\t\t\t\t\t<div class=\"elementor-container elementor-column-gap-default\">\n\t\t\t\t\t<div class=\"elementor-column elementor-col-100 elementor-top-column elementor-element elementor-element-6cd3778\" data-id=\"6cd3778\" data-element_type=\"column\" data-e-type=\"column\">\n\t\t\t<div class=\"elementor-widget-wrap elementor-element-populated\">\n\t\t\t\t\t\t<div class=\"elementor-element elementor-element-cd3919d elementor-widget elementor-widget-image\" data-id=\"cd3919d\" data-element_type=\"widget\" data-e-type=\"widget\" data-widget_type=\"image.default\">\n\t\t\t\t\t\t\t\t\t\t\t\t\t\t\t\t<a href=\"https:\/\/marinalia.es\/deportes-de-aventura\/excursiones-en-el-mar\/excursiones-en-kayak\/1034-excursion-kayak-cala-del-cuervo.html\" target=\"_blank\" rel=\"noopener\">\n\t\t\t\t\t\t\t<img fetchpriority=\"high\" decoding=\"async\" width=\"348\" height=\"415\" src=\"https:\/\/media.marinalia.es\/wp-content\/uploads\/2025\/01\/kayak-negras.png\" class=\"attachment-large size-large wp-image-7384\" alt=\"kayak negras\" srcset=\"https:\/\/media.marinalia.es\/wp-content\/uploads\/2025\/01\/kayak-negras.png 348w, https:\/\/media.marinalia.es\/wp-content\/uploads\/2025\/01\/kayak-negras-252x300.png 252w, https:\/\/media.marinalia.es\/wp-content\/uploads\/2025\/01\/kayak-negras-10x12.png 10w\" sizes=\"(max-width: 348px) 100vw, 348px\" \/>\t\t\t\t\t\t\t\t<\/a>\n\t\t\t\t\t\t\t\t\t\t\t\t\t\t\t<\/div>\n\t\t\t\t\t<\/div>\n\t\t<\/div>\n\t\t\t\t\t<\/div>\n\t\t<\/section>\n\t\t\t\t<section class=\"elementor-section elementor-top-section elementor-element elementor-element-aa9e14b elementor-section-boxed elementor-section-height-default elementor-section-height-default\" data-id=\"aa9e14b\" data-element_type=\"section\" data-e-type=\"section\">\n\t\t\t\t\t\t<div class=\"elementor-container elementor-column-gap-default\">\n\t\t\t\t\t<div class=\"elementor-column elementor-col-100 elementor-top-column elementor-element elementor-element-2cb6818\" data-id=\"2cb6818\" data-element_type=\"column\" data-e-type=\"column\">\n\t\t\t<div class=\"elementor-widget-wrap elementor-element-populated\">\n\t\t\t\t\t\t<div class=\"elementor-element elementor-element-4692380 elementor-widget elementor-widget-heading\" data-id=\"4692380\" data-element_type=\"widget\" data-e-type=\"widget\" data-widget_type=\"heading.default\">\n\t\t\t\t\t<h2 class=\"elementor-heading-title elementor-size-default\">Actividades Imprescindibles en la Playa de Las Negras<\/h2>\t\t\t\t<\/div>\n\t\t\t\t<div class=\"elementor-element elementor-element-94d9919 elementor-widget__width-initial elementor-widget elementor-widget-text-editor\" data-id=\"94d9919\" data-element_type=\"widget\" data-e-type=\"widget\" data-widget_type=\"text-editor.default\">\n\t\t\t\t\t\t\t\t\t<p data-start=\"1308\" data-end=\"1463\">Hay mucho m\u00e1s que sol y mar en este rinc\u00f3n de Cabo de Gata. Desde explorar los fondos marinos hasta descubrir calas ocultas, aqu\u00ed nunca te faltar\u00e1n planes:<\/p><ol data-start=\"1465\" data-end=\"2494\"><li data-start=\"1465\" data-end=\"1731\"><p data-start=\"1468\" data-end=\"1731\"><strong data-start=\"1468\" data-end=\"1487\">Snorkel y buceo<\/strong><br data-start=\"1487\" data-end=\"1490\" \/>La transparencia de sus aguas y la riqueza del fondo marino hacen de la Playa de Las Negras un lugar excelente para el snorkel y el buceo. Podr\u00e1s admirar peces de colores y formaciones rocosas que cuentan la historia volc\u00e1nica de la zona.<\/p><\/li><li data-start=\"1733\" data-end=\"1965\"><p data-start=\"1736\" data-end=\"1965\"><strong data-start=\"1736\" data-end=\"1755\">Paseos en kayak<\/strong><br data-start=\"1755\" data-end=\"1758\" \/>Navegar en kayak es una de las actividades m\u00e1s populares. Te permitir\u00e1 acceder a rincones secretos, peque\u00f1as cuevas y calas inaccesibles a pie. Una experiencia perfecta para disfrutar del paisaje costero.<\/p><\/li><li data-start=\"1967\" data-end=\"2246\"><p data-start=\"1970\" data-end=\"2246\"><strong data-start=\"1970\" data-end=\"2001\">Senderismo y rutas cercanas<\/strong><br data-start=\"2001\" data-end=\"2004\" \/>En las inmediaciones hay senderos que comunican con otras playas y calas de Cabo de Gata, como la famosa Cala de San Pedro. Caminar por estos parajes te sumergir\u00e1 en la naturaleza m\u00e1s pura y te regalar\u00e1 vistas panor\u00e1micas del Mediterr\u00e1neo.<\/p><\/li><li data-start=\"2248\" data-end=\"2494\"><p data-start=\"2251\" data-end=\"2494\"><strong data-start=\"2251\" data-end=\"2272\">Gastronom\u00eda local<\/strong><br data-start=\"2272\" data-end=\"2275\" \/>En el pueblo de Las Negras encontrar\u00e1s restaurantes donde degustar pescado fresco y platos t\u00edpicos de la costa almeriense. Disfruta del sabor mediterr\u00e1neo y recupera energ\u00edas tras un d\u00eda de actividades al aire libre.<\/p><\/li><\/ol>\t\t\t\t\t\t\t\t<\/div>\n\t\t\t\t\t<\/div>\n\t\t<\/div>\n\t\t\t\t\t<\/div>\n\t\t<\/section>\n\t\t\t\t<section class=\"elementor-section elementor-top-section elementor-element elementor-element-a5c48a4 elementor-section-boxed elementor-section-height-default elementor-section-height-default\" data-id=\"a5c48a4\" data-element_type=\"section\" data-e-type=\"section\">\n\t\t\t\t\t\t<div class=\"elementor-container elementor-column-gap-default\">\n\t\t\t\t\t<div class=\"elementor-column elementor-col-100 elementor-top-column elementor-element elementor-element-5c369c5\" data-id=\"5c369c5\" data-element_type=\"column\" data-e-type=\"column\">\n\t\t\t<div class=\"elementor-widget-wrap elementor-element-populated\">\n\t\t\t\t\t\t<div class=\"elementor-element elementor-element-4ae2f04 elementor-widget elementor-widget-spacer\" data-id=\"4ae2f04\" data-element_type=\"widget\" data-e-type=\"widget\" data-widget_type=\"spacer.default\">\n\t\t\t\t\t\t\t<div class=\"elementor-spacer\">\n\t\t\t<div class=\"elementor-spacer-inner\"><\/div>\n\t\t<\/div>\n\t\t\t\t\t\t<\/div>\n\t\t\t\t\t<\/div>\n\t\t<\/div>\n\t\t\t\t\t<\/div>\n\t\t<\/section>\n\t\t\t\t<section class=\"elementor-section elementor-top-section elementor-element elementor-element-38040d7 elementor-section-boxed elementor-section-height-default elementor-section-height-default\" data-id=\"38040d7\" data-element_type=\"section\" data-e-type=\"section\" data-settings=\"{&quot;background_background&quot;:&quot;classic&quot;}\">\n\t\t\t\t\t\t<div class=\"elementor-container elementor-column-gap-default\">\n\t\t\t\t\t<div class=\"elementor-column elementor-col-100 elementor-top-column elementor-element elementor-element-7d280040\" data-id=\"7d280040\" data-element_type=\"column\" data-e-type=\"column\">\n\t\t\t<div class=\"elementor-widget-wrap elementor-element-populated\">\n\t\t\t\t\t\t<div class=\"elementor-element elementor-element-4734d685 elementor-author-box--layout-image-above elementor-author-box--align-center elementor-widget elementor-widget-author-box\" data-id=\"4734d685\" data-element_type=\"widget\" data-e-type=\"widget\" data-widget_type=\"author-box.default\">\n\t\t\t\t<div class=\"elementor-widget-container\">\n\t\t\t\t\t\t\t<div class=\"elementor-author-box\">\n\t\t\t\t\t\t\t<div  class=\"elementor-author-box__avatar\">\n\t\t\t\t\t<img decoding=\"async\" data-src=\"https:\/\/media.marinalia.es\/wp-content\/uploads\/2021\/12\/Imagen-de-perfil-para-redes-sociales-minimalista-con-playa-azul-y-naranja-1.png\" alt=\"Silvia Guti\u00e9rrez\" src=\"data:image\/gif;base64,R0lGODlhAQABAAAAACH5BAEKAAEALAAAAAABAAEAAAICTAEAOw==\" class=\"lazyload\" style=\"--smush-placeholder-width: 288px; --smush-placeholder-aspect-ratio: 288\/288;\">\n\t\t\t\t<\/div>\n\t\t\t\n\t\t\t<div class=\"elementor-author-box__text\">\n\t\t\t\t\t\t\t\t\t<div >\n\t\t\t\t\t\t<span class=\"elementor-author-box__name\">\n\t\t\t\t\t\t\tSilvia Guti\u00e9rrez\t\t\t\t\t\t<\/span>\n\t\t\t\t\t<\/div>\n\t\t\t\t\n\t\t\t\t\n\t\t\t\t\t\t\t<\/div>\n\t\t<\/div>\n\t\t\t\t\t\t<\/div>\n\t\t\t\t<\/div>\n\t\t\t\t<section class=\"elementor-section elementor-inner-section elementor-element elementor-element-4ffff9ed elementor-section-boxed elementor-section-height-default elementor-section-height-default\" data-id=\"4ffff9ed\" data-element_type=\"section\" data-e-type=\"section\">\n\t\t\t\t\t\t<div class=\"elementor-container elementor-column-gap-default\">\n\t\t\t\t\t<div class=\"elementor-column elementor-col-33 elementor-inner-column elementor-element elementor-element-5d2b6c78\" data-id=\"5d2b6c78\" data-element_type=\"column\" data-e-type=\"column\">\n\t\t\t<div class=\"elementor-widget-wrap\">\n\t\t\t\t\t\t\t<\/div>\n\t\t<\/div>\n\t\t\t\t<div class=\"elementor-column elementor-col-33 elementor-inner-column elementor-element elementor-element-21b9e0b7\" data-id=\"21b9e0b7\" data-element_type=\"column\" data-e-type=\"column\">\n\t\t\t<div class=\"elementor-widget-wrap elementor-element-populated\">\n\t\t\t\t\t\t<div class=\"elementor-element elementor-element-5a4e3095 elementor-widget elementor-widget-heading\" data-id=\"5a4e3095\" data-element_type=\"widget\" data-e-type=\"widget\" data-widget_type=\"heading.default\">\n\t\t\t\t\t<div class=\"elementor-heading-title elementor-size-default\">\u00bfQuieres saber qu\u00e9 actividades puedes hacer en esta zona?<\/div>\t\t\t\t<\/div>\n\t\t\t\t<div class=\"elementor-element elementor-element-779b9369 elementor-align-center elementor-widget elementor-widget-button\" data-id=\"779b9369\" data-element_type=\"widget\" data-e-type=\"widget\" data-widget_type=\"button.default\">\n\t\t\t\t\t\t\t\t\t\t<a class=\"elementor-button elementor-button-link elementor-size-sm\" href=\"https:\/\/wa.me\/34694467126\/?text=Hola%21%20Quiero%20saber%20qu%C3%A9%20actividades%20puedo%20hacer%20en\" target=\"_blank\" rel=\"noopener\">\n\t\t\t\t\t\t<span class=\"elementor-button-content-wrapper\">\n\t\t\t\t\t\t<span class=\"elementor-button-icon\">\n\t\t\t\t<svg aria-hidden=\"true\" class=\"e-font-icon-svg e-fab-whatsapp\" viewbox=\"0 0 448 512\" xmlns=\"http:\/\/www.w3.org\/2000\/svg\"><path d=\"M380.9 97.1C339 55.1 283.2 32 223.9 32c-122.4 0-222 99.6-222 222 0 39.1 10.2 77.3 29.6 111L0 480l117.7-30.9c32.4 17.7 68.9 27 106.1 27h.1c122.3 0 224.1-99.6 224.1-222 0-59.3-25.2-115-67.1-157zm-157 341.6c-33.2 0-65.7-8.9-94-25.7l-6.7-4-69.8 18.3L72 359.2l-4.4-7c-18.5-29.4-28.2-63.3-28.2-98.2 0-101.7 82.8-184.5 184.6-184.5 49.3 0 95.6 19.2 130.4 54.1 34.8 34.9 56.2 81.2 56.1 130.5 0 101.8-84.9 184.6-186.6 184.6zm101.2-138.2c-5.5-2.8-32.8-16.2-37.9-18-5.1-1.9-8.8-2.8-12.5 2.8-3.7 5.6-14.3 18-17.6 21.8-3.2 3.7-6.5 4.2-12 1.4-32.6-16.3-54-29.1-75.5-66-5.7-9.8 5.7-9.1 16.3-30.3 1.8-3.7.9-6.9-.5-9.7-1.4-2.8-12.5-30.1-17.1-41.2-4.5-10.8-9.1-9.3-12.5-9.5-3.2-.2-6.9-.2-10.6-.2-3.7 0-9.7 1.4-14.8 6.9-5.1 5.6-19.4 19-19.4 46.3 0 27.3 19.9 53.7 22.6 57.4 2.8 3.7 39.1 59.7 94.8 83.8 35.2 15.2 49 16.5 66.6 13.9 10.7-1.6 32.8-13.4 37.4-26.4 4.6-13 4.6-24.1 3.2-26.4-1.3-2.5-5-3.9-10.5-6.6z\"><\/path><\/svg>\t\t\t<\/span>\n\t\t\t\t\t\t\t\t\t<span class=\"elementor-button-text\">\u00a1Env\u00edanos un WhatsApp!<\/span>\n\t\t\t\t\t<\/span>\n\t\t\t\t\t<\/a>\n\t\t\t\t\t\t\t\t<\/div>\n\t\t\t\t\t<\/div>\n\t\t<\/div>\n\t\t\t\t<div class=\"elementor-column elementor-col-33 elementor-inner-column elementor-element elementor-element-42d6629f\" data-id=\"42d6629f\" data-element_type=\"column\" data-e-type=\"column\">\n\t\t\t<div class=\"elementor-widget-wrap\">\n\t\t\t\t\t\t\t<\/div>\n\t\t<\/div>\n\t\t\t\t\t<\/div>\n\t\t<\/section>\n\t\t\t\t\t<\/div>\n\t\t<\/div>\n\t\t\t\t\t<\/div>\n\t\t<\/section>\n\t\t\t\t<section class=\"elementor-section elementor-top-section elementor-element elementor-element-01bfb5a elementor-section-boxed elementor-section-height-default elementor-section-height-default\" data-id=\"01bfb5a\" data-element_type=\"section\" data-e-type=\"section\">\n\t\t\t\t\t\t<div class=\"elementor-container elementor-column-gap-default\">\n\t\t\t\t\t<div class=\"elementor-column elementor-col-100 elementor-top-column elementor-element elementor-element-1311646\" data-id=\"1311646\" data-element_type=\"column\" data-e-type=\"column\">\n\t\t\t<div class=\"elementor-widget-wrap elementor-element-populated\">\n\t\t\t\t\t\t<div class=\"elementor-element elementor-element-49b420e elementor-widget elementor-widget-heading\" data-id=\"49b420e\" data-element_type=\"widget\" data-e-type=\"widget\" data-widget_type=\"heading.default\">\n\t\t\t\t\t<h2 class=\"elementor-heading-title elementor-size-default\">Consejos para una visita perfecta\n<\/h2>\t\t\t\t<\/div>\n\t\t\t\t<div class=\"elementor-element elementor-element-3e65629 elementor-widget elementor-widget-text-editor\" data-id=\"3e65629\" data-element_type=\"widget\" data-e-type=\"widget\" data-widget_type=\"text-editor.default\">\n\t\t\t\t\t\t\t\t\t<p data-start=\"2562\" data-end=\"2660\">Para que tu experiencia sea todav\u00eda m\u00e1s placentera, ten en cuenta algunas recomendaciones b\u00e1sicas:<\/p><ul data-start=\"2662\" data-end=\"3157\"><li data-start=\"2662\" data-end=\"2808\"><strong data-start=\"2664\" data-end=\"2684\">Protecci\u00f3n solar<\/strong>: El clima de Almer\u00eda es soleado durante gran parte del a\u00f1o; no olvides tu crema de alta protecci\u00f3n y un sombrero o gorra.<\/li><li data-start=\"2809\" data-end=\"2960\"><strong data-start=\"2811\" data-end=\"2831\">Calzado adecuado<\/strong>: Al haber zonas de guijarros, es aconsejable llevar sandalias o escarpines para moverte con comodidad y ba\u00f1arte sin problemas.<\/li><li data-start=\"2961\" data-end=\"3157\"><strong data-start=\"2963\" data-end=\"2978\">\u00c9poca ideal<\/strong>:<ul data-start=\"2984\" data-end=\"3157\"><li data-start=\"2984\" data-end=\"3063\"><strong data-start=\"2986\" data-end=\"3007\">Primavera y oto\u00f1o<\/strong>: Menos afluencia de visitantes y temperaturas suaves.<\/li><li data-start=\"3066\" data-end=\"3157\"><strong data-start=\"3068\" data-end=\"3078\">Verano<\/strong>: Ambiente m\u00e1s animado, con mayor oferta de actividades y servicios tur\u00edsticos.<\/li><\/ul><\/li><\/ul>\t\t\t\t\t\t\t\t<\/div>\n\t\t\t\t\t<\/div>\n\t\t<\/div>\n\t\t\t\t\t<\/div>\n\t\t<\/section>\n\t\t\t\t<section class=\"elementor-section elementor-top-section elementor-element elementor-element-7076d45 elementor-section-boxed elementor-section-height-default elementor-section-height-default\" data-id=\"7076d45\" data-element_type=\"section\" data-e-type=\"section\">\n\t\t\t\t\t\t<div class=\"elementor-container elementor-column-gap-default\">\n\t\t\t\t\t<div class=\"elementor-column elementor-col-100 elementor-top-column elementor-element elementor-element-1548344\" data-id=\"1548344\" data-element_type=\"column\" data-e-type=\"column\">\n\t\t\t<div class=\"elementor-widget-wrap elementor-element-populated\">\n\t\t\t\t\t\t<div class=\"elementor-element elementor-element-a82f22a elementor-widget elementor-widget-text-editor\" data-id=\"a82f22a\" data-element_type=\"widget\" data-e-type=\"widget\" data-widget_type=\"text-editor.default\">\n\t\t\t\t\t\t\t\t\t<p data-start=\"3222\" data-end=\"3375\">El <strong data-start=\"3225\" data-end=\"3265\">Parque Natural de Cabo de Gata-N\u00edjar<\/strong> esconde multitud de joyas naturales que merecen una visita. Cerca de la Playa de Las Negras podr\u00e1s descubrir:<\/p><ul data-start=\"3377\" data-end=\"3839\"><li data-start=\"3377\" data-end=\"3534\"><strong data-start=\"3379\" data-end=\"3406\">Playas y calas v\u00edrgenes<\/strong>: Como la Playa de los Genoveses, M\u00f3nsul o la Cala del Plomo, cada una con un encanto propio y aguas igualmente transparentes.<\/li><li data-start=\"3535\" data-end=\"3679\"><strong data-start=\"3537\" data-end=\"3560\">Rincones volc\u00e1nicos<\/strong>: Los acantilados y formaciones geol\u00f3gicas aportan un toque \u00fanico a la costa, con paisajes de gran valor fotogr\u00e1fico.<\/li><li data-start=\"3680\" data-end=\"3839\"><strong data-start=\"3682\" data-end=\"3710\">Flora y fauna protegidas<\/strong>: Observa aves migratorias en las salinas y disfruta de la variedad de plantas aut\u00f3ctonas que habitan este entorno semides\u00e9rtico.<\/li><\/ul>\t\t\t\t\t\t\t\t<\/div>\n\t\t\t\t\t<\/div>\n\t\t<\/div>\n\t\t\t\t\t<\/div>\n\t\t<\/section>\n\t\t\t\t<section class=\"elementor-section elementor-top-section elementor-element elementor-element-7d18cac elementor-section-boxed elementor-section-height-default elementor-section-height-default\" data-id=\"7d18cac\" data-element_type=\"section\" data-e-type=\"section\">\n\t\t\t\t\t\t<div class=\"elementor-container elementor-column-gap-default\">\n\t\t\t\t\t<div class=\"elementor-column elementor-col-100 elementor-top-column elementor-element elementor-element-ae346ba\" data-id=\"ae346ba\" data-element_type=\"column\" data-e-type=\"column\">\n\t\t\t<div class=\"elementor-widget-wrap elementor-element-populated\">\n\t\t\t\t\t\t<div class=\"elementor-element elementor-element-bc01dcd elementor-widget elementor-widget-heading\" data-id=\"bc01dcd\" data-element_type=\"widget\" data-e-type=\"widget\" data-widget_type=\"heading.default\">\n\t\t\t\t\t<h2 class=\"elementor-heading-title elementor-size-default\">C\u00f3mo Llegar a la Playa de Las Negras en Cabo de Gata\n<\/h2>\t\t\t\t<\/div>\n\t\t\t\t<div class=\"elementor-element elementor-element-a872217 elementor-widget elementor-widget-text-editor\" data-id=\"a872217\" data-element_type=\"widget\" data-e-type=\"widget\" data-widget_type=\"text-editor.default\">\n\t\t\t\t\t\t\t\t\t<p data-start=\"3903\" data-end=\"4061\">Para llegar a la <strong data-start=\"3920\" data-end=\"3943\">Playa de Las Negras<\/strong>, tendr\u00e1s varias opciones de transporte. Desde la ciudad de Almer\u00eda, se encuentran aproximadamente 50 km de distancia:<\/p><ul data-start=\"4063\" data-end=\"4428\"><li data-start=\"4063\" data-end=\"4250\"><p data-start=\"4065\" data-end=\"4080\"><strong data-start=\"4065\" data-end=\"4077\">En coche<\/strong>:<\/p><\/li><li data-start=\"4063\" data-end=\"4250\"><p data-start=\"4065\" data-end=\"4080\"><span style=\"font-size: 16px;\">Toma la AL-3108 que atraviesa parte del Parque Natural de Cabo de Gata.<\/span><\/p><\/li><li data-start=\"4063\" data-end=\"4250\"><p data-start=\"4065\" data-end=\"4080\"><span style=\"font-size: 16px;\">Durante el recorrido, podr\u00e1s disfrutar de paisajes volc\u00e1nicos y vistas al Mediterr\u00e1neo.<\/span><\/p><\/li><li data-start=\"4252\" data-end=\"4428\"><p data-start=\"4254\" data-end=\"4271\"><strong data-start=\"4254\" data-end=\"4268\">En autob\u00fas<\/strong>:<\/p><\/li><li data-start=\"4252\" data-end=\"4428\"><p data-start=\"4254\" data-end=\"4271\"><span style=\"font-size: 16px;\">Existen l\u00edneas regulares que conectan Almer\u00eda con el pueblo de Las Negras.<\/span><\/p><\/li><li data-start=\"4252\" data-end=\"4428\"><p data-start=\"4254\" data-end=\"4271\"><span style=\"font-size: 16px;\">Consulta horarios en las webs oficiales para planificar con antelaci\u00f3n.<\/span><\/p><\/li><\/ul>\t\t\t\t\t\t\t\t<\/div>\n\t\t\t\t\t<\/div>\n\t\t<\/div>\n\t\t\t\t\t<\/div>\n\t\t<\/section>\n\t\t\t\t<section class=\"elementor-section elementor-top-section elementor-element elementor-element-3e105de elementor-section-boxed elementor-section-height-default elementor-section-height-default\" data-id=\"3e105de\" data-element_type=\"section\" data-e-type=\"section\">\n\t\t\t\t\t\t<div class=\"elementor-container elementor-column-gap-default\">\n\t\t\t\t\t<div class=\"elementor-column elementor-col-100 elementor-top-column elementor-element elementor-element-a78af5f\" data-id=\"a78af5f\" data-element_type=\"column\" data-e-type=\"column\">\n\t\t\t<div class=\"elementor-widget-wrap elementor-element-populated\">\n\t\t\t\t\t\t<div class=\"elementor-element elementor-element-1726b15 elementor-widget elementor-widget-google_maps\" data-id=\"1726b15\" data-element_type=\"widget\" data-e-type=\"widget\" data-widget_type=\"google_maps.default\">\n\t\t\t\t\t\t\t<div class=\"elementor-custom-embed\">\n\t\t\t<iframe\n\t\t\t\t\tdata-src=\"https:\/\/maps.google.com\/maps?q=playa%20de%20las%20negras&#038;t=m&#038;z=10&#038;output=embed&#038;iwloc=near\"\n\t\t\t\t\ttitle=\"playa de las negras\"\n\t\t\t\t\taria-label=\"playa de las negras\"\n\t\t\t src=\"data:image\/gif;base64,R0lGODlhAQABAAAAACH5BAEKAAEALAAAAAABAAEAAAICTAEAOw==\" class=\"lazyload\" data-load-mode=\"1\"><\/iframe>\n\t\t<\/div>\n\t\t\t\t\t\t<\/div>\n\t\t\t\t\t<\/div>\n\t\t<\/div>\n\t\t\t\t\t<\/div>\n\t\t<\/section>\n\t\t\t\t<section class=\"elementor-section elementor-top-section elementor-element elementor-element-fedd7c5 elementor-section-boxed elementor-section-height-default elementor-section-height-default\" data-id=\"fedd7c5\" data-element_type=\"section\" data-e-type=\"section\">\n\t\t\t\t\t\t<div class=\"elementor-container elementor-column-gap-default\">\n\t\t\t\t\t<div class=\"elementor-column elementor-col-100 elementor-top-column elementor-element elementor-element-0816b96\" data-id=\"0816b96\" data-element_type=\"column\" data-e-type=\"column\">\n\t\t\t<div class=\"elementor-widget-wrap elementor-element-populated\">\n\t\t\t\t\t\t<div class=\"elementor-element elementor-element-56a0f00 elementor-widget elementor-widget-spacer\" data-id=\"56a0f00\" data-element_type=\"widget\" data-e-type=\"widget\" data-widget_type=\"spacer.default\">\n\t\t\t\t\t\t\t<div class=\"elementor-spacer\">\n\t\t\t<div class=\"elementor-spacer-inner\"><\/div>\n\t\t<\/div>\n\t\t\t\t\t\t<\/div>\n\t\t\t\t\t<\/div>\n\t\t<\/div>\n\t\t\t\t\t<\/div>\n\t\t<\/section>\n\t\t\t\t<section class=\"elementor-section elementor-top-section elementor-element elementor-element-27268e5 elementor-section-boxed elementor-section-height-default elementor-section-height-default\" data-id=\"27268e5\" data-element_type=\"section\" data-e-type=\"section\">\n\t\t\t\t\t\t<div class=\"elementor-container elementor-column-gap-default\">\n\t\t\t\t\t<div class=\"elementor-column elementor-col-100 elementor-top-column elementor-element elementor-element-293d8ff\" data-id=\"293d8ff\" data-element_type=\"column\" data-e-type=\"column\">\n\t\t\t<div class=\"elementor-widget-wrap elementor-element-populated\">\n\t\t\t\t\t\t<div class=\"elementor-element elementor-element-bd356ac elementor-widget elementor-widget-text-editor\" data-id=\"bd356ac\" data-element_type=\"widget\" data-e-type=\"widget\" data-widget_type=\"text-editor.default\">\n\t\t\t\t\t\t\t\t\t<h3>Playas cercanas:<\/h3><ul><li><a href=\"https:\/\/media.marinalia.es\/de\/blog\/playazo-de-rodalquilar\/\">Playazo de Rodalquilar<\/a><\/li><li><a href=\"https:\/\/media.marinalia.es\/de\/blog\/cala-de-enmedio\/\">Cala de Enmedio<\/a><\/li><li><a href=\"https:\/\/media.marinalia.es\/de\/blog\/playa-de-los-muertos\/\">Playa de los muertos<\/a><\/li><\/ul>\t\t\t\t\t\t\t\t<\/div>\n\t\t\t\t\t<\/div>\n\t\t<\/div>\n\t\t\t\t\t<\/div>\n\t\t<\/section>\n\t\t\t\t<section class=\"elementor-section elementor-top-section elementor-element elementor-element-51f10b44 elementor-section-boxed elementor-section-height-default elementor-section-height-default\" data-id=\"51f10b44\" data-element_type=\"section\" data-e-type=\"section\">\n\t\t\t\t\t\t<div class=\"elementor-container elementor-column-gap-default\">\n\t\t\t\t\t<div class=\"elementor-column elementor-col-100 elementor-top-column elementor-element elementor-element-3874a7cc\" data-id=\"3874a7cc\" data-element_type=\"column\" data-e-type=\"column\">\n\t\t\t<div class=\"elementor-widget-wrap elementor-element-populated\">\n\t\t\t\t\t\t<div class=\"elementor-element elementor-element-7c02595f elementor-widget elementor-widget-heading\" data-id=\"7c02595f\" data-element_type=\"widget\" data-e-type=\"widget\" data-widget_type=\"heading.default\">\n\t\t\t\t\t<h3 class=\"elementor-heading-title elementor-size-default\">M\u00e1s rincones para descubrir<\/h3>\t\t\t\t<\/div>\n\t\t\t\t\t<\/div>\n\t\t<\/div>\n\t\t\t\t\t<\/div>\n\t\t<\/section>\n\t\t\t\t<section class=\"elementor-section elementor-top-section elementor-element elementor-element-e127402 elementor-section-boxed elementor-section-height-default elementor-section-height-default\" data-id=\"e127402\" data-element_type=\"section\" data-e-type=\"section\">\n\t\t\t\t\t\t<div class=\"elementor-container elementor-column-gap-default\">\n\t\t\t\t\t<div class=\"elementor-column elementor-col-100 elementor-top-column elementor-element elementor-element-32bed160\" data-id=\"32bed160\" data-element_type=\"column\" data-e-type=\"column\">\n\t\t\t<div class=\"elementor-widget-wrap elementor-element-populated\">\n\t\t\t\t\t\t<div class=\"elementor-element elementor-element-1400114e elementor-grid-eael-col-3 elementor-grid-tablet-eael-col-2 elementor-grid-mobile-eael-col-1 elementor-widget elementor-widget-eael-post-grid\" data-id=\"1400114e\" data-element_type=\"widget\" data-e-type=\"widget\" data-settings=\"{&quot;eael_post_grid_columns&quot;:&quot;eael-col-3&quot;,&quot;eael_post_grid_columns_tablet&quot;:&quot;eael-col-2&quot;,&quot;eael_post_grid_columns_mobile&quot;:&quot;eael-col-1&quot;}\" data-widget_type=\"eael-post-grid.default\">\n\t\t\t\t\t<div id=\"eael-post-grid-1400114e\" class=\"eael-post-grid-container\">\n            <div class=\"eael-post-grid eael-post-appender eael-post-appender-1400114e eael-post-grid-style-one\" data-layout-mode=\"grid\"><article class=\"eael-grid-post  eael-post-grid-column eael-pg-post-8113 category-playas-almeria\" data-id=\"8113\">\n        <div class=\"eael-grid-post-holder\">\n            <div class=\"eael-grid-post-holder-inner\"><div class=\"eael-entry-media\"><div class=\"eael-entry-overlay none\"><i class=\"\" aria-hidden=\"true\"><\/i><a href=\"https:\/\/media.marinalia.es\/de\/blog\/playa-del-corralete\/\"><\/a><\/div><div class=\"eael-entry-thumbnail eael-image-ratio\">\n                <img decoding=\"async\" width=\"1024\" height=\"338\" data-src=\"https:\/\/media.marinalia.es\/wp-content\/uploads\/2021\/12\/playa-del-corralete-cabo-de-gata-1024x338.jpg\" class=\"attachment-large size-large wp-image-8124 lazyload\" alt=\"playa del corralete cabo de gata\" data-srcset=\"https:\/\/media.marinalia.es\/wp-content\/uploads\/2021\/12\/playa-del-corralete-cabo-de-gata-1024x338.jpg 1024w, https:\/\/media.marinalia.es\/wp-content\/uploads\/2021\/12\/playa-del-corralete-cabo-de-gata-300x99.jpg 300w, https:\/\/media.marinalia.es\/wp-content\/uploads\/2021\/12\/playa-del-corralete-cabo-de-gata-768x253.jpg 768w, https:\/\/media.marinalia.es\/wp-content\/uploads\/2021\/12\/playa-del-corralete-cabo-de-gata-1536x506.jpg 1536w, https:\/\/media.marinalia.es\/wp-content\/uploads\/2021\/12\/playa-del-corralete-cabo-de-gata-18x6.jpg 18w, https:\/\/media.marinalia.es\/wp-content\/uploads\/2021\/12\/playa-del-corralete-cabo-de-gata.jpg 1820w\" data-sizes=\"(max-width: 1024px) 100vw, 1024px\" src=\"data:image\/gif;base64,R0lGODlhAQABAAAAACH5BAEKAAEALAAAAAABAAEAAAICTAEAOw==\" style=\"--smush-placeholder-width: 1024px; --smush-placeholder-aspect-ratio: 1024\/338;\" \/>\n            <\/div>\n        <\/div><div class=\"eael-entry-wrapper\"><header class=\"eael-entry-header\"><h4 class=\"eael-entry-title\"><a class=\"eael-grid-post-link\" href=\"https:\/\/media.marinalia.es\/de\/blog\/playa-del-corralete\/\" title=\"Playa del Corralete\">Playa del Corralete<\/a><\/h4><\/header><\/div><\/div>\n        <\/div>\n    <\/article><article class=\"eael-grid-post  eael-post-grid-column eael-pg-post-7617 category-playas-almeria\" data-id=\"7617\">\n        <div class=\"eael-grid-post-holder\">\n            <div class=\"eael-grid-post-holder-inner\"><div class=\"eael-entry-media\"><div class=\"eael-entry-overlay none\"><i class=\"\" aria-hidden=\"true\"><\/i><a href=\"https:\/\/media.marinalia.es\/de\/blog\/cala-de-los-amarillos\/\"><\/a><\/div><div class=\"eael-entry-thumbnail eael-image-ratio\">\n                <img decoding=\"async\" width=\"1024\" height=\"323\" data-src=\"https:\/\/media.marinalia.es\/wp-content\/uploads\/2025\/08\/cala-de-los-amarillos-1024x323.jpg\" class=\"attachment-large size-large wp-image-7668 lazyload\" alt=\"cala de los amarillos\" data-srcset=\"https:\/\/media.marinalia.es\/wp-content\/uploads\/2025\/08\/cala-de-los-amarillos-1024x323.jpg 1024w, https:\/\/media.marinalia.es\/wp-content\/uploads\/2025\/08\/cala-de-los-amarillos-300x95.jpg 300w, https:\/\/media.marinalia.es\/wp-content\/uploads\/2025\/08\/cala-de-los-amarillos-768x243.jpg 768w, https:\/\/media.marinalia.es\/wp-content\/uploads\/2025\/08\/cala-de-los-amarillos-1536x485.jpg 1536w, https:\/\/media.marinalia.es\/wp-content\/uploads\/2025\/08\/cala-de-los-amarillos-18x6.jpg 18w, https:\/\/media.marinalia.es\/wp-content\/uploads\/2025\/08\/cala-de-los-amarillos.jpg 1900w\" data-sizes=\"(max-width: 1024px) 100vw, 1024px\" src=\"data:image\/gif;base64,R0lGODlhAQABAAAAACH5BAEKAAEALAAAAAABAAEAAAICTAEAOw==\" style=\"--smush-placeholder-width: 1024px; --smush-placeholder-aspect-ratio: 1024\/323;\" \/>\n            <\/div>\n        <\/div><div class=\"eael-entry-wrapper\"><header class=\"eael-entry-header\"><h4 class=\"eael-entry-title\"><a class=\"eael-grid-post-link\" href=\"https:\/\/media.marinalia.es\/de\/blog\/cala-de-los-amarillos\/\" title=\"Cala de los Amarillos\">Cala de los Amarillos<\/a><\/h4><\/header><\/div><\/div>\n        <\/div>\n    <\/article><article class=\"eael-grid-post  eael-post-grid-column eael-pg-post-7782 category-playas-almeria\" data-id=\"7782\">\n        <div class=\"eael-grid-post-holder\">\n            <div class=\"eael-grid-post-holder-inner\"><div class=\"eael-entry-media\"><div class=\"eael-entry-overlay none\"><i class=\"\" aria-hidden=\"true\"><\/i><a href=\"https:\/\/media.marinalia.es\/de\/blog\/cala-arena\/\"><\/a><\/div><div class=\"eael-entry-thumbnail eael-image-ratio\">\n                <img decoding=\"async\" width=\"1024\" height=\"323\" data-src=\"https:\/\/media.marinalia.es\/wp-content\/uploads\/2021\/12\/cala-arena-1024x323.jpg\" class=\"attachment-large size-large wp-image-7793 lazyload\" alt=\"cala arena\" data-srcset=\"https:\/\/media.marinalia.es\/wp-content\/uploads\/2021\/12\/cala-arena-1024x323.jpg 1024w, https:\/\/media.marinalia.es\/wp-content\/uploads\/2021\/12\/cala-arena-300x95.jpg 300w, https:\/\/media.marinalia.es\/wp-content\/uploads\/2021\/12\/cala-arena-768x243.jpg 768w, https:\/\/media.marinalia.es\/wp-content\/uploads\/2021\/12\/cala-arena-1536x485.jpg 1536w, https:\/\/media.marinalia.es\/wp-content\/uploads\/2021\/12\/cala-arena-18x6.jpg 18w, https:\/\/media.marinalia.es\/wp-content\/uploads\/2021\/12\/cala-arena.jpg 1900w\" data-sizes=\"(max-width: 1024px) 100vw, 1024px\" src=\"data:image\/gif;base64,R0lGODlhAQABAAAAACH5BAEKAAEALAAAAAABAAEAAAICTAEAOw==\" style=\"--smush-placeholder-width: 1024px; --smush-placeholder-aspect-ratio: 1024\/323;\" \/>\n            <\/div>\n        <\/div><div class=\"eael-entry-wrapper\"><header class=\"eael-entry-header\"><h4 class=\"eael-entry-title\"><a class=\"eael-grid-post-link\" href=\"https:\/\/media.marinalia.es\/de\/blog\/cala-arena\/\" title=\"Cala Arena\">Cala Arena<\/a><\/h4><\/header><\/div><\/div>\n        <\/div>\n    <\/article><article class=\"eael-grid-post  eael-post-grid-column eael-pg-post-7795 category-playas-almeria\" data-id=\"7795\">\n        <div class=\"eael-grid-post-holder\">\n            <div class=\"eael-grid-post-holder-inner\"><div class=\"eael-entry-media\"><div class=\"eael-entry-overlay none\"><i class=\"\" aria-hidden=\"true\"><\/i><a href=\"https:\/\/media.marinalia.es\/de\/blog\/playa-del-barronal\/\"><\/a><\/div><div class=\"eael-entry-thumbnail eael-image-ratio\">\n                <img decoding=\"async\" width=\"1024\" height=\"323\" data-src=\"https:\/\/media.marinalia.es\/wp-content\/uploads\/2021\/12\/playa-del-barronal-1024x323.jpg\" class=\"attachment-large size-large wp-image-7806 lazyload\" alt=\"playa del barronal\" data-srcset=\"https:\/\/media.marinalia.es\/wp-content\/uploads\/2021\/12\/playa-del-barronal-1024x323.jpg 1024w, https:\/\/media.marinalia.es\/wp-content\/uploads\/2021\/12\/playa-del-barronal-300x95.jpg 300w, https:\/\/media.marinalia.es\/wp-content\/uploads\/2021\/12\/playa-del-barronal-768x243.jpg 768w, https:\/\/media.marinalia.es\/wp-content\/uploads\/2021\/12\/playa-del-barronal-1536x485.jpg 1536w, https:\/\/media.marinalia.es\/wp-content\/uploads\/2021\/12\/playa-del-barronal-18x6.jpg 18w, https:\/\/media.marinalia.es\/wp-content\/uploads\/2021\/12\/playa-del-barronal.jpg 1900w\" data-sizes=\"(max-width: 1024px) 100vw, 1024px\" src=\"data:image\/gif;base64,R0lGODlhAQABAAAAACH5BAEKAAEALAAAAAABAAEAAAICTAEAOw==\" style=\"--smush-placeholder-width: 1024px; --smush-placeholder-aspect-ratio: 1024\/323;\" \/>\n            <\/div>\n        <\/div><div class=\"eael-entry-wrapper\"><header class=\"eael-entry-header\"><h4 class=\"eael-entry-title\"><a class=\"eael-grid-post-link\" href=\"https:\/\/media.marinalia.es\/de\/blog\/playa-del-barronal\/\" title=\"Playa del Barronal\">Playa del Barronal<\/a><\/h4><\/header><\/div><\/div>\n        <\/div>\n    <\/article><article class=\"eael-grid-post  eael-post-grid-column eael-pg-post-8214 category-playas-almeria\" data-id=\"8214\">\n        <div class=\"eael-grid-post-holder\">\n            <div class=\"eael-grid-post-holder-inner\"><div class=\"eael-entry-media\"><div class=\"eael-entry-overlay none\"><i class=\"\" aria-hidden=\"true\"><\/i><a href=\"https:\/\/media.marinalia.es\/de\/blog\/cala-chica-cabo-de-gata\/\"><\/a><\/div><div class=\"eael-entry-thumbnail eael-image-ratio\">\n                <img decoding=\"async\" width=\"1024\" height=\"338\" data-src=\"https:\/\/media.marinalia.es\/wp-content\/uploads\/2021\/12\/cala-chica-cabo-de-gata-1024x338.jpg\" class=\"attachment-large size-large wp-image-8224 lazyload\" alt=\"cala chica cabo de gata\" data-srcset=\"https:\/\/media.marinalia.es\/wp-content\/uploads\/2021\/12\/cala-chica-cabo-de-gata-1024x338.jpg 1024w, https:\/\/media.marinalia.es\/wp-content\/uploads\/2021\/12\/cala-chica-cabo-de-gata-300x99.jpg 300w, https:\/\/media.marinalia.es\/wp-content\/uploads\/2021\/12\/cala-chica-cabo-de-gata-768x253.jpg 768w, https:\/\/media.marinalia.es\/wp-content\/uploads\/2021\/12\/cala-chica-cabo-de-gata-1536x506.jpg 1536w, https:\/\/media.marinalia.es\/wp-content\/uploads\/2021\/12\/cala-chica-cabo-de-gata-18x6.jpg 18w, https:\/\/media.marinalia.es\/wp-content\/uploads\/2021\/12\/cala-chica-cabo-de-gata.jpg 1820w\" data-sizes=\"(max-width: 1024px) 100vw, 1024px\" src=\"data:image\/gif;base64,R0lGODlhAQABAAAAACH5BAEKAAEALAAAAAABAAEAAAICTAEAOw==\" style=\"--smush-placeholder-width: 1024px; --smush-placeholder-aspect-ratio: 1024\/338;\" \/>\n            <\/div>\n        <\/div><div class=\"eael-entry-wrapper\"><header class=\"eael-entry-header\"><h4 class=\"eael-entry-title\"><a class=\"eael-grid-post-link\" href=\"https:\/\/media.marinalia.es\/de\/blog\/cala-chica-cabo-de-gata\/\" title=\"Cala Chica, Cabo de Gata\">Cala Chica, Cabo de Gata<\/a><\/h4><\/header><\/div><\/div>\n        <\/div>\n    <\/article><article class=\"eael-grid-post  eael-post-grid-column eael-pg-post-8154 category-playas-almeria-playas-malaga\" data-id=\"8154\">\n        <div class=\"eael-grid-post-holder\">\n            <div class=\"eael-grid-post-holder-inner\"><div class=\"eael-entry-media\"><div class=\"eael-entry-overlay none\"><i class=\"\" aria-hidden=\"true\"><\/i><a href=\"https:\/\/media.marinalia.es\/de\/blog\/playa-del-saladillo\/\"><\/a><\/div><div class=\"eael-entry-thumbnail eael-image-ratio\">\n                <img decoding=\"async\" width=\"1024\" height=\"338\" data-src=\"https:\/\/media.marinalia.es\/wp-content\/uploads\/2021\/12\/playa-del-saladillo-1024x338.jpg\" class=\"attachment-large size-large wp-image-8167 lazyload\" alt=\"playa del saladillo\" data-srcset=\"https:\/\/media.marinalia.es\/wp-content\/uploads\/2021\/12\/playa-del-saladillo-1024x338.jpg 1024w, https:\/\/media.marinalia.es\/wp-content\/uploads\/2021\/12\/playa-del-saladillo-300x99.jpg 300w, https:\/\/media.marinalia.es\/wp-content\/uploads\/2021\/12\/playa-del-saladillo-768x253.jpg 768w, https:\/\/media.marinalia.es\/wp-content\/uploads\/2021\/12\/playa-del-saladillo-1536x506.jpg 1536w, https:\/\/media.marinalia.es\/wp-content\/uploads\/2021\/12\/playa-del-saladillo-18x6.jpg 18w, https:\/\/media.marinalia.es\/wp-content\/uploads\/2021\/12\/playa-del-saladillo.jpg 1820w\" data-sizes=\"(max-width: 1024px) 100vw, 1024px\" src=\"data:image\/gif;base64,R0lGODlhAQABAAAAACH5BAEKAAEALAAAAAABAAEAAAICTAEAOw==\" style=\"--smush-placeholder-width: 1024px; --smush-placeholder-aspect-ratio: 1024\/338;\" \/>\n            <\/div>\n        <\/div><div class=\"eael-entry-wrapper\"><header class=\"eael-entry-header\"><h4 class=\"eael-entry-title\"><a class=\"eael-grid-post-link\" href=\"https:\/\/media.marinalia.es\/de\/blog\/playa-del-saladillo\/\" title=\"Playa del Saladillo\">Playa del Saladillo<\/a><\/h4><\/header><\/div><\/div>\n        <\/div>\n    <\/article><\/div>\n            <div class=\"clearfix\"><\/div>\n        <\/div>            <div class=\"eael-load-more-button-wrap eael-force-hide\">\n                <button class=\"eael-load-more-button\" id=\"eael-load-more-btn-1400114e\" data-widget-id=\"1400114e\" data-widget=\"1400114e\" data-page-id=\"7389\" data-template=\"{&quot;dir&quot;:&quot;lite&quot;,&quot;file_name&quot;:&quot;one.php&quot;,&quot;name&quot;:&quot;Post-Grid&quot;}\" data-class=\"Essential_Addons_Elementor\\Elements\\Post_Grid\" data-layout=\"grid\" data-page=\"1\" data-args=\"orderby=date&amp;order=desc&amp;ignore_sticky_posts=1&amp;post_status=publish&amp;posts_per_page=6&amp;offset=0&amp;post_type=post&amp;tax_query%5B0%5D%5Btaxonomy%5D=category&amp;tax_query%5B0%5D%5Bfield%5D=term_id&amp;tax_query%5B0%5D%5Bterms%5D%5B0%5D=14&amp;tax_query%5Brelation%5D=AND\" data-max-page=\"11\">\n                    <span class=\"eael-btn-loader button__loader\"><\/span>\n                    <span class=\"eael_load_more_text\">Cargar m\u00e1s<\/span>\n                <\/button>\n            <\/div>\n            \t\t\t\t<\/div>\n\t\t\t\t\t<\/div>\n\t\t<\/div>\n\t\t\t\t\t<\/div>\n\t\t<\/section>\n\t\t\t\t<\/div>","protected":false},"excerpt":{"rendered":"<p>La Playa de Las Negras, situada en el coraz\u00f3n del Parque Natural de Cabo de Gata-N\u00edjar, es uno de los parajes m\u00e1s aut\u00e9nticos de la costa de Almer\u00eda. Con su singular arena oscura, aguas cristalinas y un ambiente tranquilo, se ha convertido en un destino obligado para quienes buscan disfrutar de la naturaleza y el [&hellip;]<\/p>\n","protected":false},"author":1,"featured_media":7394,"comment_status":"closed","ping_status":"closed","sticky":false,"template":"","format":"standard","meta":{"site-sidebar-layout":"default","site-content-layout":"","ast-site-content-layout":"default","site-content-style":"default","site-sidebar-style":"default","ast-global-header-display":"","ast-banner-title-visibility":"","ast-main-header-display":"","ast-hfb-above-header-display":"","ast-hfb-below-header-display":"","ast-hfb-mobile-header-display":"","site-post-title":"","ast-breadcrumbs-content":"","ast-featured-img":"","footer-sml-layout":"","ast-disable-related-posts":"","theme-transparent-header-meta":"default","adv-header-id-meta":"","stick-header-meta":"","header-above-stick-meta":"","header-main-stick-meta":"","header-below-stick-meta":"","astra-migrate-meta-layouts":"set","ast-page-background-enabled":"default","ast-page-background-meta":{"desktop":{"background-color":"var(--ast-global-color-4)","background-image":"","background-repeat":"repeat","background-position":"center center","background-size":"auto","background-attachment":"scroll","background-type":"","background-media":"","overlay-type":"","overlay-color":"","overlay-opacity":"","overlay-gradient":""},"tablet":{"background-color":"","background-image":"","background-repeat":"repeat","background-position":"center center","background-size":"auto","background-attachment":"scroll","background-type":"","background-media":"","overlay-type":"","overlay-color":"","overlay-opacity":"","overlay-gradient":""},"mobile":{"background-color":"","background-image":"","background-repeat":"repeat","background-position":"center center","background-size":"auto","background-attachment":"scroll","background-type":"","background-media":"","overlay-type":"","overlay-color":"","overlay-opacity":"","overlay-gradient":""}},"ast-content-background-meta":{"desktop":{"background-color":"var(--ast-global-color-5)","background-image":"","background-repeat":"repeat","background-position":"center center","background-size":"auto","background-attachment":"scroll","background-type":"","background-media":"","overlay-type":"","overlay-color":"","overlay-opacity":"","overlay-gradient":""},"tablet":{"background-color":"var(--ast-global-color-5)","background-image":"","background-repeat":"repeat","background-position":"center center","background-size":"auto","background-attachment":"scroll","background-type":"","background-media":"","overlay-type":"","overlay-color":"","overlay-opacity":"","overlay-gradient":""},"mobile":{"background-color":"var(--ast-global-color-5)","background-image":"","background-repeat":"repeat","background-position":"center center","background-size":"auto","background-attachment":"scroll","background-type":"","background-media":"","overlay-type":"","overlay-color":"","overlay-opacity":"","overlay-gradient":""}},"_joinchat":[],"footnotes":""},"categories":[14],"tags":[],"class_list":["post-7389","post","type-post","status-publish","format-standard","has-post-thumbnail","hentry","category-playas-almeria"],"_links":{"self":[{"href":"https:\/\/media.marinalia.es\/de\/wp-json\/wp\/v2\/posts\/7389","targetHints":{"allow":["GET"]}}],"collection":[{"href":"https:\/\/media.marinalia.es\/de\/wp-json\/wp\/v2\/posts"}],"about":[{"href":"https:\/\/media.marinalia.es\/de\/wp-json\/wp\/v2\/types\/post"}],"author":[{"embeddable":true,"href":"https:\/\/media.marinalia.es\/de\/wp-json\/wp\/v2\/users\/1"}],"replies":[{"embeddable":true,"href":"https:\/\/media.marinalia.es\/de\/wp-json\/wp\/v2\/comments?post=7389"}],"version-history":[{"count":1,"href":"https:\/\/media.marinalia.es\/de\/wp-json\/wp\/v2\/posts\/7389\/revisions"}],"predecessor-version":[{"id":7448,"href":"https:\/\/media.marinalia.es\/de\/wp-json\/wp\/v2\/posts\/7389\/revisions\/7448"}],"wp:featuredmedia":[{"embeddable":true,"href":"https:\/\/media.marinalia.es\/de\/wp-json\/wp\/v2\/media\/7394"}],"wp:attachment":[{"href":"https:\/\/media.marinalia.es\/de\/wp-json\/wp\/v2\/media?parent=7389"}],"wp:term":[{"taxonomy":"category","embeddable":true,"href":"https:\/\/media.marinalia.es\/de\/wp-json\/wp\/v2\/categories?post=7389"},{"taxonomy":"post_tag","embeddable":true,"href":"https:\/\/media.marinalia.es\/de\/wp-json\/wp\/v2\/tags?post=7389"}],"curies":[{"name":"wp","href":"https:\/\/api.w.org\/{rel}","templated":true}]}}