{"id":7173,"date":"2024-09-13T12:17:04","date_gmt":"2024-09-13T11:17:04","guid":{"rendered":"https:\/\/media.marinalia.es\/?p=7173"},"modified":"2024-10-02T11:57:08","modified_gmt":"2024-10-02T10:57:08","slug":"playa-mil-palmeras","status":"publish","type":"post","link":"https:\/\/media.marinalia.es\/de\/blog\/playa-mil-palmeras\/","title":{"rendered":"Playa de Mil Palmeras"},"content":{"rendered":"<div data-elementor-type=\"wp-post\" data-elementor-id=\"7173\" class=\"elementor elementor-7173\">\n\t\t\t\t\t\t<section class=\"elementor-section elementor-top-section elementor-element elementor-element-0425045 elementor-section-boxed elementor-section-height-default elementor-section-height-default\" data-id=\"0425045\" data-element_type=\"section\" data-e-type=\"section\">\n\t\t\t\t\t\t<div class=\"elementor-container elementor-column-gap-default\">\n\t\t\t\t\t<div class=\"elementor-column elementor-col-100 elementor-top-column elementor-element elementor-element-1d8bf04\" data-id=\"1d8bf04\" data-element_type=\"column\" data-e-type=\"column\">\n\t\t\t<div class=\"elementor-widget-wrap elementor-element-populated\">\n\t\t\t\t\t\t<div class=\"elementor-element elementor-element-a71ecbb elementor-widget elementor-widget-text-editor\" data-id=\"a71ecbb\" data-element_type=\"widget\" data-e-type=\"widget\" data-widget_type=\"text-editor.default\">\n\t\t\t\t\t\t\t\t\t<p><span style=\"font-weight: 400;\">La <b>Playa de las Mil Palmeras<\/b>, situada en el municipio de Pilar de la Horadada en la provincia de Alicante, es uno de los destinos m\u00e1s encantadores y accesibles de la Costa Blanca. Con su amplia franja de arena dorada y sus aguas cristalinas, esta playa ofrece un entorno id\u00f3neo para el descanso y el disfrute, tanto para familias como para parejas o turistas en busca de un lugar tranquilo con todas las comodidades.<\/span><\/p>\t\t\t\t\t\t\t\t<\/div>\n\t\t\t\t\t<\/div>\n\t\t<\/div>\n\t\t\t\t\t<\/div>\n\t\t<\/section>\n\t\t\t\t<section class=\"elementor-section elementor-top-section elementor-element elementor-element-4c143a0 elementor-section-boxed elementor-section-height-default elementor-section-height-default\" data-id=\"4c143a0\" data-element_type=\"section\" data-e-type=\"section\">\n\t\t\t\t\t\t<div class=\"elementor-container elementor-column-gap-default\">\n\t\t\t\t\t<div class=\"elementor-column elementor-col-100 elementor-top-column elementor-element elementor-element-d3174e7\" data-id=\"d3174e7\" data-element_type=\"column\" data-e-type=\"column\">\n\t\t\t<div class=\"elementor-widget-wrap elementor-element-populated\">\n\t\t\t\t\t\t<div class=\"elementor-element elementor-element-10c8534 elementor-widget elementor-widget-heading\" data-id=\"10c8534\" data-element_type=\"widget\" data-e-type=\"widget\" data-widget_type=\"heading.default\">\n\t\t\t\t\t<h2 class=\"elementor-heading-title elementor-size-default\">Un para\u00edso para los amantes del sol y la playa<\/h2>\t\t\t\t<\/div>\n\t\t\t\t\t<\/div>\n\t\t<\/div>\n\t\t\t\t\t<\/div>\n\t\t<\/section>\n\t\t\t\t<section class=\"elementor-section elementor-top-section elementor-element elementor-element-0c9a9a1 elementor-section-boxed elementor-section-height-default elementor-section-height-default\" data-id=\"0c9a9a1\" data-element_type=\"section\" data-e-type=\"section\">\n\t\t\t\t\t\t<div class=\"elementor-container elementor-column-gap-default\">\n\t\t\t\t\t<div class=\"elementor-column elementor-col-100 elementor-top-column elementor-element elementor-element-a41abb1\" data-id=\"a41abb1\" data-element_type=\"column\" data-e-type=\"column\">\n\t\t\t<div class=\"elementor-widget-wrap elementor-element-populated\">\n\t\t\t\t\t\t<div class=\"elementor-element elementor-element-23f8397 elementor-widget elementor-widget-text-editor\" data-id=\"23f8397\" data-element_type=\"widget\" data-e-type=\"widget\" data-widget_type=\"text-editor.default\">\n\t\t\t\t\t\t\t\t\t<p><span style=\"font-weight: 400;\">Con m\u00e1s de un kil\u00f3metro de longitud y una anchura considerable, la Playa de las Mil Palmeras se destaca por su ambiente relajado y la calidad de sus servicios. La arena fina y dorada se combina perfectamente con el azul intenso del mar Mediterr\u00e1neo, creando un paisaje que invita a desconectar y disfrutar del entorno natural.<\/span><\/p><p><span style=\"font-weight: 400;\">A lo largo de la playa, se puede ver c\u00f3mo las palmeras brindan sombra y una est\u00e9tica tropical que, junto con la brisa marina, hace que los d\u00edas de verano sean mucho m\u00e1s agradables. Es un lugar ideal para pasear o relajarse bajo el sol, disfrutando de las vistas y del sonido suave de las olas.<\/span><\/p>\t\t\t\t\t\t\t\t<\/div>\n\t\t\t\t<div class=\"elementor-element elementor-element-4692380 elementor-widget elementor-widget-heading\" data-id=\"4692380\" data-element_type=\"widget\" data-e-type=\"widget\" data-widget_type=\"heading.default\">\n\t\t\t\t\t<h2 class=\"elementor-heading-title elementor-size-default\">Actividades para disfrutar en la Playa de las Mil Palmeras<\/h2>\t\t\t\t<\/div>\n\t\t\t\t\t<\/div>\n\t\t<\/div>\n\t\t\t\t\t<\/div>\n\t\t<\/section>\n\t\t\t\t<section class=\"elementor-section elementor-top-section elementor-element elementor-element-aa9e14b elementor-section-boxed elementor-section-height-default elementor-section-height-default\" data-id=\"aa9e14b\" data-element_type=\"section\" data-e-type=\"section\">\n\t\t\t\t\t\t<div class=\"elementor-container elementor-column-gap-default\">\n\t\t\t\t\t<div class=\"elementor-column elementor-col-100 elementor-top-column elementor-element elementor-element-2cb6818\" data-id=\"2cb6818\" data-element_type=\"column\" data-e-type=\"column\">\n\t\t\t<div class=\"elementor-widget-wrap elementor-element-populated\">\n\t\t\t\t\t\t<div class=\"elementor-element elementor-element-94d9919 elementor-widget elementor-widget-text-editor\" data-id=\"94d9919\" data-element_type=\"widget\" data-e-type=\"widget\" data-widget_type=\"text-editor.default\">\n\t\t\t\t\t\t\t\t\t<p><span style=\"font-weight: 400;\">La Playa de las Mil Palmeras ofrece una amplia gama de actividades para todos los gustos. Entre las m\u00e1s populares destacan:<\/span><\/p><ul><li style=\"font-weight: 400;\" aria-level=\"1\"><a href=\"https:\/\/marinalia.es\/117-actividades-torrevieja?actividades-comunidad-valenciana=deportes-acuaticos\" target=\"_blank\" rel=\"noopener\"><b>Deportes acu\u00e1ticos<\/b><span style=\"font-weight: 400;\">:<\/span><\/a><span style=\"font-weight: 400;\"> Para los amantes de la adrenalina, aqu\u00ed se pueden practicar deportes acu\u00e1ticos como el windsurf, el paddle surf y el kayak. Gracias a sus aguas tranquilas, tambi\u00e9n es un lugar id\u00f3neo para nadar y bucear en busca de la vida marina.<\/span><\/li><li style=\"font-weight: 400;\" aria-level=\"1\"><b>Paseos por la costa<\/b><span style=\"font-weight: 400;\">: El paseo mar\u00edtimo que bordea la playa es perfecto para quienes disfrutan de una caminata tranquila con vistas al mar. Es ideal para caminar al atardecer, mientras el sol se oculta en el horizonte y las luces comienzan a reflejarse en el agua.<\/span><\/li><li style=\"font-weight: 400;\" aria-level=\"1\"><b>Chiringuitos y restaurantes<\/b><span style=\"font-weight: 400;\">: A lo largo de la playa encontrar\u00e1s varios chiringuitos que ofrecen lo mejor de la gastronom\u00eda local. Desde tapas t\u00edpicas hasta platos de marisco fresco, disfrutar\u00e1s de una excelente comida con la brisa del mar como compa\u00f1\u00eda.<\/span><\/li><\/ul>\t\t\t\t\t\t\t\t<\/div>\n\t\t\t\t\t<\/div>\n\t\t<\/div>\n\t\t\t\t\t<\/div>\n\t\t<\/section>\n\t\t\t\t<section class=\"elementor-section elementor-top-section elementor-element elementor-element-e46cfeb elementor-section-boxed elementor-section-height-default elementor-section-height-default\" data-id=\"e46cfeb\" data-element_type=\"section\" data-e-type=\"section\">\n\t\t\t\t\t\t<div class=\"elementor-container elementor-column-gap-default\">\n\t\t\t\t\t<div class=\"elementor-column elementor-col-50 elementor-top-column elementor-element elementor-element-c9fbb58\" data-id=\"c9fbb58\" data-element_type=\"column\" data-e-type=\"column\">\n\t\t\t<div class=\"elementor-widget-wrap elementor-element-populated\">\n\t\t\t\t\t\t<div class=\"elementor-element elementor-element-66330b4 elementor-widget elementor-widget-image\" data-id=\"66330b4\" data-element_type=\"widget\" data-e-type=\"widget\" data-widget_type=\"image.default\">\n\t\t\t\t\t\t\t\t\t\t\t\t\t\t\t\t<a href=\"https:\/\/marinalia.es\/deporte-y-aventura\/excursiones-en-el-mar\/excursiones-moto-agua\/1244-excursion-moto-agua-1-hora-guardamar.html\" target=\"_blank\" rel=\"noopener\">\n\t\t\t\t\t\t\t<img fetchpriority=\"high\" decoding=\"async\" width=\"352\" height=\"355\" src=\"https:\/\/media.marinalia.es\/wp-content\/uploads\/2024\/09\/Motos-Guardamar.jpg\" class=\"attachment-large size-large wp-image-7202\" alt=\"Motos Guardamar\" srcset=\"https:\/\/media.marinalia.es\/wp-content\/uploads\/2024\/09\/Motos-Guardamar.jpg 352w, https:\/\/media.marinalia.es\/wp-content\/uploads\/2024\/09\/Motos-Guardamar-297x300.jpg 297w, https:\/\/media.marinalia.es\/wp-content\/uploads\/2024\/09\/Motos-Guardamar-150x150.jpg 150w, https:\/\/media.marinalia.es\/wp-content\/uploads\/2024\/09\/Motos-Guardamar-12x12.jpg 12w\" sizes=\"(max-width: 352px) 100vw, 352px\" \/>\t\t\t\t\t\t\t\t<\/a>\n\t\t\t\t\t\t\t\t\t\t\t\t\t\t\t<\/div>\n\t\t\t\t\t<\/div>\n\t\t<\/div>\n\t\t\t\t<div class=\"elementor-column elementor-col-50 elementor-top-column elementor-element elementor-element-45084e9\" data-id=\"45084e9\" data-element_type=\"column\" data-e-type=\"column\">\n\t\t\t<div class=\"elementor-widget-wrap elementor-element-populated\">\n\t\t\t\t\t\t<div class=\"elementor-element elementor-element-e679e82 elementor-widget elementor-widget-image\" data-id=\"e679e82\" data-element_type=\"widget\" data-e-type=\"widget\" data-widget_type=\"image.default\">\n\t\t\t\t\t\t\t\t\t\t\t\t\t\t\t\t<a href=\"https:\/\/marinalia.es\/deporte-y-aventura\/deportes-acuaticos\/actividades-acuaticas\/727-4588-vuelo-en-parasailing-en-torrevieja.html\" target=\"_blank\" rel=\"noopener\">\n\t\t\t\t\t\t\t<img decoding=\"async\" width=\"352\" height=\"387\" data-src=\"https:\/\/media.marinalia.es\/wp-content\/uploads\/2024\/09\/Parasailing-torrevieja.jpg\" class=\"attachment-large size-large wp-image-7203 lazyload\" alt=\"Parasailing torrevieja\" data-srcset=\"https:\/\/media.marinalia.es\/wp-content\/uploads\/2024\/09\/Parasailing-torrevieja.jpg 352w, https:\/\/media.marinalia.es\/wp-content\/uploads\/2024\/09\/Parasailing-torrevieja-273x300.jpg 273w, https:\/\/media.marinalia.es\/wp-content\/uploads\/2024\/09\/Parasailing-torrevieja-11x12.jpg 11w\" data-sizes=\"(max-width: 352px) 100vw, 352px\" src=\"data:image\/gif;base64,R0lGODlhAQABAAAAACH5BAEKAAEALAAAAAABAAEAAAICTAEAOw==\" style=\"--smush-placeholder-width: 352px; --smush-placeholder-aspect-ratio: 352\/387;\" \/>\t\t\t\t\t\t\t\t<\/a>\n\t\t\t\t\t\t\t\t\t\t\t\t\t\t\t<\/div>\n\t\t\t\t\t<\/div>\n\t\t<\/div>\n\t\t\t\t\t<\/div>\n\t\t<\/section>\n\t\t\t\t<section class=\"elementor-section elementor-top-section elementor-element elementor-element-fedd7c5 elementor-section-boxed elementor-section-height-default elementor-section-height-default\" data-id=\"fedd7c5\" data-element_type=\"section\" data-e-type=\"section\">\n\t\t\t\t\t\t<div class=\"elementor-container elementor-column-gap-default\">\n\t\t\t\t\t<div class=\"elementor-column elementor-col-100 elementor-top-column elementor-element elementor-element-0816b96\" data-id=\"0816b96\" data-element_type=\"column\" data-e-type=\"column\">\n\t\t\t<div class=\"elementor-widget-wrap elementor-element-populated\">\n\t\t\t\t\t\t<div class=\"elementor-element elementor-element-56a0f00 elementor-widget elementor-widget-spacer\" data-id=\"56a0f00\" data-element_type=\"widget\" data-e-type=\"widget\" data-widget_type=\"spacer.default\">\n\t\t\t\t\t\t\t<div class=\"elementor-spacer\">\n\t\t\t<div class=\"elementor-spacer-inner\"><\/div>\n\t\t<\/div>\n\t\t\t\t\t\t<\/div>\n\t\t\t\t\t<\/div>\n\t\t<\/div>\n\t\t\t\t\t<\/div>\n\t\t<\/section>\n\t\t\t\t<section class=\"elementor-section elementor-top-section elementor-element elementor-element-4c6759d elementor-section-boxed elementor-section-height-default elementor-section-height-default\" data-id=\"4c6759d\" data-element_type=\"section\" data-e-type=\"section\">\n\t\t\t\t\t\t<div class=\"elementor-container elementor-column-gap-default\">\n\t\t\t\t\t<div class=\"elementor-column elementor-col-100 elementor-top-column elementor-element elementor-element-6cf6d76\" data-id=\"6cf6d76\" data-element_type=\"column\" data-e-type=\"column\">\n\t\t\t<div class=\"elementor-widget-wrap elementor-element-populated\">\n\t\t\t\t\t\t<div class=\"elementor-element elementor-element-d3dd253 elementor-widget elementor-widget-heading\" data-id=\"d3dd253\" data-element_type=\"widget\" data-e-type=\"widget\" data-widget_type=\"heading.default\">\n\t\t\t\t\t<h2 class=\"elementor-heading-title elementor-size-default\">Un destino familiar y accesible<\/h2>\t\t\t\t<\/div>\n\t\t\t\t\t<\/div>\n\t\t<\/div>\n\t\t\t\t\t<\/div>\n\t\t<\/section>\n\t\t\t\t<section class=\"elementor-section elementor-top-section elementor-element elementor-element-fc09ddb elementor-section-boxed elementor-section-height-default elementor-section-height-default\" data-id=\"fc09ddb\" data-element_type=\"section\" data-e-type=\"section\">\n\t\t\t\t\t\t<div class=\"elementor-container elementor-column-gap-default\">\n\t\t\t\t\t<div class=\"elementor-column elementor-col-100 elementor-top-column elementor-element elementor-element-45f274d\" data-id=\"45f274d\" data-element_type=\"column\" data-e-type=\"column\">\n\t\t\t<div class=\"elementor-widget-wrap elementor-element-populated\">\n\t\t\t\t\t\t<div class=\"elementor-element elementor-element-b715805 elementor-widget elementor-widget-text-editor\" data-id=\"b715805\" data-element_type=\"widget\" data-e-type=\"widget\" data-widget_type=\"text-editor.default\">\n\t\t\t\t\t\t\t\t\t<p><span style=\"font-weight: 400;\">La Playa de las Mil Palmeras es un destino muy frecuentado por familias debido a su tranquilidad y su ambiente seguro. Las aguas poco profundas cerca de la orilla son perfectas para que los ni\u00f1os disfruten mientras los adultos se relajan. Adem\u00e1s, cuenta con una variedad de servicios como duchas, alquiler de hamacas y sombrillas, adem\u00e1s de \u00e1reas de juego para los m\u00e1s peque\u00f1os.<\/span><\/p><p><span style=\"font-weight: 400;\">Otro aspecto destacable es su accesibilidad. La playa est\u00e1 adaptada para personas con movilidad reducida, lo que garantiza que todos puedan disfrutar de este rinc\u00f3n paradis\u00edaco. Adem\u00e1s, su cercan\u00eda a diferentes alojamientos, bares y tiendas hace que sea muy conveniente para pasar varios d\u00edas en la zona.<\/span><\/p>\t\t\t\t\t\t\t\t<\/div>\n\t\t\t\t\t<\/div>\n\t\t<\/div>\n\t\t\t\t\t<\/div>\n\t\t<\/section>\n\t\t\t\t<section class=\"elementor-section elementor-top-section elementor-element elementor-element-38040d7 elementor-section-boxed elementor-section-height-default elementor-section-height-default\" data-id=\"38040d7\" data-element_type=\"section\" data-e-type=\"section\" data-settings=\"{&quot;background_background&quot;:&quot;classic&quot;}\">\n\t\t\t\t\t\t<div class=\"elementor-container elementor-column-gap-default\">\n\t\t\t\t\t<div class=\"elementor-column elementor-col-100 elementor-top-column elementor-element elementor-element-7d280040\" data-id=\"7d280040\" data-element_type=\"column\" data-e-type=\"column\">\n\t\t\t<div class=\"elementor-widget-wrap elementor-element-populated\">\n\t\t\t\t\t\t<div class=\"elementor-element elementor-element-4734d685 elementor-author-box--layout-image-above elementor-author-box--align-center elementor-widget elementor-widget-author-box\" data-id=\"4734d685\" data-element_type=\"widget\" data-e-type=\"widget\" data-widget_type=\"author-box.default\">\n\t\t\t\t<div class=\"elementor-widget-container\">\n\t\t\t\t\t\t\t<div class=\"elementor-author-box\">\n\t\t\t\t\t\t\t<div  class=\"elementor-author-box__avatar\">\n\t\t\t\t\t<img decoding=\"async\" data-src=\"https:\/\/media.marinalia.es\/wp-content\/uploads\/2021\/12\/Imagen-de-perfil-para-redes-sociales-minimalista-con-playa-azul-y-naranja-1.png\" alt=\"Silvia Guti\u00e9rrez\" src=\"data:image\/gif;base64,R0lGODlhAQABAAAAACH5BAEKAAEALAAAAAABAAEAAAICTAEAOw==\" class=\"lazyload\" style=\"--smush-placeholder-width: 288px; --smush-placeholder-aspect-ratio: 288\/288;\">\n\t\t\t\t<\/div>\n\t\t\t\n\t\t\t<div class=\"elementor-author-box__text\">\n\t\t\t\t\t\t\t\t\t<div >\n\t\t\t\t\t\t<span class=\"elementor-author-box__name\">\n\t\t\t\t\t\t\tSilvia Guti\u00e9rrez\t\t\t\t\t\t<\/span>\n\t\t\t\t\t<\/div>\n\t\t\t\t\n\t\t\t\t\n\t\t\t\t\t\t\t<\/div>\n\t\t<\/div>\n\t\t\t\t\t\t<\/div>\n\t\t\t\t<\/div>\n\t\t\t\t<section class=\"elementor-section elementor-inner-section elementor-element elementor-element-4ffff9ed elementor-section-boxed elementor-section-height-default elementor-section-height-default\" data-id=\"4ffff9ed\" data-element_type=\"section\" data-e-type=\"section\">\n\t\t\t\t\t\t<div class=\"elementor-container elementor-column-gap-default\">\n\t\t\t\t\t<div class=\"elementor-column elementor-col-33 elementor-inner-column elementor-element elementor-element-5d2b6c78\" data-id=\"5d2b6c78\" data-element_type=\"column\" data-e-type=\"column\">\n\t\t\t<div class=\"elementor-widget-wrap\">\n\t\t\t\t\t\t\t<\/div>\n\t\t<\/div>\n\t\t\t\t<div class=\"elementor-column elementor-col-33 elementor-inner-column elementor-element elementor-element-21b9e0b7\" data-id=\"21b9e0b7\" data-element_type=\"column\" data-e-type=\"column\">\n\t\t\t<div class=\"elementor-widget-wrap elementor-element-populated\">\n\t\t\t\t\t\t<div class=\"elementor-element elementor-element-5a4e3095 elementor-widget elementor-widget-heading\" data-id=\"5a4e3095\" data-element_type=\"widget\" data-e-type=\"widget\" data-widget_type=\"heading.default\">\n\t\t\t\t\t<div class=\"elementor-heading-title elementor-size-default\">\u00bfQuieres saber qu\u00e9 actividades puedes hacer en esta zona?<\/div>\t\t\t\t<\/div>\n\t\t\t\t<div class=\"elementor-element elementor-element-779b9369 elementor-align-center elementor-widget elementor-widget-button\" data-id=\"779b9369\" data-element_type=\"widget\" data-e-type=\"widget\" data-widget_type=\"button.default\">\n\t\t\t\t\t\t\t\t\t\t<a class=\"elementor-button elementor-button-link elementor-size-sm\" href=\"https:\/\/wa.me\/34694467126\/?text=Hola%21%20Quiero%20saber%20qu%C3%A9%20actividades%20puedo%20hacer%20en\" target=\"_blank\" rel=\"noopener\">\n\t\t\t\t\t\t<span class=\"elementor-button-content-wrapper\">\n\t\t\t\t\t\t<span class=\"elementor-button-icon\">\n\t\t\t\t<svg aria-hidden=\"true\" class=\"e-font-icon-svg e-fab-whatsapp\" viewbox=\"0 0 448 512\" xmlns=\"http:\/\/www.w3.org\/2000\/svg\"><path d=\"M380.9 97.1C339 55.1 283.2 32 223.9 32c-122.4 0-222 99.6-222 222 0 39.1 10.2 77.3 29.6 111L0 480l117.7-30.9c32.4 17.7 68.9 27 106.1 27h.1c122.3 0 224.1-99.6 224.1-222 0-59.3-25.2-115-67.1-157zm-157 341.6c-33.2 0-65.7-8.9-94-25.7l-6.7-4-69.8 18.3L72 359.2l-4.4-7c-18.5-29.4-28.2-63.3-28.2-98.2 0-101.7 82.8-184.5 184.6-184.5 49.3 0 95.6 19.2 130.4 54.1 34.8 34.9 56.2 81.2 56.1 130.5 0 101.8-84.9 184.6-186.6 184.6zm101.2-138.2c-5.5-2.8-32.8-16.2-37.9-18-5.1-1.9-8.8-2.8-12.5 2.8-3.7 5.6-14.3 18-17.6 21.8-3.2 3.7-6.5 4.2-12 1.4-32.6-16.3-54-29.1-75.5-66-5.7-9.8 5.7-9.1 16.3-30.3 1.8-3.7.9-6.9-.5-9.7-1.4-2.8-12.5-30.1-17.1-41.2-4.5-10.8-9.1-9.3-12.5-9.5-3.2-.2-6.9-.2-10.6-.2-3.7 0-9.7 1.4-14.8 6.9-5.1 5.6-19.4 19-19.4 46.3 0 27.3 19.9 53.7 22.6 57.4 2.8 3.7 39.1 59.7 94.8 83.8 35.2 15.2 49 16.5 66.6 13.9 10.7-1.6 32.8-13.4 37.4-26.4 4.6-13 4.6-24.1 3.2-26.4-1.3-2.5-5-3.9-10.5-6.6z\"><\/path><\/svg>\t\t\t<\/span>\n\t\t\t\t\t\t\t\t\t<span class=\"elementor-button-text\">\u00a1Env\u00edanos un WhatsApp!<\/span>\n\t\t\t\t\t<\/span>\n\t\t\t\t\t<\/a>\n\t\t\t\t\t\t\t\t<\/div>\n\t\t\t\t\t<\/div>\n\t\t<\/div>\n\t\t\t\t<div class=\"elementor-column elementor-col-33 elementor-inner-column elementor-element elementor-element-42d6629f\" data-id=\"42d6629f\" data-element_type=\"column\" data-e-type=\"column\">\n\t\t\t<div class=\"elementor-widget-wrap\">\n\t\t\t\t\t\t\t<\/div>\n\t\t<\/div>\n\t\t\t\t\t<\/div>\n\t\t<\/section>\n\t\t\t\t\t<\/div>\n\t\t<\/div>\n\t\t\t\t\t<\/div>\n\t\t<\/section>\n\t\t\t\t<section class=\"elementor-section elementor-top-section elementor-element elementor-element-86e45fb elementor-section-boxed elementor-section-height-default elementor-section-height-default\" data-id=\"86e45fb\" data-element_type=\"section\" data-e-type=\"section\">\n\t\t\t\t\t\t<div class=\"elementor-container elementor-column-gap-default\">\n\t\t\t\t\t<div class=\"elementor-column elementor-col-100 elementor-top-column elementor-element elementor-element-b7f819f\" data-id=\"b7f819f\" data-element_type=\"column\" data-e-type=\"column\">\n\t\t\t<div class=\"elementor-widget-wrap elementor-element-populated\">\n\t\t\t\t\t\t<div class=\"elementor-element elementor-element-0acd6be elementor-widget elementor-widget-spacer\" data-id=\"0acd6be\" data-element_type=\"widget\" data-e-type=\"widget\" data-widget_type=\"spacer.default\">\n\t\t\t\t\t\t\t<div class=\"elementor-spacer\">\n\t\t\t<div class=\"elementor-spacer-inner\"><\/div>\n\t\t<\/div>\n\t\t\t\t\t\t<\/div>\n\t\t\t\t\t<\/div>\n\t\t<\/div>\n\t\t\t\t\t<\/div>\n\t\t<\/section>\n\t\t\t\t<section class=\"elementor-section elementor-top-section elementor-element elementor-element-01bfb5a elementor-section-boxed elementor-section-height-default elementor-section-height-default\" data-id=\"01bfb5a\" data-element_type=\"section\" data-e-type=\"section\">\n\t\t\t\t\t\t<div class=\"elementor-container elementor-column-gap-default\">\n\t\t\t\t\t<div class=\"elementor-column elementor-col-100 elementor-top-column elementor-element elementor-element-1311646\" data-id=\"1311646\" data-element_type=\"column\" data-e-type=\"column\">\n\t\t\t<div class=\"elementor-widget-wrap elementor-element-populated\">\n\t\t\t\t\t\t<div class=\"elementor-element elementor-element-49b420e elementor-widget elementor-widget-heading\" data-id=\"49b420e\" data-element_type=\"widget\" data-e-type=\"widget\" data-widget_type=\"heading.default\">\n\t\t\t\t\t<h2 class=\"elementor-heading-title elementor-size-default\">Consejos para tu visita<\/h2>\t\t\t\t<\/div>\n\t\t\t\t<div class=\"elementor-element elementor-element-3e65629 elementor-widget elementor-widget-text-editor\" data-id=\"3e65629\" data-element_type=\"widget\" data-e-type=\"widget\" data-widget_type=\"text-editor.default\">\n\t\t\t\t\t\t\t\t\t<p><span style=\"font-weight: 400;\">Para aprovechar al m\u00e1ximo tu d\u00eda en la Playa de las Mil Palmeras, te recomendamos llegar temprano para encontrar un buen sitio en la arena, sobre todo en los meses de verano. Aunque hay chiringuitos y restaurantes, es recomendable llevar agua y algunos snacks si planeas pasar todo el d\u00eda disfrutando del sol. Si practicas deportes acu\u00e1ticos, no olvides tu equipo, aunque tambi\u00e9n puedes alquilar todo lo necesario en la playa.<\/span><\/p><p><span style=\"font-weight: 400;\">En cuanto a aparcamiento, la playa cuenta con varias zonas habilitadas cercanas, pero en temporada alta puede llenarse r\u00e1pidamente. Por ello, es aconsejable llegar pronto o considerar el transporte p\u00fablico si te alojas en los alrededores.<\/span><\/p>\t\t\t\t\t\t\t\t<\/div>\n\t\t\t\t\t<\/div>\n\t\t<\/div>\n\t\t\t\t\t<\/div>\n\t\t<\/section>\n\t\t\t\t<section class=\"elementor-section elementor-top-section elementor-element elementor-element-5adb737 elementor-section-boxed elementor-section-height-default elementor-section-height-default\" data-id=\"5adb737\" data-element_type=\"section\" data-e-type=\"section\">\n\t\t\t\t\t\t<div class=\"elementor-container elementor-column-gap-default\">\n\t\t\t\t\t<div class=\"elementor-column elementor-col-100 elementor-top-column elementor-element elementor-element-86faca1\" data-id=\"86faca1\" data-element_type=\"column\" data-e-type=\"column\">\n\t\t\t<div class=\"elementor-widget-wrap elementor-element-populated\">\n\t\t\t\t\t\t<div class=\"elementor-element elementor-element-fb244ea elementor-widget elementor-widget-heading\" data-id=\"fb244ea\" data-element_type=\"widget\" data-e-type=\"widget\" data-widget_type=\"heading.default\">\n\t\t\t\t\t<h2 class=\"elementor-heading-title elementor-size-default\">C\u00f3mo llegar a la Playa de las Mil Palmeras<\/h2>\t\t\t\t<\/div>\n\t\t\t\t<div class=\"elementor-element elementor-element-a698cad elementor-widget elementor-widget-text-editor\" data-id=\"a698cad\" data-element_type=\"widget\" data-e-type=\"widget\" data-widget_type=\"text-editor.default\">\n\t\t\t\t\t\t\t\t\t<p><span style=\"font-weight: 400;\">La Playa de las Mil Palmeras est\u00e1 situada en <\/span><a href=\"https:\/\/www.pilardelahoradada.org\/\" target=\"_blank\" rel=\"noopener\"><span style=\"font-weight: 400;\">Pilar de la Horadada<\/span><\/a><span style=\"font-weight: 400;\">, a solo 20 minutos en coche de Torrevieja y a poco m\u00e1s de una hora desde la ciudad de Alicante. Su acceso es f\u00e1cil desde la N-332, y hay diversas opciones de transporte p\u00fablico desde localidades cercanas.<\/span><\/p><p><span style=\"font-weight: 400;\">Adem\u00e1s de disfrutar de la playa, la ubicaci\u00f3n de las Mil Palmeras la convierte en un excelente punto de partida para explorar otros destinos cercanos de la Costa Blanca. Puedes visitar otras playas vecinas o aventurarte en el interior para conocer el encanto de los pueblos alicantinos.<\/span><\/p>\t\t\t\t\t\t\t\t<\/div>\n\t\t\t\t<div class=\"elementor-element elementor-element-06f1318 elementor-widget elementor-widget-google_maps\" data-id=\"06f1318\" data-element_type=\"widget\" data-e-type=\"widget\" data-widget_type=\"google_maps.default\">\n\t\t\t\t\t\t\t<div class=\"elementor-custom-embed\">\n\t\t\t<iframe\n\t\t\t\t\tdata-src=\"https:\/\/maps.google.com\/maps?q=Playa%20de%20las%20Mil%20Palmeras&#038;t=m&#038;z=12&#038;output=embed&#038;iwloc=near\"\n\t\t\t\t\ttitle=\"Playa de las Mil Palmeras\"\n\t\t\t\t\taria-label=\"Playa de las Mil Palmeras\"\n\t\t\t src=\"data:image\/gif;base64,R0lGODlhAQABAAAAACH5BAEKAAEALAAAAAABAAEAAAICTAEAOw==\" class=\"lazyload\" data-load-mode=\"1\"><\/iframe>\n\t\t<\/div>\n\t\t\t\t\t\t<\/div>\n\t\t\t\t\t<\/div>\n\t\t<\/div>\n\t\t\t\t\t<\/div>\n\t\t<\/section>\n\t\t\t\t<section class=\"elementor-section elementor-top-section elementor-element elementor-element-d92e21b elementor-section-boxed elementor-section-height-default elementor-section-height-default\" data-id=\"d92e21b\" data-element_type=\"section\" data-e-type=\"section\">\n\t\t\t\t\t\t<div class=\"elementor-container elementor-column-gap-default\">\n\t\t\t\t\t<div class=\"elementor-column elementor-col-100 elementor-top-column elementor-element elementor-element-65c18d7\" data-id=\"65c18d7\" data-element_type=\"column\" data-e-type=\"column\">\n\t\t\t<div class=\"elementor-widget-wrap elementor-element-populated\">\n\t\t\t\t\t\t<div class=\"elementor-element elementor-element-93176ec elementor-widget elementor-widget-spacer\" data-id=\"93176ec\" data-element_type=\"widget\" data-e-type=\"widget\" data-widget_type=\"spacer.default\">\n\t\t\t\t\t\t\t<div class=\"elementor-spacer\">\n\t\t\t<div class=\"elementor-spacer-inner\"><\/div>\n\t\t<\/div>\n\t\t\t\t\t\t<\/div>\n\t\t\t\t\t<\/div>\n\t\t<\/div>\n\t\t\t\t\t<\/div>\n\t\t<\/section>\n\t\t\t\t<section class=\"elementor-section elementor-top-section elementor-element elementor-element-51f10b44 elementor-section-boxed elementor-section-height-default elementor-section-height-default\" data-id=\"51f10b44\" data-element_type=\"section\" data-e-type=\"section\">\n\t\t\t\t\t\t<div class=\"elementor-container elementor-column-gap-default\">\n\t\t\t\t\t<div class=\"elementor-column elementor-col-100 elementor-top-column elementor-element elementor-element-3874a7cc\" data-id=\"3874a7cc\" data-element_type=\"column\" data-e-type=\"column\">\n\t\t\t<div class=\"elementor-widget-wrap elementor-element-populated\">\n\t\t\t\t\t\t<div class=\"elementor-element elementor-element-7c02595f elementor-widget elementor-widget-heading\" data-id=\"7c02595f\" data-element_type=\"widget\" data-e-type=\"widget\" data-widget_type=\"heading.default\">\n\t\t\t\t\t<h3 class=\"elementor-heading-title elementor-size-default\">M\u00e1s rincones para descubrir<\/h3>\t\t\t\t<\/div>\n\t\t\t\t\t<\/div>\n\t\t<\/div>\n\t\t\t\t\t<\/div>\n\t\t<\/section>\n\t\t\t\t<section class=\"elementor-section elementor-top-section elementor-element elementor-element-e127402 elementor-section-boxed elementor-section-height-default elementor-section-height-default\" data-id=\"e127402\" data-element_type=\"section\" data-e-type=\"section\">\n\t\t\t\t\t\t<div class=\"elementor-container elementor-column-gap-default\">\n\t\t\t\t\t<div class=\"elementor-column elementor-col-100 elementor-top-column elementor-element elementor-element-32bed160\" data-id=\"32bed160\" data-element_type=\"column\" data-e-type=\"column\">\n\t\t\t<div class=\"elementor-widget-wrap elementor-element-populated\">\n\t\t\t\t\t\t<div class=\"elementor-element elementor-element-1400114e elementor-grid-eael-col-3 elementor-grid-tablet-eael-col-2 elementor-grid-mobile-eael-col-1 elementor-widget elementor-widget-eael-post-grid\" data-id=\"1400114e\" data-element_type=\"widget\" data-e-type=\"widget\" data-settings=\"{&quot;eael_post_grid_columns&quot;:&quot;eael-col-3&quot;,&quot;eael_post_grid_columns_tablet&quot;:&quot;eael-col-2&quot;,&quot;eael_post_grid_columns_mobile&quot;:&quot;eael-col-1&quot;}\" data-widget_type=\"eael-post-grid.default\">\n\t\t\t\t\t<div id=\"eael-post-grid-1400114e\" class=\"eael-post-grid-container\">\n            <div class=\"eael-post-grid eael-post-appender eael-post-appender-1400114e eael-post-grid-style-one\" data-layout-mode=\"grid\"><article class=\"eael-grid-post  eael-post-grid-column eael-pg-post-8068 category-playas-alicante\" data-id=\"8068\">\n        <div class=\"eael-grid-post-holder\">\n            <div class=\"eael-grid-post-holder-inner\"><div class=\"eael-entry-media\"><div class=\"eael-entry-overlay none\"><i class=\"\" aria-hidden=\"true\"><\/i><a href=\"https:\/\/media.marinalia.es\/de\/blog\/calas-del-cuartel\/\"><\/a><\/div><div class=\"eael-entry-thumbnail eael-image-ratio\">\n                <img decoding=\"async\" width=\"1024\" height=\"338\" data-src=\"https:\/\/media.marinalia.es\/wp-content\/uploads\/2021\/12\/calas-del-cuartel-1024x338.jpg\" class=\"attachment-large size-large wp-image-8080 lazyload\" alt=\"calas del cuartel\" data-srcset=\"https:\/\/media.marinalia.es\/wp-content\/uploads\/2021\/12\/calas-del-cuartel-1024x338.jpg 1024w, https:\/\/media.marinalia.es\/wp-content\/uploads\/2021\/12\/calas-del-cuartel-300x99.jpg 300w, https:\/\/media.marinalia.es\/wp-content\/uploads\/2021\/12\/calas-del-cuartel-768x253.jpg 768w, https:\/\/media.marinalia.es\/wp-content\/uploads\/2021\/12\/calas-del-cuartel-1536x506.jpg 1536w, https:\/\/media.marinalia.es\/wp-content\/uploads\/2021\/12\/calas-del-cuartel-18x6.jpg 18w, https:\/\/media.marinalia.es\/wp-content\/uploads\/2021\/12\/calas-del-cuartel.jpg 1820w\" data-sizes=\"(max-width: 1024px) 100vw, 1024px\" src=\"data:image\/gif;base64,R0lGODlhAQABAAAAACH5BAEKAAEALAAAAAABAAEAAAICTAEAOw==\" style=\"--smush-placeholder-width: 1024px; --smush-placeholder-aspect-ratio: 1024\/338;\" \/>\n            <\/div>\n        <\/div><div class=\"eael-entry-wrapper\"><header class=\"eael-entry-header\"><h4 class=\"eael-entry-title\"><a class=\"eael-grid-post-link\" href=\"https:\/\/media.marinalia.es\/de\/blog\/calas-del-cuartel\/\" title=\"Calas del Cuartel, Santa Pola\">Calas del Cuartel, Santa Pola<\/a><\/h4><\/header><\/div><\/div>\n        <\/div>\n    <\/article><article class=\"eael-grid-post  eael-post-grid-column eael-pg-post-7959 category-playas-alicante\" data-id=\"7959\">\n        <div class=\"eael-grid-post-holder\">\n            <div class=\"eael-grid-post-holder-inner\"><div class=\"eael-entry-media\"><div class=\"eael-entry-overlay none\"><i class=\"\" aria-hidden=\"true\"><\/i><a href=\"https:\/\/media.marinalia.es\/de\/blog\/playa-lisa-santa-pola\/\"><\/a><\/div><div class=\"eael-entry-thumbnail eael-image-ratio\">\n                <img decoding=\"async\" width=\"1024\" height=\"323\" data-src=\"https:\/\/media.marinalia.es\/wp-content\/uploads\/2021\/12\/playa-lisa-santa-pola-1024x323.jpg\" class=\"attachment-large size-large wp-image-7985 lazyload\" alt=\"playa lisa santa pola\" data-srcset=\"https:\/\/media.marinalia.es\/wp-content\/uploads\/2021\/12\/playa-lisa-santa-pola-1024x323.jpg 1024w, https:\/\/media.marinalia.es\/wp-content\/uploads\/2021\/12\/playa-lisa-santa-pola-300x95.jpg 300w, https:\/\/media.marinalia.es\/wp-content\/uploads\/2021\/12\/playa-lisa-santa-pola-768x243.jpg 768w, https:\/\/media.marinalia.es\/wp-content\/uploads\/2021\/12\/playa-lisa-santa-pola-1536x485.jpg 1536w, https:\/\/media.marinalia.es\/wp-content\/uploads\/2021\/12\/playa-lisa-santa-pola-18x6.jpg 18w, https:\/\/media.marinalia.es\/wp-content\/uploads\/2021\/12\/playa-lisa-santa-pola.jpg 1900w\" data-sizes=\"(max-width: 1024px) 100vw, 1024px\" src=\"data:image\/gif;base64,R0lGODlhAQABAAAAACH5BAEKAAEALAAAAAABAAEAAAICTAEAOw==\" style=\"--smush-placeholder-width: 1024px; --smush-placeholder-aspect-ratio: 1024\/323;\" \/>\n            <\/div>\n        <\/div><div class=\"eael-entry-wrapper\"><header class=\"eael-entry-header\"><h4 class=\"eael-entry-title\"><a class=\"eael-grid-post-link\" href=\"https:\/\/media.marinalia.es\/de\/blog\/playa-lisa-santa-pola\/\" title=\"Playa Lisa, Santa Pola\">Playa Lisa, Santa Pola<\/a><\/h4><\/header><\/div><\/div>\n        <\/div>\n    <\/article><article class=\"eael-grid-post  eael-post-grid-column eael-pg-post-7895 category-playas-alicante\" data-id=\"7895\">\n        <div class=\"eael-grid-post-holder\">\n            <div class=\"eael-grid-post-holder-inner\"><div class=\"eael-entry-media\"><div class=\"eael-entry-overlay none\"><i class=\"\" aria-hidden=\"true\"><\/i><a href=\"https:\/\/media.marinalia.es\/de\/blog\/cala-del-tio-ximo\/\"><\/a><\/div><div class=\"eael-entry-thumbnail eael-image-ratio\">\n                <img decoding=\"async\" width=\"1024\" height=\"323\" data-src=\"https:\/\/media.marinalia.es\/wp-content\/uploads\/2021\/12\/cala-tio-ximo-1024x323.jpg\" class=\"attachment-large size-large wp-image-7925 lazyload\" alt=\"cala tio ximo\" data-srcset=\"https:\/\/media.marinalia.es\/wp-content\/uploads\/2021\/12\/cala-tio-ximo-1024x323.jpg 1024w, https:\/\/media.marinalia.es\/wp-content\/uploads\/2021\/12\/cala-tio-ximo-300x95.jpg 300w, https:\/\/media.marinalia.es\/wp-content\/uploads\/2021\/12\/cala-tio-ximo-768x243.jpg 768w, https:\/\/media.marinalia.es\/wp-content\/uploads\/2021\/12\/cala-tio-ximo-1536x485.jpg 1536w, https:\/\/media.marinalia.es\/wp-content\/uploads\/2021\/12\/cala-tio-ximo-18x6.jpg 18w, https:\/\/media.marinalia.es\/wp-content\/uploads\/2021\/12\/cala-tio-ximo.jpg 1900w\" data-sizes=\"(max-width: 1024px) 100vw, 1024px\" src=\"data:image\/gif;base64,R0lGODlhAQABAAAAACH5BAEKAAEALAAAAAABAAEAAAICTAEAOw==\" style=\"--smush-placeholder-width: 1024px; --smush-placeholder-aspect-ratio: 1024\/323;\" \/>\n            <\/div>\n        <\/div><div class=\"eael-entry-wrapper\"><header class=\"eael-entry-header\"><h4 class=\"eael-entry-title\"><a class=\"eael-grid-post-link\" href=\"https:\/\/media.marinalia.es\/de\/blog\/cala-del-tio-ximo\/\" title=\"Cala del T\u00edo Ximo, Benidorm\">Cala del T\u00edo Ximo, Benidorm<\/a><\/h4><\/header><\/div><\/div>\n        <\/div>\n    <\/article><article class=\"eael-grid-post  eael-post-grid-column eael-pg-post-7868 category-playas-alicante\" data-id=\"7868\">\n        <div class=\"eael-grid-post-holder\">\n            <div class=\"eael-grid-post-holder-inner\"><div class=\"eael-entry-media\"><div class=\"eael-entry-overlay none\"><i class=\"\" aria-hidden=\"true\"><\/i><a href=\"https:\/\/media.marinalia.es\/de\/blog\/playa-de-la-gran-playa\/\"><\/a><\/div><div class=\"eael-entry-thumbnail eael-image-ratio\">\n                <img decoding=\"async\" width=\"1024\" height=\"323\" data-src=\"https:\/\/media.marinalia.es\/wp-content\/uploads\/2021\/12\/playa-de-la-gran-playa-1024x323.jpg\" class=\"attachment-large size-large wp-image-7881 lazyload\" alt=\"playa de la gran playa\" data-srcset=\"https:\/\/media.marinalia.es\/wp-content\/uploads\/2021\/12\/playa-de-la-gran-playa-1024x323.jpg 1024w, https:\/\/media.marinalia.es\/wp-content\/uploads\/2021\/12\/playa-de-la-gran-playa-300x95.jpg 300w, https:\/\/media.marinalia.es\/wp-content\/uploads\/2021\/12\/playa-de-la-gran-playa-768x243.jpg 768w, https:\/\/media.marinalia.es\/wp-content\/uploads\/2021\/12\/playa-de-la-gran-playa-1536x485.jpg 1536w, https:\/\/media.marinalia.es\/wp-content\/uploads\/2021\/12\/playa-de-la-gran-playa-18x6.jpg 18w, https:\/\/media.marinalia.es\/wp-content\/uploads\/2021\/12\/playa-de-la-gran-playa.jpg 1900w\" data-sizes=\"(max-width: 1024px) 100vw, 1024px\" src=\"data:image\/gif;base64,R0lGODlhAQABAAAAACH5BAEKAAEALAAAAAABAAEAAAICTAEAOw==\" style=\"--smush-placeholder-width: 1024px; --smush-placeholder-aspect-ratio: 1024\/323;\" \/>\n            <\/div>\n        <\/div><div class=\"eael-entry-wrapper\"><header class=\"eael-entry-header\"><h4 class=\"eael-entry-title\"><a class=\"eael-grid-post-link\" href=\"https:\/\/media.marinalia.es\/de\/blog\/playa-de-la-gran-playa\/\" title=\"Playa de la Gran Playa, Santa Pola\">Playa de la Gran Playa, Santa Pola<\/a><\/h4><\/header><\/div><\/div>\n        <\/div>\n    <\/article><article class=\"eael-grid-post  eael-post-grid-column eael-pg-post-7853 category-playas-alicante\" data-id=\"7853\">\n        <div class=\"eael-grid-post-holder\">\n            <div class=\"eael-grid-post-holder-inner\"><div class=\"eael-entry-media\"><div class=\"eael-entry-overlay none\"><i class=\"\" aria-hidden=\"true\"><\/i><a href=\"https:\/\/media.marinalia.es\/de\/blog\/cala-del-mal-pas\/\"><\/a><\/div><div class=\"eael-entry-thumbnail eael-image-ratio\">\n                <img decoding=\"async\" width=\"1024\" height=\"323\" data-src=\"https:\/\/media.marinalia.es\/wp-content\/uploads\/2021\/12\/cala-del-mal-pas-1024x323.jpg\" class=\"attachment-large size-large wp-image-7862 lazyload\" alt=\"cala del mal pas\" data-srcset=\"https:\/\/media.marinalia.es\/wp-content\/uploads\/2021\/12\/cala-del-mal-pas-1024x323.jpg 1024w, https:\/\/media.marinalia.es\/wp-content\/uploads\/2021\/12\/cala-del-mal-pas-300x95.jpg 300w, https:\/\/media.marinalia.es\/wp-content\/uploads\/2021\/12\/cala-del-mal-pas-768x243.jpg 768w, https:\/\/media.marinalia.es\/wp-content\/uploads\/2021\/12\/cala-del-mal-pas-1536x485.jpg 1536w, https:\/\/media.marinalia.es\/wp-content\/uploads\/2021\/12\/cala-del-mal-pas-18x6.jpg 18w, https:\/\/media.marinalia.es\/wp-content\/uploads\/2021\/12\/cala-del-mal-pas.jpg 1900w\" data-sizes=\"(max-width: 1024px) 100vw, 1024px\" src=\"data:image\/gif;base64,R0lGODlhAQABAAAAACH5BAEKAAEALAAAAAABAAEAAAICTAEAOw==\" style=\"--smush-placeholder-width: 1024px; --smush-placeholder-aspect-ratio: 1024\/323;\" \/>\n            <\/div>\n        <\/div><div class=\"eael-entry-wrapper\"><header class=\"eael-entry-header\"><h4 class=\"eael-entry-title\"><a class=\"eael-grid-post-link\" href=\"https:\/\/media.marinalia.es\/de\/blog\/cala-del-mal-pas\/\" title=\"Cala del Mal Pas, Benidorm\">Cala del Mal Pas, Benidorm<\/a><\/h4><\/header><\/div><\/div>\n        <\/div>\n    <\/article><article class=\"eael-grid-post  eael-post-grid-column eael-pg-post-8204 category-playas-alicante\" data-id=\"8204\">\n        <div class=\"eael-grid-post-holder\">\n            <div class=\"eael-grid-post-holder-inner\"><div class=\"eael-entry-media\"><div class=\"eael-entry-overlay none\"><i class=\"\" aria-hidden=\"true\"><\/i><a href=\"https:\/\/media.marinalia.es\/de\/blog\/calas-de-santa-pola-del-este\/\"><\/a><\/div><div class=\"eael-entry-thumbnail eael-image-ratio\">\n                <img decoding=\"async\" width=\"1024\" height=\"338\" data-src=\"https:\/\/media.marinalia.es\/wp-content\/uploads\/2021\/12\/cala-de-santa-pola-del-este-santa-pola-1024x338.jpg\" class=\"attachment-large size-large wp-image-8213 lazyload\" alt=\"cala de santa pola del este santa pola\" data-srcset=\"https:\/\/media.marinalia.es\/wp-content\/uploads\/2021\/12\/cala-de-santa-pola-del-este-santa-pola-1024x338.jpg 1024w, https:\/\/media.marinalia.es\/wp-content\/uploads\/2021\/12\/cala-de-santa-pola-del-este-santa-pola-300x99.jpg 300w, https:\/\/media.marinalia.es\/wp-content\/uploads\/2021\/12\/cala-de-santa-pola-del-este-santa-pola-768x253.jpg 768w, https:\/\/media.marinalia.es\/wp-content\/uploads\/2021\/12\/cala-de-santa-pola-del-este-santa-pola-1536x506.jpg 1536w, https:\/\/media.marinalia.es\/wp-content\/uploads\/2021\/12\/cala-de-santa-pola-del-este-santa-pola-18x6.jpg 18w, https:\/\/media.marinalia.es\/wp-content\/uploads\/2021\/12\/cala-de-santa-pola-del-este-santa-pola.jpg 1820w\" data-sizes=\"(max-width: 1024px) 100vw, 1024px\" src=\"data:image\/gif;base64,R0lGODlhAQABAAAAACH5BAEKAAEALAAAAAABAAEAAAICTAEAOw==\" style=\"--smush-placeholder-width: 1024px; --smush-placeholder-aspect-ratio: 1024\/338;\" \/>\n            <\/div>\n        <\/div><div class=\"eael-entry-wrapper\"><header class=\"eael-entry-header\"><h4 class=\"eael-entry-title\"><a class=\"eael-grid-post-link\" href=\"https:\/\/media.marinalia.es\/de\/blog\/calas-de-santa-pola-del-este\/\" title=\"Calas de Santa Pola del Este\">Calas de Santa Pola del Este<\/a><\/h4><\/header><\/div><\/div>\n        <\/div>\n    <\/article><\/div>\n            <div class=\"clearfix\"><\/div>\n        <\/div>            <div class=\"eael-load-more-button-wrap eael-force-hide\">\n                <button class=\"eael-load-more-button\" id=\"eael-load-more-btn-1400114e\" data-widget-id=\"1400114e\" data-widget=\"1400114e\" data-page-id=\"7173\" data-template=\"{&quot;dir&quot;:&quot;lite&quot;,&quot;file_name&quot;:&quot;one.php&quot;,&quot;name&quot;:&quot;Post-Grid&quot;}\" data-class=\"Essential_Addons_Elementor\\Elements\\Post_Grid\" data-layout=\"grid\" data-page=\"1\" data-args=\"orderby=date&amp;order=desc&amp;ignore_sticky_posts=1&amp;post_status=publish&amp;posts_per_page=6&amp;offset=0&amp;post_type=post&amp;tax_query%5B0%5D%5Btaxonomy%5D=category&amp;tax_query%5B0%5D%5Bfield%5D=term_id&amp;tax_query%5B0%5D%5Bterms%5D%5B0%5D=5&amp;tax_query%5Brelation%5D=AND\" data-max-page=\"12\">\n                    <span class=\"eael-btn-loader button__loader\"><\/span>\n                    <span class=\"eael_load_more_text\">Cargar m\u00e1s<\/span>\n                <\/button>\n            <\/div>\n            \t\t\t\t<\/div>\n\t\t\t\t\t<\/div>\n\t\t<\/div>\n\t\t\t\t\t<\/div>\n\t\t<\/section>\n\t\t\t\t<\/div>","protected":false},"excerpt":{"rendered":"<p>La Playa de las Mil Palmeras, situada en el municipio de Pilar de la Horadada en la provincia de Alicante, es uno de los destinos m\u00e1s encantadores y accesibles de la Costa Blanca. Con su amplia franja de arena dorada y sus aguas cristalinas, esta playa ofrece un entorno id\u00f3neo para el descanso y el [&hellip;]<\/p>\n","protected":false},"author":1,"featured_media":7198,"comment_status":"closed","ping_status":"closed","sticky":false,"template":"","format":"standard","meta":{"site-sidebar-layout":"default","site-content-layout":"","ast-site-content-layout":"default","site-content-style":"default","site-sidebar-style":"default","ast-global-header-display":"","ast-banner-title-visibility":"","ast-main-header-display":"","ast-hfb-above-header-display":"","ast-hfb-below-header-display":"","ast-hfb-mobile-header-display":"","site-post-title":"","ast-breadcrumbs-content":"","ast-featured-img":"","footer-sml-layout":"","ast-disable-related-posts":"","theme-transparent-header-meta":"default","adv-header-id-meta":"","stick-header-meta":"","header-above-stick-meta":"","header-main-stick-meta":"","header-below-stick-meta":"","astra-migrate-meta-layouts":"set","ast-page-background-enabled":"default","ast-page-background-meta":{"desktop":{"background-color":"var(--ast-global-color-4)","background-image":"","background-repeat":"repeat","background-position":"center center","background-size":"auto","background-attachment":"scroll","background-type":"","background-media":"","overlay-type":"","overlay-color":"","overlay-opacity":"","overlay-gradient":""},"tablet":{"background-color":"","background-image":"","background-repeat":"repeat","background-position":"center center","background-size":"auto","background-attachment":"scroll","background-type":"","background-media":"","overlay-type":"","overlay-color":"","overlay-opacity":"","overlay-gradient":""},"mobile":{"background-color":"","background-image":"","background-repeat":"repeat","background-position":"center center","background-size":"auto","background-attachment":"scroll","background-type":"","background-media":"","overlay-type":"","overlay-color":"","overlay-opacity":"","overlay-gradient":""}},"ast-content-background-meta":{"desktop":{"background-color":"var(--ast-global-color-5)","background-image":"","background-repeat":"repeat","background-position":"center center","background-size":"auto","background-attachment":"scroll","background-type":"","background-media":"","overlay-type":"","overlay-color":"","overlay-opacity":"","overlay-gradient":""},"tablet":{"background-color":"var(--ast-global-color-5)","background-image":"","background-repeat":"repeat","background-position":"center center","background-size":"auto","background-attachment":"scroll","background-type":"","background-media":"","overlay-type":"","overlay-color":"","overlay-opacity":"","overlay-gradient":""},"mobile":{"background-color":"var(--ast-global-color-5)","background-image":"","background-repeat":"repeat","background-position":"center center","background-size":"auto","background-attachment":"scroll","background-type":"","background-media":"","overlay-type":"","overlay-color":"","overlay-opacity":"","overlay-gradient":""}},"_joinchat":[],"footnotes":""},"categories":[5],"tags":[],"class_list":["post-7173","post","type-post","status-publish","format-standard","has-post-thumbnail","hentry","category-playas-alicante"],"_links":{"self":[{"href":"https:\/\/media.marinalia.es\/de\/wp-json\/wp\/v2\/posts\/7173","targetHints":{"allow":["GET"]}}],"collection":[{"href":"https:\/\/media.marinalia.es\/de\/wp-json\/wp\/v2\/posts"}],"about":[{"href":"https:\/\/media.marinalia.es\/de\/wp-json\/wp\/v2\/types\/post"}],"author":[{"embeddable":true,"href":"https:\/\/media.marinalia.es\/de\/wp-json\/wp\/v2\/users\/1"}],"replies":[{"embeddable":true,"href":"https:\/\/media.marinalia.es\/de\/wp-json\/wp\/v2\/comments?post=7173"}],"version-history":[{"count":0,"href":"https:\/\/media.marinalia.es\/de\/wp-json\/wp\/v2\/posts\/7173\/revisions"}],"wp:featuredmedia":[{"embeddable":true,"href":"https:\/\/media.marinalia.es\/de\/wp-json\/wp\/v2\/media\/7198"}],"wp:attachment":[{"href":"https:\/\/media.marinalia.es\/de\/wp-json\/wp\/v2\/media?parent=7173"}],"wp:term":[{"taxonomy":"category","embeddable":true,"href":"https:\/\/media.marinalia.es\/de\/wp-json\/wp\/v2\/categories?post=7173"},{"taxonomy":"post_tag","embeddable":true,"href":"https:\/\/media.marinalia.es\/de\/wp-json\/wp\/v2\/tags?post=7173"}],"curies":[{"name":"wp","href":"https:\/\/api.w.org\/{rel}","templated":true}]}}