{"id":6326,"date":"2024-01-16T11:52:14","date_gmt":"2024-01-16T10:52:14","guid":{"rendered":"https:\/\/media.marinalia.es\/?p=6326"},"modified":"2024-06-14T17:57:12","modified_gmt":"2024-06-14T16:57:12","slug":"mejores-sitios-para-visitar-javea-verano","status":"publish","type":"post","link":"https:\/\/media.marinalia.es\/de\/blog\/mejores-sitios-para-visitar-javea-verano\/","title":{"rendered":"Los 5 mejores sitios para visitar en J\u00e1vea en verano"},"content":{"rendered":"\t\t<div data-elementor-type=\"wp-post\" data-elementor-id=\"6326\" class=\"elementor elementor-6326\">\n\t\t\t\t\t\t<section class=\"elementor-section elementor-top-section elementor-element elementor-element-764df01 elementor-section-boxed elementor-section-height-default elementor-section-height-default\" data-id=\"764df01\" data-element_type=\"section\" data-e-type=\"section\">\n\t\t\t\t\t\t<div class=\"elementor-container elementor-column-gap-default\">\n\t\t\t\t\t<div class=\"elementor-column elementor-col-100 elementor-top-column elementor-element elementor-element-5f1ef39\" data-id=\"5f1ef39\" data-element_type=\"column\" data-e-type=\"column\">\n\t\t\t<div class=\"elementor-widget-wrap elementor-element-populated\">\n\t\t\t\t\t\t<div class=\"elementor-element elementor-element-4563a40 elementor-widget elementor-widget-text-editor\" data-id=\"4563a40\" data-element_type=\"widget\" data-e-type=\"widget\" data-widget_type=\"text-editor.default\">\n\t\t\t\t\t\t\t\t\t<p>J\u00e1vea, situada en la Costa Blanca de Espa\u00f1a, es una mezcla fascinante de playas id\u00edlicas, patrimonio hist\u00f3rico y maravillas naturales. Si est\u00e1s planeando visitar esta joya del Mediterr\u00e1neo, aqu\u00ed tienes una gu\u00eda de los 5 mejores sitios que no puedes perderte.<\/p>\t\t\t\t\t\t\t\t<\/div>\n\t\t\t\t\t<\/div>\n\t\t<\/div>\n\t\t\t\t\t<\/div>\n\t\t<\/section>\n\t\t\t\t<section class=\"elementor-section elementor-top-section elementor-element elementor-element-ee544c0 elementor-section-boxed elementor-section-height-default elementor-section-height-default\" data-id=\"ee544c0\" data-element_type=\"section\" data-e-type=\"section\">\n\t\t\t\t\t\t<div class=\"elementor-container elementor-column-gap-default\">\n\t\t\t\t\t<div class=\"elementor-column elementor-col-100 elementor-top-column elementor-element elementor-element-3197bdd\" data-id=\"3197bdd\" data-element_type=\"column\" data-e-type=\"column\">\n\t\t\t<div class=\"elementor-widget-wrap elementor-element-populated\">\n\t\t\t\t\t\t<div class=\"elementor-element elementor-element-ea7bdb5 elementor-widget elementor-widget-heading\" data-id=\"ea7bdb5\" data-element_type=\"widget\" data-e-type=\"widget\" data-widget_type=\"heading.default\">\n\t\t\t\t\t<h2 class=\"elementor-heading-title elementor-size-default\">1. Playa del Arenal: Un para\u00edso para todas las edades<\/h2>\t\t\t\t<\/div>\n\t\t\t\t<div class=\"elementor-element elementor-element-e70fea7 elementor-widget elementor-widget-text-editor\" data-id=\"e70fea7\" data-element_type=\"widget\" data-e-type=\"widget\" data-widget_type=\"text-editor.default\">\n\t\t\t\t\t\t\t\t\t<p>La Playa del Arenal es el centro de la vida veraniega en J\u00e1vea, desde donde sales las <a href=\"https:\/\/marinalia.es\/144-excursiones-moto-agua?comunidad-valenciana=actividades-en-javea\" target=\"_blank\" rel=\"noopener\">excursiones en motos de agua en J\u00e1vea<\/a>. Esta playa de arena fina y suave es ideal para familias, grupos de amigos y parejas. Con aguas poco profundas y tranquilas, es perfecta para nadar y para que los ni\u00f1os jueguen con seguridad. Alrededor de la Playa del Arenal, encontrar\u00e1s un animado paseo mar\u00edtimo repleto de restaurantes, bares, tiendas y las mejores <a href=\"https:\/\/marinalia.es\/174-playa-arenal\" target=\"_blank\" rel=\"noopener\">actividades en el Arenal<\/a>.<\/p>\t\t\t\t\t\t\t\t<\/div>\n\t\t\t\t\t<\/div>\n\t\t<\/div>\n\t\t\t\t\t<\/div>\n\t\t<\/section>\n\t\t\t\t<section class=\"elementor-section elementor-top-section elementor-element elementor-element-e85957f elementor-section-boxed elementor-section-height-default elementor-section-height-default\" data-id=\"e85957f\" data-element_type=\"section\" data-e-type=\"section\">\n\t\t\t\t\t\t<div class=\"elementor-container elementor-column-gap-default\">\n\t\t\t\t\t<div class=\"elementor-column elementor-col-100 elementor-top-column elementor-element elementor-element-3b885ad\" data-id=\"3b885ad\" data-element_type=\"column\" data-e-type=\"column\">\n\t\t\t<div class=\"elementor-widget-wrap elementor-element-populated\">\n\t\t\t\t\t\t<div class=\"elementor-element elementor-element-6fd2336 elementor-widget elementor-widget-image\" data-id=\"6fd2336\" data-element_type=\"widget\" data-e-type=\"widget\" data-widget_type=\"image.default\">\n\t\t\t\t\t\t\t\t\t\t\t\t\t\t\t\t<a href=\"https:\/\/marinalia.es\/deporte-y-aventura\/deportes-acuaticos\/buceo-y-snorkel\/998-2565-speed-tour-cala-granadella-javea.html\" target=\"_blank\" rel=\"noopener\">\n\t\t\t\t\t\t\t<img fetchpriority=\"high\" decoding=\"async\" width=\"352\" height=\"410\" src=\"https:\/\/media.marinalia.es\/wp-content\/uploads\/2024\/01\/barco-arenal.jpg\" class=\"attachment-large size-large wp-image-6333\" alt=\"barco arenal\" srcset=\"https:\/\/media.marinalia.es\/wp-content\/uploads\/2024\/01\/barco-arenal.jpg 352w, https:\/\/media.marinalia.es\/wp-content\/uploads\/2024\/01\/barco-arenal-258x300.jpg 258w\" sizes=\"(max-width: 352px) 100vw, 352px\" \/>\t\t\t\t\t\t\t\t<\/a>\n\t\t\t\t\t\t\t\t\t\t\t\t\t\t\t<\/div>\n\t\t\t\t\t<\/div>\n\t\t<\/div>\n\t\t\t\t\t<\/div>\n\t\t<\/section>\n\t\t\t\t<section class=\"elementor-section elementor-top-section elementor-element elementor-element-811f08e elementor-section-boxed elementor-section-height-default elementor-section-height-default\" data-id=\"811f08e\" data-element_type=\"section\" data-e-type=\"section\">\n\t\t\t\t\t\t<div class=\"elementor-container elementor-column-gap-default\">\n\t\t\t\t\t<div class=\"elementor-column elementor-col-100 elementor-top-column elementor-element elementor-element-f3cbca6\" data-id=\"f3cbca6\" data-element_type=\"column\" data-e-type=\"column\">\n\t\t\t<div class=\"elementor-widget-wrap elementor-element-populated\">\n\t\t\t\t\t\t<div class=\"elementor-element elementor-element-593b1d2 elementor-widget elementor-widget-heading\" data-id=\"593b1d2\" data-element_type=\"widget\" data-e-type=\"widget\" data-widget_type=\"heading.default\">\n\t\t\t\t\t<h3 class=\"elementor-heading-title elementor-size-default\">2. El Parque Natural del Montg\u00f3: Un reto para los aventureros<\/h3>\t\t\t\t<\/div>\n\t\t\t\t<div class=\"elementor-element elementor-element-81d5f22 elementor-widget elementor-widget-text-editor\" data-id=\"81d5f22\" data-element_type=\"widget\" data-e-type=\"widget\" data-widget_type=\"text-editor.default\">\n\t\t\t\t\t\t\t\t\t<p>El Montg\u00f3 no solo domina el paisaje de J\u00e1vea, sino que tambi\u00e9n ofrece una aventura natural inolvidable. Con rutas de senderismo para todos los niveles, los visitantes pueden explorar este parque natural y disfrutar de vistas panor\u00e1micas de la costa y los pueblos vecinos. Este parque es un para\u00edso para los amantes de la naturaleza, con una rica biodiversidad de flora y fauna.<\/p>\t\t\t\t\t\t\t\t<\/div>\n\t\t\t\t<div class=\"elementor-element elementor-element-bbfda2b elementor-widget elementor-widget-spacer\" data-id=\"bbfda2b\" data-element_type=\"widget\" data-e-type=\"widget\" data-widget_type=\"spacer.default\">\n\t\t\t\t\t\t\t<div class=\"elementor-spacer\">\n\t\t\t<div class=\"elementor-spacer-inner\"><\/div>\n\t\t<\/div>\n\t\t\t\t\t\t<\/div>\n\t\t\t\t\t<\/div>\n\t\t<\/div>\n\t\t\t\t\t<\/div>\n\t\t<\/section>\n\t\t\t\t<section class=\"elementor-section elementor-top-section elementor-element elementor-element-15ab3c39 elementor-section-boxed elementor-section-height-default elementor-section-height-default\" data-id=\"15ab3c39\" data-element_type=\"section\" data-e-type=\"section\" data-settings=\"{&quot;background_background&quot;:&quot;classic&quot;}\">\n\t\t\t\t\t\t<div class=\"elementor-container elementor-column-gap-default\">\n\t\t\t\t\t<div class=\"elementor-column elementor-col-100 elementor-top-column elementor-element elementor-element-3b341eb0\" data-id=\"3b341eb0\" data-element_type=\"column\" data-e-type=\"column\">\n\t\t\t<div class=\"elementor-widget-wrap elementor-element-populated\">\n\t\t\t\t\t\t<div class=\"elementor-element elementor-element-35b1c2ca elementor-author-box--layout-image-above elementor-author-box--align-center elementor-widget elementor-widget-author-box\" data-id=\"35b1c2ca\" data-element_type=\"widget\" data-e-type=\"widget\" data-widget_type=\"author-box.default\">\n\t\t\t\t<div class=\"elementor-widget-container\">\n\t\t\t\t\t\t\t<div class=\"elementor-author-box\">\n\t\t\t\t\t\t\t<div  class=\"elementor-author-box__avatar\">\n\t\t\t\t\t<img decoding=\"async\" data-src=\"https:\/\/media.marinalia.es\/wp-content\/uploads\/2021\/12\/Imagen-de-perfil-para-redes-sociales-minimalista-con-playa-azul-y-naranja-1.png\" alt=\"Silvia Guti\u00e9rrez\" src=\"data:image\/gif;base64,R0lGODlhAQABAAAAACH5BAEKAAEALAAAAAABAAEAAAICTAEAOw==\" class=\"lazyload\" style=\"--smush-placeholder-width: 288px; --smush-placeholder-aspect-ratio: 288\/288;\">\n\t\t\t\t<\/div>\n\t\t\t\n\t\t\t<div class=\"elementor-author-box__text\">\n\t\t\t\t\t\t\t\t\t<div >\n\t\t\t\t\t\t<span class=\"elementor-author-box__name\">\n\t\t\t\t\t\t\tSilvia Guti\u00e9rrez\t\t\t\t\t\t<\/span>\n\t\t\t\t\t<\/div>\n\t\t\t\t\n\t\t\t\t\n\t\t\t\t\t\t\t<\/div>\n\t\t<\/div>\n\t\t\t\t\t\t<\/div>\n\t\t\t\t<\/div>\n\t\t\t\t<section class=\"elementor-section elementor-inner-section elementor-element elementor-element-51e4a5bb elementor-section-boxed elementor-section-height-default elementor-section-height-default\" data-id=\"51e4a5bb\" data-element_type=\"section\" data-e-type=\"section\">\n\t\t\t\t\t\t<div class=\"elementor-container elementor-column-gap-default\">\n\t\t\t\t\t<div class=\"elementor-column elementor-col-33 elementor-inner-column elementor-element elementor-element-3442b2c5\" data-id=\"3442b2c5\" data-element_type=\"column\" data-e-type=\"column\">\n\t\t\t<div class=\"elementor-widget-wrap\">\n\t\t\t\t\t\t\t<\/div>\n\t\t<\/div>\n\t\t\t\t<div class=\"elementor-column elementor-col-33 elementor-inner-column elementor-element elementor-element-63a1ac69\" data-id=\"63a1ac69\" data-element_type=\"column\" data-e-type=\"column\">\n\t\t\t<div class=\"elementor-widget-wrap elementor-element-populated\">\n\t\t\t\t\t\t<div class=\"elementor-element elementor-element-4a1970a4 elementor-widget elementor-widget-heading\" data-id=\"4a1970a4\" data-element_type=\"widget\" data-e-type=\"widget\" data-widget_type=\"heading.default\">\n\t\t\t\t\t<div class=\"elementor-heading-title elementor-size-default\">\u00bfQuieres saber qu\u00e9 actividades puedes hacer en esta zona?<\/div>\t\t\t\t<\/div>\n\t\t\t\t<div class=\"elementor-element elementor-element-7f957c2f elementor-align-center elementor-widget elementor-widget-button\" data-id=\"7f957c2f\" data-element_type=\"widget\" data-e-type=\"widget\" data-widget_type=\"button.default\">\n\t\t\t\t\t\t\t\t\t\t<a class=\"elementor-button elementor-button-link elementor-size-sm\" href=\"https:\/\/wa.me\/34694467126\/?text=Hola%21%20Quiero%20saber%20qu%C3%A9%20actividades%20puedo%20hacer%20en\" target=\"_blank\" rel=\"noopener\">\n\t\t\t\t\t\t<span class=\"elementor-button-content-wrapper\">\n\t\t\t\t\t\t<span class=\"elementor-button-icon\">\n\t\t\t\t<svg aria-hidden=\"true\" class=\"e-font-icon-svg e-fab-whatsapp\" viewBox=\"0 0 448 512\" xmlns=\"http:\/\/www.w3.org\/2000\/svg\"><path d=\"M380.9 97.1C339 55.1 283.2 32 223.9 32c-122.4 0-222 99.6-222 222 0 39.1 10.2 77.3 29.6 111L0 480l117.7-30.9c32.4 17.7 68.9 27 106.1 27h.1c122.3 0 224.1-99.6 224.1-222 0-59.3-25.2-115-67.1-157zm-157 341.6c-33.2 0-65.7-8.9-94-25.7l-6.7-4-69.8 18.3L72 359.2l-4.4-7c-18.5-29.4-28.2-63.3-28.2-98.2 0-101.7 82.8-184.5 184.6-184.5 49.3 0 95.6 19.2 130.4 54.1 34.8 34.9 56.2 81.2 56.1 130.5 0 101.8-84.9 184.6-186.6 184.6zm101.2-138.2c-5.5-2.8-32.8-16.2-37.9-18-5.1-1.9-8.8-2.8-12.5 2.8-3.7 5.6-14.3 18-17.6 21.8-3.2 3.7-6.5 4.2-12 1.4-32.6-16.3-54-29.1-75.5-66-5.7-9.8 5.7-9.1 16.3-30.3 1.8-3.7.9-6.9-.5-9.7-1.4-2.8-12.5-30.1-17.1-41.2-4.5-10.8-9.1-9.3-12.5-9.5-3.2-.2-6.9-.2-10.6-.2-3.7 0-9.7 1.4-14.8 6.9-5.1 5.6-19.4 19-19.4 46.3 0 27.3 19.9 53.7 22.6 57.4 2.8 3.7 39.1 59.7 94.8 83.8 35.2 15.2 49 16.5 66.6 13.9 10.7-1.6 32.8-13.4 37.4-26.4 4.6-13 4.6-24.1 3.2-26.4-1.3-2.5-5-3.9-10.5-6.6z\"><\/path><\/svg>\t\t\t<\/span>\n\t\t\t\t\t\t\t\t\t<span class=\"elementor-button-text\">\u00a1Env\u00edanos un WhatsApp!<\/span>\n\t\t\t\t\t<\/span>\n\t\t\t\t\t<\/a>\n\t\t\t\t\t\t\t\t<\/div>\n\t\t\t\t\t<\/div>\n\t\t<\/div>\n\t\t\t\t<div class=\"elementor-column elementor-col-33 elementor-inner-column elementor-element elementor-element-1f542cae\" data-id=\"1f542cae\" data-element_type=\"column\" data-e-type=\"column\">\n\t\t\t<div class=\"elementor-widget-wrap\">\n\t\t\t\t\t\t\t<\/div>\n\t\t<\/div>\n\t\t\t\t\t<\/div>\n\t\t<\/section>\n\t\t\t\t\t<\/div>\n\t\t<\/div>\n\t\t\t\t\t<\/div>\n\t\t<\/section>\n\t\t\t\t<section class=\"elementor-section elementor-top-section elementor-element elementor-element-9d531f8 elementor-section-boxed elementor-section-height-default elementor-section-height-default\" data-id=\"9d531f8\" data-element_type=\"section\" data-e-type=\"section\">\n\t\t\t\t\t\t<div class=\"elementor-container elementor-column-gap-default\">\n\t\t\t\t\t<div class=\"elementor-column elementor-col-100 elementor-top-column elementor-element elementor-element-12d25e5\" data-id=\"12d25e5\" data-element_type=\"column\" data-e-type=\"column\">\n\t\t\t<div class=\"elementor-widget-wrap elementor-element-populated\">\n\t\t\t\t\t\t<div class=\"elementor-element elementor-element-747a155 elementor-widget elementor-widget-heading\" data-id=\"747a155\" data-element_type=\"widget\" data-e-type=\"widget\" data-widget_type=\"heading.default\">\n\t\t\t\t\t<h3 class=\"elementor-heading-title elementor-size-default\">3. El casco antiguo de J\u00e1vea: Un paseo por la historia<\/h3>\t\t\t\t<\/div>\n\t\t\t\t<div class=\"elementor-element elementor-element-1b4d294 elementor-widget elementor-widget-text-editor\" data-id=\"1b4d294\" data-element_type=\"widget\" data-e-type=\"widget\" data-widget_type=\"text-editor.default\">\n\t\t\t\t\t\t\t\t\t<p>Caminar por el casco antiguo de J\u00e1vea es sumergirse en la historia. Con sus edificios de piedra arenisca y calles estrechas, esta \u00e1rea conserva el encanto de siglos pasados. La Iglesia de San Bartolom\u00e9 y el Mercado Municipal son puntos destacados que reflejan la rica historia de la localidad.<\/p>\t\t\t\t\t\t\t\t<\/div>\n\t\t\t\t<div class=\"elementor-element elementor-element-5198430 elementor-widget elementor-widget-spacer\" data-id=\"5198430\" data-element_type=\"widget\" data-e-type=\"widget\" data-widget_type=\"spacer.default\">\n\t\t\t\t\t\t\t<div class=\"elementor-spacer\">\n\t\t\t<div class=\"elementor-spacer-inner\"><\/div>\n\t\t<\/div>\n\t\t\t\t\t\t<\/div>\n\t\t\t\t\t<\/div>\n\t\t<\/div>\n\t\t\t\t\t<\/div>\n\t\t<\/section>\n\t\t\t\t<section class=\"elementor-section elementor-top-section elementor-element elementor-element-f34f728 elementor-section-boxed elementor-section-height-default elementor-section-height-default\" data-id=\"f34f728\" data-element_type=\"section\" data-e-type=\"section\">\n\t\t\t\t\t\t<div class=\"elementor-container elementor-column-gap-default\">\n\t\t\t\t\t<div class=\"elementor-column elementor-col-100 elementor-top-column elementor-element elementor-element-ceb9a03\" data-id=\"ceb9a03\" data-element_type=\"column\" data-e-type=\"column\">\n\t\t\t<div class=\"elementor-widget-wrap elementor-element-populated\">\n\t\t\t\t\t\t<div class=\"elementor-element elementor-element-0598d67 elementor-widget elementor-widget-heading\" data-id=\"0598d67\" data-element_type=\"widget\" data-e-type=\"widget\" data-widget_type=\"heading.default\">\n\t\t\t\t\t<h3 class=\"elementor-heading-title elementor-size-default\">4. La Cala Granadella: Un rinc\u00f3n de paz y belleza natural<\/h3>\t\t\t\t<\/div>\n\t\t\t\t<div class=\"elementor-element elementor-element-ca267c0 elementor-widget elementor-widget-text-editor\" data-id=\"ca267c0\" data-element_type=\"widget\" data-e-type=\"widget\" data-widget_type=\"text-editor.default\">\n\t\t\t\t\t\t\t\t\t<p>La Cala Granadella, galardonada como una de las mejores playas de Espa\u00f1a, es un peque\u00f1o para\u00edso rodeado de acantilados y pinos. Sus aguas cristalinas son ideales para el buceo y el snorkel. Adem\u00e1s, es un lugar perfecto para relajarse y disfrutar de la tranquilidad y el sonido del mar.<\/p>\t\t\t\t\t\t\t\t<\/div>\n\t\t\t\t\t<\/div>\n\t\t<\/div>\n\t\t\t\t\t<\/div>\n\t\t<\/section>\n\t\t\t\t<section class=\"elementor-section elementor-top-section elementor-element elementor-element-3523d74 elementor-section-boxed elementor-section-height-default elementor-section-height-default\" data-id=\"3523d74\" data-element_type=\"section\" data-e-type=\"section\">\n\t\t\t\t\t\t<div class=\"elementor-container elementor-column-gap-default\">\n\t\t\t\t\t<div class=\"elementor-column elementor-col-50 elementor-top-column elementor-element elementor-element-afa0577\" data-id=\"afa0577\" data-element_type=\"column\" data-e-type=\"column\">\n\t\t\t<div class=\"elementor-widget-wrap elementor-element-populated\">\n\t\t\t\t\t\t<div class=\"elementor-element elementor-element-ed52176 elementor-widget elementor-widget-image\" data-id=\"ed52176\" data-element_type=\"widget\" data-e-type=\"widget\" data-widget_type=\"image.default\">\n\t\t\t\t\t\t\t\t\t\t\t\t\t\t\t\t<a href=\"https:\/\/marinalia.es\/deporte-y-aventura\/excursiones-en-el-mar\/excursiones-en-kayak\/978-2216-excursion-kayak-cala-en-calo-javea.html\" target=\"_blank\" rel=\"noopener\">\n\t\t\t\t\t\t\t<img decoding=\"async\" width=\"362\" height=\"410\" data-src=\"https:\/\/media.marinalia.es\/wp-content\/uploads\/2024\/01\/kayak-calo.jpg\" class=\"attachment-large size-large wp-image-6334 lazyload\" alt=\"kayak calo\" data-srcset=\"https:\/\/media.marinalia.es\/wp-content\/uploads\/2024\/01\/kayak-calo.jpg 362w, https:\/\/media.marinalia.es\/wp-content\/uploads\/2024\/01\/kayak-calo-265x300.jpg 265w\" data-sizes=\"(max-width: 362px) 100vw, 362px\" src=\"data:image\/gif;base64,R0lGODlhAQABAAAAACH5BAEKAAEALAAAAAABAAEAAAICTAEAOw==\" style=\"--smush-placeholder-width: 362px; --smush-placeholder-aspect-ratio: 362\/410;\" \/>\t\t\t\t\t\t\t\t<\/a>\n\t\t\t\t\t\t\t\t\t\t\t\t\t\t\t<\/div>\n\t\t\t\t\t<\/div>\n\t\t<\/div>\n\t\t\t\t<div class=\"elementor-column elementor-col-50 elementor-top-column elementor-element elementor-element-803ed16\" data-id=\"803ed16\" data-element_type=\"column\" data-e-type=\"column\">\n\t\t\t<div class=\"elementor-widget-wrap elementor-element-populated\">\n\t\t\t\t\t\t<div class=\"elementor-element elementor-element-31f8cfc elementor-widget elementor-widget-image\" data-id=\"31f8cfc\" data-element_type=\"widget\" data-e-type=\"widget\" data-widget_type=\"image.default\">\n\t\t\t\t\t\t\t\t\t\t\t\t\t\t\t\t<a href=\"https:\/\/marinalia.es\/deporte-y-aventura\/excursiones-en-el-mar\/excursiones-en-barco\/641-3553-excusion-en-barco-granadella-javea.html\" target=\"_blank\" rel=\"noopener\">\n\t\t\t\t\t\t\t<img decoding=\"async\" width=\"356\" height=\"412\" data-src=\"https:\/\/media.marinalia.es\/wp-content\/uploads\/2024\/01\/barco-granadella.jpg\" class=\"attachment-large size-large wp-image-6335 lazyload\" alt=\"barco granadella\" data-srcset=\"https:\/\/media.marinalia.es\/wp-content\/uploads\/2024\/01\/barco-granadella.jpg 356w, https:\/\/media.marinalia.es\/wp-content\/uploads\/2024\/01\/barco-granadella-259x300.jpg 259w\" data-sizes=\"(max-width: 356px) 100vw, 356px\" src=\"data:image\/gif;base64,R0lGODlhAQABAAAAACH5BAEKAAEALAAAAAABAAEAAAICTAEAOw==\" style=\"--smush-placeholder-width: 356px; --smush-placeholder-aspect-ratio: 356\/412;\" \/>\t\t\t\t\t\t\t\t<\/a>\n\t\t\t\t\t\t\t\t\t\t\t\t\t\t\t<\/div>\n\t\t\t\t\t<\/div>\n\t\t<\/div>\n\t\t\t\t\t<\/div>\n\t\t<\/section>\n\t\t\t\t<section class=\"elementor-section elementor-top-section elementor-element elementor-element-832e415 elementor-section-boxed elementor-section-height-default elementor-section-height-default\" data-id=\"832e415\" data-element_type=\"section\" data-e-type=\"section\">\n\t\t\t\t\t\t<div class=\"elementor-container elementor-column-gap-default\">\n\t\t\t\t\t<div class=\"elementor-column elementor-col-100 elementor-top-column elementor-element elementor-element-27e9e71\" data-id=\"27e9e71\" data-element_type=\"column\" data-e-type=\"column\">\n\t\t\t<div class=\"elementor-widget-wrap elementor-element-populated\">\n\t\t\t\t\t\t<div class=\"elementor-element elementor-element-c0d60d6 elementor-widget elementor-widget-spacer\" data-id=\"c0d60d6\" data-element_type=\"widget\" data-e-type=\"widget\" data-widget_type=\"spacer.default\">\n\t\t\t\t\t\t\t<div class=\"elementor-spacer\">\n\t\t\t<div class=\"elementor-spacer-inner\"><\/div>\n\t\t<\/div>\n\t\t\t\t\t\t<\/div>\n\t\t\t\t\t<\/div>\n\t\t<\/div>\n\t\t\t\t\t<\/div>\n\t\t<\/section>\n\t\t\t\t<section class=\"elementor-section elementor-top-section elementor-element elementor-element-65f84d9 elementor-section-boxed elementor-section-height-default elementor-section-height-default\" data-id=\"65f84d9\" data-element_type=\"section\" data-e-type=\"section\">\n\t\t\t\t\t\t<div class=\"elementor-container elementor-column-gap-default\">\n\t\t\t\t\t<div class=\"elementor-column elementor-col-100 elementor-top-column elementor-element elementor-element-26b138e\" data-id=\"26b138e\" data-element_type=\"column\" data-e-type=\"column\">\n\t\t\t<div class=\"elementor-widget-wrap elementor-element-populated\">\n\t\t\t\t\t\t<div class=\"elementor-element elementor-element-df7ba13 elementor-widget elementor-widget-heading\" data-id=\"df7ba13\" data-element_type=\"widget\" data-e-type=\"widget\" data-widget_type=\"heading.default\">\n\t\t\t\t\t<h3 class=\"elementor-heading-title elementor-size-default\">5. El Cabo de la Nao: Un mirador al Mediterr\u00e1neo<\/h3>\t\t\t\t<\/div>\n\t\t\t\t<div class=\"elementor-element elementor-element-cccc7c6 elementor-widget elementor-widget-text-editor\" data-id=\"cccc7c6\" data-element_type=\"widget\" data-e-type=\"widget\" data-widget_type=\"text-editor.default\">\n\t\t\t\t\t\t\t\t\t<p>El Cabo de la Nao, situado en el punto m\u00e1s oriental de la pen\u00ednsula ib\u00e9rica, es famoso por sus impresionantes acantilados y vistas panor\u00e1micas del Mediterr\u00e1neo. Es un lugar ideal para la fotograf\u00eda, especialmente durante los amaneceres y atardeceres.<\/p>\t\t\t\t\t\t\t\t<\/div>\n\t\t\t\t\t<\/div>\n\t\t<\/div>\n\t\t\t\t\t<\/div>\n\t\t<\/section>\n\t\t\t\t<section class=\"elementor-section elementor-top-section elementor-element elementor-element-ab0937c elementor-section-boxed elementor-section-height-default elementor-section-height-default\" data-id=\"ab0937c\" data-element_type=\"section\" data-e-type=\"section\">\n\t\t\t\t\t\t<div class=\"elementor-container elementor-column-gap-default\">\n\t\t\t\t\t<div class=\"elementor-column elementor-col-100 elementor-top-column elementor-element elementor-element-1d5000c\" data-id=\"1d5000c\" data-element_type=\"column\" data-e-type=\"column\">\n\t\t\t<div class=\"elementor-widget-wrap elementor-element-populated\">\n\t\t\t\t\t\t<div class=\"elementor-element elementor-element-a204642 elementor-widget elementor-widget-heading\" data-id=\"a204642\" data-element_type=\"widget\" data-e-type=\"widget\" data-widget_type=\"heading.default\">\n\t\t\t\t\t<h3 class=\"elementor-heading-title elementor-size-default\">Actividades en J\u00e1vea: Diversi\u00f3n y Aventura para todos<\/h3>\t\t\t\t<\/div>\n\t\t\t\t<div class=\"elementor-element elementor-element-4b454be elementor-widget elementor-widget-text-editor\" data-id=\"4b454be\" data-element_type=\"widget\" data-e-type=\"widget\" data-widget_type=\"text-editor.default\">\n\t\t\t\t\t\t\t\t\t<div class=\"min-h-[20px] text-message flex flex-col items-start gap-3 whitespace-pre-wrap break-words [.text-message+&amp;]:mt-5 overflow-x-auto\" data-message-author-role=\"assistant\" data-message-id=\"5289f395-1b04-4d63-a33d-8dc184e96ae4\"><div class=\"markdown prose w-full break-words dark:prose-invert light\"><p>J\u00e1vea no solo es famosa por sus paisajes y playas, sino tambi\u00e9n por la amplia gama de actividades que ofrece a sus visitantes. Las actividades acu\u00e1ticas son particularmente populares, incluyendo el buceo, el snorkel, el paddle surf y el windsurf. Para los amantes de la aventura, hay opciones de senderismo y ciclismo en el<\/p><\/div><\/div><div class=\"min-h-[20px] text-message flex flex-col items-start gap-3 whitespace-pre-wrap break-words [.text-message+&amp;]:mt-5 overflow-x-auto\" data-message-author-role=\"assistant\" data-message-id=\"80a367c7-2133-420a-be82-597d1a2b1211\"><div class=\"markdown prose w-full break-words dark:prose-invert light\"><p>Parque Natural del Montg\u00f3 y en los alrededores de la localidad. Los paseos en barco son otra forma maravillosa de explorar la costa y disfrutar del hermoso entorno marino de J\u00e1vea.<\/p><\/div><\/div>\t\t\t\t\t\t\t\t<\/div>\n\t\t\t\t<div class=\"elementor-element elementor-element-3808ad0 elementor-widget elementor-widget-text-editor\" data-id=\"3808ad0\" data-element_type=\"widget\" data-e-type=\"widget\" data-widget_type=\"text-editor.default\">\n\t\t\t\t\t\t\t\t\t<h3><span style=\"font-family: helvetica, arial, sans-serif;\">Buceo y Snorkel: Explorando el Mundo Submarino<\/span><\/h3><p><span style=\"font-family: helvetica, arial, sans-serif;\">La rica vida marina de J\u00e1vea hace que sea un destino perfecto para los aficionados al buceo y al snorkel. La Cala Granadella y otros puntos a lo largo de la costa ofrecen aguas claras y tranquilas, ideales para observar la diversa fauna marina. \u00a1Explora a trav\u00e9s de un <a href=\"https:\/\/marinalia.es\/deporte-y-aventura\/deportes-acuaticos\/buceo-y-snorkel\/393-bautismo-de-buceo-en-javea.html\" target=\"_blank\" rel=\"noopener\">bautismo de buceo en J\u00e1vea<\/a> y disfruta del Mediterr\u00e1neo!<\/span><\/p><p>\u00a0<\/p>\t\t\t\t\t\t\t\t<\/div>\n\t\t\t\t<div class=\"elementor-element elementor-element-870effc elementor-widget elementor-widget-image\" data-id=\"870effc\" data-element_type=\"widget\" data-e-type=\"widget\" data-widget_type=\"image.default\">\n\t\t\t\t\t\t\t\t\t\t\t\t\t\t\t\t<a href=\"https:\/\/marinalia.es\/deporte-y-aventura\/deportes-acuaticos\/buceo-y-snorkel\/651-bautismo-buceo-denia-desde-barco.html\" target=\"_blank\" rel=\"noopener\">\n\t\t\t\t\t\t\t<img decoding=\"async\" width=\"349\" height=\"417\" data-src=\"https:\/\/media.marinalia.es\/wp-content\/uploads\/2024\/01\/buceo-en-javea.jpg\" class=\"attachment-large size-large wp-image-6330 lazyload\" alt=\"buceo en javea\" data-srcset=\"https:\/\/media.marinalia.es\/wp-content\/uploads\/2024\/01\/buceo-en-javea.jpg 349w, https:\/\/media.marinalia.es\/wp-content\/uploads\/2024\/01\/buceo-en-javea-251x300.jpg 251w\" data-sizes=\"(max-width: 349px) 100vw, 349px\" src=\"data:image\/gif;base64,R0lGODlhAQABAAAAACH5BAEKAAEALAAAAAABAAEAAAICTAEAOw==\" style=\"--smush-placeholder-width: 349px; --smush-placeholder-aspect-ratio: 349\/417;\" \/>\t\t\t\t\t\t\t\t<\/a>\n\t\t\t\t\t\t\t\t\t\t\t\t\t\t\t<\/div>\n\t\t\t\t<div class=\"elementor-element elementor-element-58d985c elementor-widget elementor-widget-text-editor\" data-id=\"58d985c\" data-element_type=\"widget\" data-e-type=\"widget\" data-widget_type=\"text-editor.default\">\n\t\t\t\t\t\t\t\t\t<h3><span style=\"font-family: helvetica, arial, sans-serif;\">Paddle Surf y Windsurf: Aventura en el Mar<\/span><\/h3><p><span style=\"font-family: helvetica, arial, sans-serif;\">Para aquellos que prefieren una actividad m\u00e1s activa, el <a href=\"https:\/\/marinalia.es\/deporte-y-aventura\/deportes-acuaticos\/518-alquiler-de-paddle-surf-en-javea.html\" target=\"_blank\" rel=\"noopener\">paddle surf\u00a0 en J\u00e1vea<\/a> y el windsurf son excelentes maneras de disfrutar del mar y obtener una perspectiva \u00fanica de la costa de J\u00e1vea.<\/span><\/p><h3><span style=\"font-family: helvetica, arial, sans-serif;\">Senderismo y Ciclismo: Descubriendo la Naturaleza<\/span><\/h3><p><span style=\"font-family: helvetica, arial, sans-serif;\">Las rutas de senderismo y ciclismo en el Parque Natural del Montg\u00f3 y en los alrededores de J\u00e1vea ofrecen panoramas espectaculares y la oportunidad de conectarse con la naturaleza. Estas actividades son ideales para familias, grupos de amigos o incluso para disfrutar en solitario.<\/span><\/p><h3><span style=\"font-family: helvetica, arial, sans-serif;\">Paseos en Barco: Una Perspectiva Diferente de J\u00e1vea<\/span><\/h3><p><span style=\"font-family: helvetica, arial, sans-serif;\">Los <a href=\"https:\/\/marinalia.es\/109-excursiones-en-el-mar?comunidad-valenciana=actividades-en-javea\" target=\"_blank\" rel=\"noopener\">paseos en barco por J\u00e1vea<\/a> son una forma relajante y agradable de ver esta poblaci\u00f3n desde otra perspectiva. Ya sea un tour guiado o un alquiler privado, es una experiencia que no debes perderte.<\/span><\/p>\t\t\t\t\t\t\t\t<\/div>\n\t\t\t\t<div class=\"elementor-element elementor-element-0191120 elementor-widget elementor-widget-image\" data-id=\"0191120\" data-element_type=\"widget\" data-e-type=\"widget\" data-widget_type=\"image.default\">\n\t\t\t\t\t\t\t\t\t\t\t\t\t\t\t\t<a href=\"https:\/\/marinalia.es\/deporte-y-aventura\/excursiones-en-el-mar\/excursiones-en-barco\/665-762-excursion-barco-denia-cuevas-cabos.html\" target=\"_blank\" rel=\"noopener\">\n\t\t\t\t\t\t\t<img decoding=\"async\" width=\"348\" height=\"419\" data-src=\"https:\/\/media.marinalia.es\/wp-content\/uploads\/2024\/01\/barco-javea-2.jpg\" class=\"attachment-large size-large wp-image-6332 lazyload\" alt=\"barco javea 2\" data-srcset=\"https:\/\/media.marinalia.es\/wp-content\/uploads\/2024\/01\/barco-javea-2.jpg 348w, https:\/\/media.marinalia.es\/wp-content\/uploads\/2024\/01\/barco-javea-2-249x300.jpg 249w\" data-sizes=\"(max-width: 348px) 100vw, 348px\" src=\"data:image\/gif;base64,R0lGODlhAQABAAAAACH5BAEKAAEALAAAAAABAAEAAAICTAEAOw==\" style=\"--smush-placeholder-width: 348px; --smush-placeholder-aspect-ratio: 348\/419;\" \/>\t\t\t\t\t\t\t\t<\/a>\n\t\t\t\t\t\t\t\t\t\t\t\t\t\t\t<\/div>\n\t\t\t\t<div class=\"elementor-element elementor-element-f424163 elementor-widget elementor-widget-spacer\" data-id=\"f424163\" data-element_type=\"widget\" data-e-type=\"widget\" data-widget_type=\"spacer.default\">\n\t\t\t\t\t\t\t<div class=\"elementor-spacer\">\n\t\t\t<div class=\"elementor-spacer-inner\"><\/div>\n\t\t<\/div>\n\t\t\t\t\t\t<\/div>\n\t\t\t\t\t<\/div>\n\t\t<\/div>\n\t\t\t\t\t<\/div>\n\t\t<\/section>\n\t\t\t\t<section class=\"elementor-section elementor-top-section elementor-element elementor-element-a7fdc37 elementor-section-boxed elementor-section-height-default elementor-section-height-default\" data-id=\"a7fdc37\" data-element_type=\"section\" data-e-type=\"section\">\n\t\t\t\t\t\t<div class=\"elementor-container elementor-column-gap-default\">\n\t\t\t\t\t<div class=\"elementor-column elementor-col-100 elementor-top-column elementor-element elementor-element-c7cbe3d\" data-id=\"c7cbe3d\" data-element_type=\"column\" data-e-type=\"column\">\n\t\t\t<div class=\"elementor-widget-wrap elementor-element-populated\">\n\t\t\t\t\t\t<div class=\"elementor-element elementor-element-22c5de9 elementor-widget elementor-widget-spacer\" data-id=\"22c5de9\" data-element_type=\"widget\" data-e-type=\"widget\" data-widget_type=\"spacer.default\">\n\t\t\t\t\t\t\t<div class=\"elementor-spacer\">\n\t\t\t<div class=\"elementor-spacer-inner\"><\/div>\n\t\t<\/div>\n\t\t\t\t\t\t<\/div>\n\t\t\t\t\t<\/div>\n\t\t<\/div>\n\t\t\t\t\t<\/div>\n\t\t<\/section>\n\t\t\t\t<section class=\"elementor-section elementor-top-section elementor-element elementor-element-72b5e18 elementor-section-boxed elementor-section-height-default elementor-section-height-default\" data-id=\"72b5e18\" data-element_type=\"section\" data-e-type=\"section\">\n\t\t\t\t\t\t<div class=\"elementor-container elementor-column-gap-default\">\n\t\t\t\t\t<div class=\"elementor-column elementor-col-100 elementor-top-column elementor-element elementor-element-6596c2c\" data-id=\"6596c2c\" data-element_type=\"column\" data-e-type=\"column\">\n\t\t\t<div class=\"elementor-widget-wrap elementor-element-populated\">\n\t\t\t\t\t\t<div class=\"elementor-element elementor-element-f92c17a elementor-widget elementor-widget-heading\" data-id=\"f92c17a\" data-element_type=\"widget\" data-e-type=\"widget\" data-widget_type=\"heading.default\">\n\t\t\t\t\t<h3 class=\"elementor-heading-title elementor-size-default\">M\u00e1s rincones para descubrir<\/h3>\t\t\t\t<\/div>\n\t\t\t\t\t<\/div>\n\t\t<\/div>\n\t\t\t\t\t<\/div>\n\t\t<\/section>\n\t\t\t\t<section class=\"elementor-section elementor-top-section elementor-element elementor-element-16a40bc elementor-section-boxed elementor-section-height-default elementor-section-height-default\" data-id=\"16a40bc\" data-element_type=\"section\" data-e-type=\"section\">\n\t\t\t\t\t\t<div class=\"elementor-container elementor-column-gap-default\">\n\t\t\t\t\t<div class=\"elementor-column elementor-col-100 elementor-top-column elementor-element elementor-element-76d42ee\" data-id=\"76d42ee\" data-element_type=\"column\" data-e-type=\"column\">\n\t\t\t<div class=\"elementor-widget-wrap elementor-element-populated\">\n\t\t\t\t\t\t<div class=\"elementor-element elementor-element-777c9cc elementor-posts--align-center elementor-grid-3 elementor-grid-tablet-2 elementor-grid-mobile-1 elementor-posts--thumbnail-top elementor-widget elementor-widget-posts\" data-id=\"777c9cc\" data-element_type=\"widget\" data-e-type=\"widget\" data-settings=\"{&quot;classic_columns&quot;:&quot;3&quot;,&quot;classic_columns_tablet&quot;:&quot;2&quot;,&quot;classic_columns_mobile&quot;:&quot;1&quot;,&quot;classic_row_gap&quot;:{&quot;unit&quot;:&quot;px&quot;,&quot;size&quot;:35,&quot;sizes&quot;:[]},&quot;classic_row_gap_tablet&quot;:{&quot;unit&quot;:&quot;px&quot;,&quot;size&quot;:&quot;&quot;,&quot;sizes&quot;:[]},&quot;classic_row_gap_mobile&quot;:{&quot;unit&quot;:&quot;px&quot;,&quot;size&quot;:&quot;&quot;,&quot;sizes&quot;:[]}}\" data-widget_type=\"posts.classic\">\n\t\t\t\t<div class=\"elementor-widget-container\">\n\t\t\t\t\t\t\t<div class=\"elementor-posts-container elementor-posts elementor-posts--skin-classic elementor-grid\">\n\t\t\t\t<article class=\"elementor-post elementor-grid-item post-8068 post type-post status-publish format-standard has-post-thumbnail hentry category-playas-alicante\">\n\t\t\t\t<a class=\"elementor-post__thumbnail__link\" href=\"https:\/\/media.marinalia.es\/de\/blog\/calas-del-cuartel\/\">\n\t\t\t<div class=\"elementor-post__thumbnail\"><img decoding=\"async\" width=\"1024\" height=\"338\" data-src=\"https:\/\/media.marinalia.es\/wp-content\/uploads\/2021\/12\/calas-del-cuartel-1024x338.jpg\" class=\"attachment-large size-large wp-image-8080 lazyload\" alt=\"calas del cuartel\" data-srcset=\"https:\/\/media.marinalia.es\/wp-content\/uploads\/2021\/12\/calas-del-cuartel-1024x338.jpg 1024w, https:\/\/media.marinalia.es\/wp-content\/uploads\/2021\/12\/calas-del-cuartel-300x99.jpg 300w, https:\/\/media.marinalia.es\/wp-content\/uploads\/2021\/12\/calas-del-cuartel-768x253.jpg 768w, https:\/\/media.marinalia.es\/wp-content\/uploads\/2021\/12\/calas-del-cuartel-1536x506.jpg 1536w, https:\/\/media.marinalia.es\/wp-content\/uploads\/2021\/12\/calas-del-cuartel-18x6.jpg 18w, https:\/\/media.marinalia.es\/wp-content\/uploads\/2021\/12\/calas-del-cuartel.jpg 1820w\" data-sizes=\"(max-width: 1024px) 100vw, 1024px\" src=\"data:image\/gif;base64,R0lGODlhAQABAAAAACH5BAEKAAEALAAAAAABAAEAAAICTAEAOw==\" style=\"--smush-placeholder-width: 1024px; --smush-placeholder-aspect-ratio: 1024\/338;\" \/><\/div>\n\t\t<\/a>\n\t\t\t\t<div class=\"elementor-post__text\">\n\t\t\t\t<h4 class=\"elementor-post__title\">\n\t\t\t<a href=\"https:\/\/media.marinalia.es\/de\/blog\/calas-del-cuartel\/\">\n\t\t\t\tCalas del Cuartel, Santa Pola\t\t\t<\/a>\n\t\t<\/h4>\n\t\t\t\t<\/div>\n\t\t\t\t<\/article>\n\t\t\t\t<article class=\"elementor-post elementor-grid-item post-7959 post type-post status-publish format-standard has-post-thumbnail hentry category-playas-alicante\">\n\t\t\t\t<a class=\"elementor-post__thumbnail__link\" href=\"https:\/\/media.marinalia.es\/de\/blog\/playa-lisa-santa-pola\/\">\n\t\t\t<div class=\"elementor-post__thumbnail\"><img decoding=\"async\" width=\"1024\" height=\"323\" data-src=\"https:\/\/media.marinalia.es\/wp-content\/uploads\/2021\/12\/playa-lisa-santa-pola-1024x323.jpg\" class=\"attachment-large size-large wp-image-7985 lazyload\" alt=\"playa lisa santa pola\" data-srcset=\"https:\/\/media.marinalia.es\/wp-content\/uploads\/2021\/12\/playa-lisa-santa-pola-1024x323.jpg 1024w, https:\/\/media.marinalia.es\/wp-content\/uploads\/2021\/12\/playa-lisa-santa-pola-300x95.jpg 300w, https:\/\/media.marinalia.es\/wp-content\/uploads\/2021\/12\/playa-lisa-santa-pola-768x243.jpg 768w, https:\/\/media.marinalia.es\/wp-content\/uploads\/2021\/12\/playa-lisa-santa-pola-1536x485.jpg 1536w, https:\/\/media.marinalia.es\/wp-content\/uploads\/2021\/12\/playa-lisa-santa-pola-18x6.jpg 18w, https:\/\/media.marinalia.es\/wp-content\/uploads\/2021\/12\/playa-lisa-santa-pola.jpg 1900w\" data-sizes=\"(max-width: 1024px) 100vw, 1024px\" src=\"data:image\/gif;base64,R0lGODlhAQABAAAAACH5BAEKAAEALAAAAAABAAEAAAICTAEAOw==\" style=\"--smush-placeholder-width: 1024px; --smush-placeholder-aspect-ratio: 1024\/323;\" \/><\/div>\n\t\t<\/a>\n\t\t\t\t<div class=\"elementor-post__text\">\n\t\t\t\t<h4 class=\"elementor-post__title\">\n\t\t\t<a href=\"https:\/\/media.marinalia.es\/de\/blog\/playa-lisa-santa-pola\/\">\n\t\t\t\tPlaya Lisa, Santa Pola\t\t\t<\/a>\n\t\t<\/h4>\n\t\t\t\t<\/div>\n\t\t\t\t<\/article>\n\t\t\t\t<article class=\"elementor-post elementor-grid-item post-7895 post type-post status-publish format-standard has-post-thumbnail hentry category-playas-alicante\">\n\t\t\t\t<a class=\"elementor-post__thumbnail__link\" href=\"https:\/\/media.marinalia.es\/de\/blog\/cala-del-tio-ximo\/\">\n\t\t\t<div class=\"elementor-post__thumbnail\"><img decoding=\"async\" width=\"1024\" height=\"323\" data-src=\"https:\/\/media.marinalia.es\/wp-content\/uploads\/2021\/12\/cala-tio-ximo-1024x323.jpg\" class=\"attachment-large size-large wp-image-7925 lazyload\" alt=\"cala tio ximo\" data-srcset=\"https:\/\/media.marinalia.es\/wp-content\/uploads\/2021\/12\/cala-tio-ximo-1024x323.jpg 1024w, https:\/\/media.marinalia.es\/wp-content\/uploads\/2021\/12\/cala-tio-ximo-300x95.jpg 300w, https:\/\/media.marinalia.es\/wp-content\/uploads\/2021\/12\/cala-tio-ximo-768x243.jpg 768w, https:\/\/media.marinalia.es\/wp-content\/uploads\/2021\/12\/cala-tio-ximo-1536x485.jpg 1536w, https:\/\/media.marinalia.es\/wp-content\/uploads\/2021\/12\/cala-tio-ximo-18x6.jpg 18w, https:\/\/media.marinalia.es\/wp-content\/uploads\/2021\/12\/cala-tio-ximo.jpg 1900w\" data-sizes=\"(max-width: 1024px) 100vw, 1024px\" src=\"data:image\/gif;base64,R0lGODlhAQABAAAAACH5BAEKAAEALAAAAAABAAEAAAICTAEAOw==\" style=\"--smush-placeholder-width: 1024px; --smush-placeholder-aspect-ratio: 1024\/323;\" \/><\/div>\n\t\t<\/a>\n\t\t\t\t<div class=\"elementor-post__text\">\n\t\t\t\t<h4 class=\"elementor-post__title\">\n\t\t\t<a href=\"https:\/\/media.marinalia.es\/de\/blog\/cala-del-tio-ximo\/\">\n\t\t\t\tCala del T\u00edo Ximo, Benidorm\t\t\t<\/a>\n\t\t<\/h4>\n\t\t\t\t<\/div>\n\t\t\t\t<\/article>\n\t\t\t\t<article class=\"elementor-post elementor-grid-item post-7868 post type-post status-publish format-standard has-post-thumbnail hentry category-playas-alicante\">\n\t\t\t\t<a class=\"elementor-post__thumbnail__link\" href=\"https:\/\/media.marinalia.es\/de\/blog\/playa-de-la-gran-playa\/\">\n\t\t\t<div class=\"elementor-post__thumbnail\"><img decoding=\"async\" width=\"1024\" height=\"323\" data-src=\"https:\/\/media.marinalia.es\/wp-content\/uploads\/2021\/12\/playa-de-la-gran-playa-1024x323.jpg\" class=\"attachment-large size-large wp-image-7881 lazyload\" alt=\"playa de la gran playa\" data-srcset=\"https:\/\/media.marinalia.es\/wp-content\/uploads\/2021\/12\/playa-de-la-gran-playa-1024x323.jpg 1024w, https:\/\/media.marinalia.es\/wp-content\/uploads\/2021\/12\/playa-de-la-gran-playa-300x95.jpg 300w, https:\/\/media.marinalia.es\/wp-content\/uploads\/2021\/12\/playa-de-la-gran-playa-768x243.jpg 768w, https:\/\/media.marinalia.es\/wp-content\/uploads\/2021\/12\/playa-de-la-gran-playa-1536x485.jpg 1536w, https:\/\/media.marinalia.es\/wp-content\/uploads\/2021\/12\/playa-de-la-gran-playa-18x6.jpg 18w, https:\/\/media.marinalia.es\/wp-content\/uploads\/2021\/12\/playa-de-la-gran-playa.jpg 1900w\" data-sizes=\"(max-width: 1024px) 100vw, 1024px\" src=\"data:image\/gif;base64,R0lGODlhAQABAAAAACH5BAEKAAEALAAAAAABAAEAAAICTAEAOw==\" style=\"--smush-placeholder-width: 1024px; --smush-placeholder-aspect-ratio: 1024\/323;\" \/><\/div>\n\t\t<\/a>\n\t\t\t\t<div class=\"elementor-post__text\">\n\t\t\t\t<h4 class=\"elementor-post__title\">\n\t\t\t<a href=\"https:\/\/media.marinalia.es\/de\/blog\/playa-de-la-gran-playa\/\">\n\t\t\t\tPlaya de la Gran Playa, Santa Pola\t\t\t<\/a>\n\t\t<\/h4>\n\t\t\t\t<\/div>\n\t\t\t\t<\/article>\n\t\t\t\t<article class=\"elementor-post elementor-grid-item post-7853 post type-post status-publish format-standard has-post-thumbnail hentry category-playas-alicante\">\n\t\t\t\t<a class=\"elementor-post__thumbnail__link\" href=\"https:\/\/media.marinalia.es\/de\/blog\/cala-del-mal-pas\/\">\n\t\t\t<div class=\"elementor-post__thumbnail\"><img decoding=\"async\" width=\"1024\" height=\"323\" data-src=\"https:\/\/media.marinalia.es\/wp-content\/uploads\/2021\/12\/cala-del-mal-pas-1024x323.jpg\" class=\"attachment-large size-large wp-image-7862 lazyload\" alt=\"cala del mal pas\" data-srcset=\"https:\/\/media.marinalia.es\/wp-content\/uploads\/2021\/12\/cala-del-mal-pas-1024x323.jpg 1024w, https:\/\/media.marinalia.es\/wp-content\/uploads\/2021\/12\/cala-del-mal-pas-300x95.jpg 300w, https:\/\/media.marinalia.es\/wp-content\/uploads\/2021\/12\/cala-del-mal-pas-768x243.jpg 768w, https:\/\/media.marinalia.es\/wp-content\/uploads\/2021\/12\/cala-del-mal-pas-1536x485.jpg 1536w, https:\/\/media.marinalia.es\/wp-content\/uploads\/2021\/12\/cala-del-mal-pas-18x6.jpg 18w, https:\/\/media.marinalia.es\/wp-content\/uploads\/2021\/12\/cala-del-mal-pas.jpg 1900w\" data-sizes=\"(max-width: 1024px) 100vw, 1024px\" src=\"data:image\/gif;base64,R0lGODlhAQABAAAAACH5BAEKAAEALAAAAAABAAEAAAICTAEAOw==\" style=\"--smush-placeholder-width: 1024px; --smush-placeholder-aspect-ratio: 1024\/323;\" \/><\/div>\n\t\t<\/a>\n\t\t\t\t<div class=\"elementor-post__text\">\n\t\t\t\t<h4 class=\"elementor-post__title\">\n\t\t\t<a href=\"https:\/\/media.marinalia.es\/de\/blog\/cala-del-mal-pas\/\">\n\t\t\t\tCala del Mal Pas, Benidorm\t\t\t<\/a>\n\t\t<\/h4>\n\t\t\t\t<\/div>\n\t\t\t\t<\/article>\n\t\t\t\t<article class=\"elementor-post elementor-grid-item post-8204 post type-post status-publish format-standard has-post-thumbnail hentry category-playas-alicante\">\n\t\t\t\t<a class=\"elementor-post__thumbnail__link\" href=\"https:\/\/media.marinalia.es\/de\/blog\/calas-de-santa-pola-del-este\/\">\n\t\t\t<div class=\"elementor-post__thumbnail\"><img decoding=\"async\" width=\"1024\" height=\"338\" data-src=\"https:\/\/media.marinalia.es\/wp-content\/uploads\/2021\/12\/cala-de-santa-pola-del-este-santa-pola-1024x338.jpg\" class=\"attachment-large size-large wp-image-8213 lazyload\" alt=\"cala de santa pola del este santa pola\" data-srcset=\"https:\/\/media.marinalia.es\/wp-content\/uploads\/2021\/12\/cala-de-santa-pola-del-este-santa-pola-1024x338.jpg 1024w, https:\/\/media.marinalia.es\/wp-content\/uploads\/2021\/12\/cala-de-santa-pola-del-este-santa-pola-300x99.jpg 300w, https:\/\/media.marinalia.es\/wp-content\/uploads\/2021\/12\/cala-de-santa-pola-del-este-santa-pola-768x253.jpg 768w, https:\/\/media.marinalia.es\/wp-content\/uploads\/2021\/12\/cala-de-santa-pola-del-este-santa-pola-1536x506.jpg 1536w, https:\/\/media.marinalia.es\/wp-content\/uploads\/2021\/12\/cala-de-santa-pola-del-este-santa-pola-18x6.jpg 18w, https:\/\/media.marinalia.es\/wp-content\/uploads\/2021\/12\/cala-de-santa-pola-del-este-santa-pola.jpg 1820w\" data-sizes=\"(max-width: 1024px) 100vw, 1024px\" src=\"data:image\/gif;base64,R0lGODlhAQABAAAAACH5BAEKAAEALAAAAAABAAEAAAICTAEAOw==\" style=\"--smush-placeholder-width: 1024px; --smush-placeholder-aspect-ratio: 1024\/338;\" \/><\/div>\n\t\t<\/a>\n\t\t\t\t<div class=\"elementor-post__text\">\n\t\t\t\t<h4 class=\"elementor-post__title\">\n\t\t\t<a href=\"https:\/\/media.marinalia.es\/de\/blog\/calas-de-santa-pola-del-este\/\">\n\t\t\t\tCalas de Santa Pola del Este\t\t\t<\/a>\n\t\t<\/h4>\n\t\t\t\t<\/div>\n\t\t\t\t<\/article>\n\t\t\t\t<\/div>\n\n\n\t\t\n\t\t\t\t\t\t<\/div>\n\t\t\t\t<\/div>\n\t\t\t\t\t<\/div>\n\t\t<\/div>\n\t\t\t\t\t<\/div>\n\t\t<\/section>\n\t\t\t\t<\/div>\n\t\t","protected":false},"excerpt":{"rendered":"<p>J\u00e1vea, situada en la Costa Blanca de Espa\u00f1a, es una mezcla fascinante de playas id\u00edlicas, patrimonio hist\u00f3rico y maravillas naturales. Si est\u00e1s planeando visitar esta<\/p>","protected":false},"author":1,"featured_media":6340,"comment_status":"closed","ping_status":"open","sticky":false,"template":"","format":"standard","meta":{"site-sidebar-layout":"default","site-content-layout":"default","ast-site-content-layout":"default","site-content-style":"default","site-sidebar-style":"default","ast-global-header-display":"","ast-banner-title-visibility":"","ast-main-header-display":"","ast-hfb-above-header-display":"","ast-hfb-below-header-display":"","ast-hfb-mobile-header-display":"","site-post-title":"","ast-breadcrumbs-content":"","ast-featured-img":"","footer-sml-layout":"","ast-disable-related-posts":"","theme-transparent-header-meta":"default","adv-header-id-meta":"","stick-header-meta":"","header-above-stick-meta":"","header-main-stick-meta":"","header-below-stick-meta":"","astra-migrate-meta-layouts":"set","ast-page-background-enabled":"default","ast-page-background-meta":{"desktop":{"background-color":"var(--ast-global-color-4)","background-image":"","background-repeat":"repeat","background-position":"center center","background-size":"auto","background-attachment":"scroll","background-type":"","background-media":"","overlay-type":"","overlay-color":"","overlay-opacity":"","overlay-gradient":""},"tablet":{"background-color":"","background-image":"","background-repeat":"repeat","background-position":"center center","background-size":"auto","background-attachment":"scroll","background-type":"","background-media":"","overlay-type":"","overlay-color":"","overlay-opacity":"","overlay-gradient":""},"mobile":{"background-color":"","background-image":"","background-repeat":"repeat","background-position":"center center","background-size":"auto","background-attachment":"scroll","background-type":"","background-media":"","overlay-type":"","overlay-color":"","overlay-opacity":"","overlay-gradient":""}},"ast-content-background-meta":{"desktop":{"background-color":"var(--ast-global-color-5)","background-image":"","background-repeat":"repeat","background-position":"center center","background-size":"auto","background-attachment":"scroll","background-type":"","background-media":"","overlay-type":"","overlay-color":"","overlay-opacity":"","overlay-gradient":""},"tablet":{"background-color":"var(--ast-global-color-5)","background-image":"","background-repeat":"repeat","background-position":"center center","background-size":"auto","background-attachment":"scroll","background-type":"","background-media":"","overlay-type":"","overlay-color":"","overlay-opacity":"","overlay-gradient":""},"mobile":{"background-color":"var(--ast-global-color-5)","background-image":"","background-repeat":"repeat","background-position":"center center","background-size":"auto","background-attachment":"scroll","background-type":"","background-media":"","overlay-type":"","overlay-color":"","overlay-opacity":"","overlay-gradient":""}},"_joinchat":[],"footnotes":""},"categories":[5],"tags":[],"class_list":["post-6326","post","type-post","status-publish","format-standard","has-post-thumbnail","hentry","category-playas-alicante"],"_links":{"self":[{"href":"https:\/\/media.marinalia.es\/de\/wp-json\/wp\/v2\/posts\/6326","targetHints":{"allow":["GET"]}}],"collection":[{"href":"https:\/\/media.marinalia.es\/de\/wp-json\/wp\/v2\/posts"}],"about":[{"href":"https:\/\/media.marinalia.es\/de\/wp-json\/wp\/v2\/types\/post"}],"author":[{"embeddable":true,"href":"https:\/\/media.marinalia.es\/de\/wp-json\/wp\/v2\/users\/1"}],"replies":[{"embeddable":true,"href":"https:\/\/media.marinalia.es\/de\/wp-json\/wp\/v2\/comments?post=6326"}],"version-history":[{"count":0,"href":"https:\/\/media.marinalia.es\/de\/wp-json\/wp\/v2\/posts\/6326\/revisions"}],"wp:featuredmedia":[{"embeddable":true,"href":"https:\/\/media.marinalia.es\/de\/wp-json\/wp\/v2\/media\/6340"}],"wp:attachment":[{"href":"https:\/\/media.marinalia.es\/de\/wp-json\/wp\/v2\/media?parent=6326"}],"wp:term":[{"taxonomy":"category","embeddable":true,"href":"https:\/\/media.marinalia.es\/de\/wp-json\/wp\/v2\/categories?post=6326"},{"taxonomy":"post_tag","embeddable":true,"href":"https:\/\/media.marinalia.es\/de\/wp-json\/wp\/v2\/tags?post=6326"}],"curies":[{"name":"wp","href":"https:\/\/api.w.org\/{rel}","templated":true}]}}