{"id":2307,"date":"2022-02-16T16:43:07","date_gmt":"2022-02-16T15:43:07","guid":{"rendered":"https:\/\/media.marinalia.es\/?p=2307"},"modified":"2023-10-30T14:55:19","modified_gmt":"2023-10-30T13:55:19","slug":"cabo-de-gata-calas","status":"publish","type":"post","link":"https:\/\/media.marinalia.es\/de\/blog\/cabo-de-gata-calas\/","title":{"rendered":"Calas de Cabo Gata"},"content":{"rendered":"<div data-elementor-type=\"wp-post\" data-elementor-id=\"2307\" class=\"elementor elementor-2307\">\n\t\t\t\t\t\t<section class=\"elementor-section elementor-top-section elementor-element elementor-element-5634140 elementor-section-boxed elementor-section-height-default elementor-section-height-default\" data-id=\"5634140\" data-element_type=\"section\" data-e-type=\"section\">\n\t\t\t\t\t\t<div class=\"elementor-container elementor-column-gap-default\">\n\t\t\t\t\t<div class=\"elementor-column elementor-col-100 elementor-top-column elementor-element elementor-element-2cd2eab\" data-id=\"2cd2eab\" data-element_type=\"column\" data-e-type=\"column\">\n\t\t\t<div class=\"elementor-widget-wrap elementor-element-populated\">\n\t\t\t\t\t\t<div class=\"elementor-element elementor-element-edb4f72 elementor-widget elementor-widget-text-editor\" data-id=\"edb4f72\" data-element_type=\"widget\" data-e-type=\"widget\" data-widget_type=\"text-editor.default\">\n\t\t\t\t\t\t\t\t\t<p><span style=\"font-weight: 400;\">Si est\u00e1s deseando conocer las Calas de Cabo de Gata te decimos ya que haces bien en querer conocerlas porque realmente esta zona de la costa almeriense es un tesoro que tiene Espa\u00f1a.\u00a0<\/span><\/p><p><span style=\"font-weight: 400;\">Las <strong>calas del Cabo de Gata<\/strong> forman parte del Mar Mediterr\u00e1neo, por eso son calas donde podr\u00e1s encontrar un clima suave y c\u00e1lido y un agua que no est\u00e1 especialmente fr\u00eda, la verdad. Si ha hecho temperaturas altas podr\u00e1s disfrutar de un agua muy agradable para ba\u00f1arse o bucear.\u00a0<\/span><\/p><p><span style=\"font-weight: 400;\">Por supuesto que no solamente es la temperatura del agua lo m\u00e1s espectacular de estas playas, ya que sus alrededores salvajes y v\u00edrgenes no tienen comparaci\u00f3n con casi ninguna\u00a0<\/span><span style=\"font-weight: 400;\">zona de la costa espa\u00f1ola.\u00a0<\/span><\/p>\t\t\t\t\t\t\t\t<\/div>\n\t\t\t\t\t<\/div>\n\t\t<\/div>\n\t\t\t\t\t<\/div>\n\t\t<\/section>\n\t\t\t\t<section class=\"elementor-section elementor-top-section elementor-element elementor-element-01fc48d elementor-section-boxed elementor-section-height-default elementor-section-height-default\" data-id=\"01fc48d\" data-element_type=\"section\" data-e-type=\"section\">\n\t\t\t\t\t\t<div class=\"elementor-container elementor-column-gap-default\">\n\t\t\t\t\t<div class=\"elementor-column elementor-col-100 elementor-top-column elementor-element elementor-element-9842d2b\" data-id=\"9842d2b\" data-element_type=\"column\" data-e-type=\"column\">\n\t\t\t<div class=\"elementor-widget-wrap elementor-element-populated\">\n\t\t\t\t\t\t<div class=\"elementor-element elementor-element-195c870 elementor-widget elementor-widget-shortcode\" data-id=\"195c870\" data-element_type=\"widget\" data-e-type=\"widget\" data-widget_type=\"shortcode.default\">\n\t\t\t\t\t\t\t<div class=\"elementor-shortcode\"><blockquote class=\"instagram-media\" data-instgrm-captioned data-instgrm-permalink=\"https:\/\/www.instagram.com\/p\/CZz1vqIM0hn\/?utm_source=ig_embed&amp;utm_campaign=loading\" data-instgrm-version=\"14\" style=\" background:#FFF; border:0; border-radius:3px; box-shadow:0 0 1px 0 rgba(0,0,0,0.5),0 1px 10px 0 rgba(0,0,0,0.15); margin: 1px; max-width:540px; min-width:326px; padding:0; width:99.375%; width:-webkit-calc(100% - 2px); width:calc(100% - 2px);\"><div style=\"padding:16px;\"> <a href=\"https:\/\/www.instagram.com\/p\/CZz1vqIM0hn\/?utm_source=ig_embed&amp;utm_campaign=loading\" style=\" background:#FFFFFF; line-height:0; padding:0 0; text-align:center; text-decoration:none; width:100%;\" target=\"_blank\" rel=\"noopener\"> <div style=\" display: flex; flex-direction: row; align-items: center;\"> <div style=\"background-color: #F4F4F4; border-radius: 50%; flex-grow: 0; height: 40px; margin-right: 14px; width: 40px;\"><\/div> <div style=\"display: flex; flex-direction: column; flex-grow: 1; justify-content: center;\"> <div style=\" background-color: #F4F4F4; border-radius: 4px; flex-grow: 0; height: 14px; margin-bottom: 6px; width: 100px;\"><\/div> <div style=\" background-color: #F4F4F4; border-radius: 4px; flex-grow: 0; height: 14px; width: 60px;\"><\/div><\/div><\/div><div style=\"padding: 19% 0;\"><\/div> <div style=\"display:block; height:50px; margin:0 auto 12px; width:50px;\"><svg width=\"50px\" height=\"50px\" viewbox=\"0 0 60 60\" version=\"1.1\" xmlns=\"https:\/\/www.w3.org\/2000\/svg\" xmlns:xlink=\"https:\/\/www.w3.org\/1999\/xlink\"><g stroke=\"none\" stroke-width=\"1\" fill=\"none\" fill-rule=\"evenodd\"><g transform=\"translate(-511.000000, -20.000000)\" fill=\"#000000\"><g><path d=\"M556.869,30.41 C554.814,30.41 553.148,32.076 553.148,34.131 C553.148,36.186 554.814,37.852 556.869,37.852 C558.924,37.852 560.59,36.186 560.59,34.131 C560.59,32.076 558.924,30.41 556.869,30.41 M541,60.657 C535.114,60.657 530.342,55.887 530.342,50 C530.342,44.114 535.114,39.342 541,39.342 C546.887,39.342 551.658,44.114 551.658,50 C551.658,55.887 546.887,60.657 541,60.657 M541,33.886 C532.1,33.886 524.886,41.1 524.886,50 C524.886,58.899 532.1,66.113 541,66.113 C549.9,66.113 557.115,58.899 557.115,50 C557.115,41.1 549.9,33.886 541,33.886 M565.378,62.101 C565.244,65.022 564.756,66.606 564.346,67.663 C563.803,69.06 563.154,70.057 562.106,71.106 C561.058,72.155 560.06,72.803 558.662,73.347 C557.607,73.757 556.021,74.244 553.102,74.378 C549.944,74.521 548.997,74.552 541,74.552 C533.003,74.552 532.056,74.521 528.898,74.378 C525.979,74.244 524.393,73.757 523.338,73.347 C521.94,72.803 520.942,72.155 519.894,71.106 C518.846,70.057 518.197,69.06 517.654,67.663 C517.244,66.606 516.755,65.022 516.623,62.101 C516.479,58.943 516.448,57.996 516.448,50 C516.448,42.003 516.479,41.056 516.623,37.899 C516.755,34.978 517.244,33.391 517.654,32.338 C518.197,30.938 518.846,29.942 519.894,28.894 C520.942,27.846 521.94,27.196 523.338,26.654 C524.393,26.244 525.979,25.756 528.898,25.623 C532.057,25.479 533.004,25.448 541,25.448 C548.997,25.448 549.943,25.479 553.102,25.623 C556.021,25.756 557.607,26.244 558.662,26.654 C560.06,27.196 561.058,27.846 562.106,28.894 C563.154,29.942 563.803,30.938 564.346,32.338 C564.756,33.391 565.244,34.978 565.378,37.899 C565.522,41.056 565.552,42.003 565.552,50 C565.552,57.996 565.522,58.943 565.378,62.101 M570.82,37.631 C570.674,34.438 570.167,32.258 569.425,30.349 C568.659,28.377 567.633,26.702 565.965,25.035 C564.297,23.368 562.623,22.342 560.652,21.575 C558.743,20.834 556.562,20.326 553.369,20.18 C550.169,20.033 549.148,20 541,20 C532.853,20 531.831,20.033 528.631,20.18 C525.438,20.326 523.257,20.834 521.349,21.575 C519.376,22.342 517.703,23.368 516.035,25.035 C514.368,26.702 513.342,28.377 512.574,30.349 C511.834,32.258 511.326,34.438 511.181,37.631 C511.035,40.831 511,41.851 511,50 C511,58.147 511.035,59.17 511.181,62.369 C511.326,65.562 511.834,67.743 512.574,69.651 C513.342,71.625 514.368,73.296 516.035,74.965 C517.703,76.634 519.376,77.658 521.349,78.425 C523.257,79.167 525.438,79.673 528.631,79.82 C531.831,79.965 532.853,80.001 541,80.001 C549.148,80.001 550.169,79.965 553.369,79.82 C556.562,79.673 558.743,79.167 560.652,78.425 C562.623,77.658 564.297,76.634 565.965,74.965 C567.633,73.296 568.659,71.625 569.425,69.651 C570.167,67.743 570.674,65.562 570.82,62.369 C570.966,59.17 571,58.147 571,50 C571,41.851 570.966,40.831 570.82,37.631\"><\/path><\/g><\/g><\/g><\/svg><\/div><div style=\"padding-top: 8px;\"> <div style=\" color:#3897f0; font-family:Arial,sans-serif; font-size:14px; font-style:normal; font-weight:550; line-height:18px;\">Ver esta publicaci\u00f3n en Instagram<\/div><\/div><div style=\"padding: 12.5% 0;\"><\/div> <div style=\"display: flex; flex-direction: row; margin-bottom: 14px; align-items: center;\"><div> <div style=\"background-color: #F4F4F4; border-radius: 50%; height: 12.5px; width: 12.5px; transform: translateX(0px) translateY(7px);\"><\/div> <div style=\"background-color: #F4F4F4; height: 12.5px; transform: rotate(-45deg) translateX(3px) translateY(1px); width: 12.5px; flex-grow: 0; margin-right: 14px; margin-left: 2px;\"><\/div> <div style=\"background-color: #F4F4F4; border-radius: 50%; height: 12.5px; width: 12.5px; transform: translateX(9px) translateY(-18px);\"><\/div><\/div><div style=\"margin-left: 8px;\"> <div style=\" background-color: #F4F4F4; border-radius: 50%; flex-grow: 0; height: 20px; width: 20px;\"><\/div> <div style=\" width: 0; height: 0; border-top: 2px solid transparent; border-left: 6px solid #f4f4f4; border-bottom: 2px solid transparent; transform: translateX(16px) translateY(-4px) rotate(30deg)\"><\/div><\/div><div style=\"margin-left: auto;\"> <div style=\" width: 0px; border-top: 8px solid #F4F4F4; border-right: 8px solid transparent; transform: translateY(16px);\"><\/div> <div style=\" background-color: #F4F4F4; flex-grow: 0; height: 12px; width: 16px; transform: translateY(-4px);\"><\/div> <div style=\" width: 0; height: 0; border-top: 8px solid #F4F4F4; border-left: 8px solid transparent; transform: translateY(-4px) translateX(8px);\"><\/div><\/div><\/div> <div style=\"display: flex; flex-direction: column; flex-grow: 1; justify-content: center; margin-bottom: 24px;\"> <div style=\" background-color: #F4F4F4; border-radius: 4px; flex-grow: 0; height: 14px; margin-bottom: 6px; width: 224px;\"><\/div> <div style=\" background-color: #F4F4F4; border-radius: 4px; flex-grow: 0; height: 14px; width: 144px;\"><\/div><\/div><\/a><p style=\" color:#c9c8cd; font-family:Arial,sans-serif; font-size:14px; line-height:17px; margin-bottom:0; margin-top:8px; overflow:hidden; padding:8px 0 7px; text-align:center; text-overflow:ellipsis; white-space:nowrap;\"><a href=\"https:\/\/www.instagram.com\/p\/CZz1vqIM0hn\/?utm_source=ig_embed&amp;utm_campaign=loading\" style=\" color:#c9c8cd; font-family:Arial,sans-serif; font-size:14px; font-style:normal; font-weight:normal; line-height:17px; text-decoration:none;\" target=\"_blank\" rel=\"noopener\">Una publicaci\u00f3n compartida de TR fot\u00f3grafo \ud83d\udcf2 680 313 999 (@tinorivera_fotografo)<\/a><\/p><\/div><\/blockquote> <script async src=\"\/\/www.instagram.com\/embed.js\"><\/script><\/div>\n\t\t\t\t\t\t<\/div>\n\t\t\t\t\t<\/div>\n\t\t<\/div>\n\t\t\t\t\t<\/div>\n\t\t<\/section>\n\t\t\t\t<section class=\"elementor-section elementor-top-section elementor-element elementor-element-d807856 elementor-section-boxed elementor-section-height-default elementor-section-height-default\" data-id=\"d807856\" data-element_type=\"section\" data-e-type=\"section\">\n\t\t\t\t\t\t<div class=\"elementor-container elementor-column-gap-default\">\n\t\t\t\t\t<div class=\"elementor-column elementor-col-100 elementor-top-column elementor-element elementor-element-c8b037b\" data-id=\"c8b037b\" data-element_type=\"column\" data-e-type=\"column\">\n\t\t\t<div class=\"elementor-widget-wrap elementor-element-populated\">\n\t\t\t\t\t\t<div class=\"elementor-element elementor-element-740c668 elementor-widget elementor-widget-spacer\" data-id=\"740c668\" data-element_type=\"widget\" data-e-type=\"widget\" data-widget_type=\"spacer.default\">\n\t\t\t\t\t\t\t<div class=\"elementor-spacer\">\n\t\t\t<div class=\"elementor-spacer-inner\"><\/div>\n\t\t<\/div>\n\t\t\t\t\t\t<\/div>\n\t\t\t\t<div class=\"elementor-element elementor-element-87328f2 elementor-widget elementor-widget-heading\" data-id=\"87328f2\" data-element_type=\"widget\" data-e-type=\"widget\" data-widget_type=\"heading.default\">\n\t\t\t\t\t<h2 class=\"elementor-heading-title elementor-size-default\">Mejores Calas del Cabo de Gata<\/h2>\t\t\t\t<\/div>\n\t\t\t\t\t<\/div>\n\t\t<\/div>\n\t\t\t\t\t<\/div>\n\t\t<\/section>\n\t\t\t\t<section class=\"elementor-section elementor-top-section elementor-element elementor-element-03fd957 elementor-section-boxed elementor-section-height-default elementor-section-height-default\" data-id=\"03fd957\" data-element_type=\"section\" data-e-type=\"section\">\n\t\t\t\t\t\t<div class=\"elementor-container elementor-column-gap-default\">\n\t\t\t\t\t<div class=\"elementor-column elementor-col-100 elementor-top-column elementor-element elementor-element-1195469\" data-id=\"1195469\" data-element_type=\"column\" data-e-type=\"column\">\n\t\t\t<div class=\"elementor-widget-wrap elementor-element-populated\">\n\t\t\t\t\t\t<div class=\"elementor-element elementor-element-c4c1e8b elementor-widget elementor-widget-text-editor\" data-id=\"c4c1e8b\" data-element_type=\"widget\" data-e-type=\"widget\" data-widget_type=\"text-editor.default\">\n\t\t\t\t\t\t\t\t\t<p><span style=\"font-weight: 400;\">No podemos decidir nosotros cuales son las mejores calas del Cabo de Gata, pero si que te vamos a dar un listado de las que, al menos, creemos que son de las mejores. No las vamos a ordenar de mejor a peor ni nada por el estilo, pero si que te aconsejamos que las visites TODAS.\u00a0 Para visitarlas todas nosotros siempre recomendamos que hagas una ruta en Kayak por el Parque Natural del Cabo de Gata y vayas haciendo tus paradas y tus descansos para disfrutar de cada cala, cueva y rincones secretos que esconde su costa. <\/span><\/p>\t\t\t\t\t\t\t\t<\/div>\n\t\t\t\t\t<\/div>\n\t\t<\/div>\n\t\t\t\t\t<\/div>\n\t\t<\/section>\n\t\t\t\t<section class=\"elementor-section elementor-top-section elementor-element elementor-element-37bb6cf elementor-section-boxed elementor-section-height-default elementor-section-height-default\" data-id=\"37bb6cf\" data-element_type=\"section\" data-e-type=\"section\">\n\t\t\t\t\t\t<div class=\"elementor-container elementor-column-gap-default\">\n\t\t\t\t\t<div class=\"elementor-column elementor-col-100 elementor-top-column elementor-element elementor-element-5b09f6e\" data-id=\"5b09f6e\" data-element_type=\"column\" data-e-type=\"column\">\n\t\t\t<div class=\"elementor-widget-wrap elementor-element-populated\">\n\t\t\t\t\t\t<div class=\"elementor-element elementor-element-060720d elementor-widget elementor-widget-spacer\" data-id=\"060720d\" data-element_type=\"widget\" data-e-type=\"widget\" data-widget_type=\"spacer.default\">\n\t\t\t\t\t\t\t<div class=\"elementor-spacer\">\n\t\t\t<div class=\"elementor-spacer-inner\"><\/div>\n\t\t<\/div>\n\t\t\t\t\t\t<\/div>\n\t\t\t\t\t<\/div>\n\t\t<\/div>\n\t\t\t\t\t<\/div>\n\t\t<\/section>\n\t\t\t\t<section class=\"elementor-section elementor-top-section elementor-element elementor-element-b19213b elementor-section-boxed elementor-section-height-default elementor-section-height-default\" data-id=\"b19213b\" data-element_type=\"section\" data-e-type=\"section\">\n\t\t\t\t\t\t<div class=\"elementor-container elementor-column-gap-default\">\n\t\t\t\t\t<div class=\"elementor-column elementor-col-100 elementor-top-column elementor-element elementor-element-9b79fbc\" data-id=\"9b79fbc\" data-element_type=\"column\" data-e-type=\"column\">\n\t\t\t<div class=\"elementor-widget-wrap elementor-element-populated\">\n\t\t\t\t\t\t<div class=\"elementor-element elementor-element-985a396 elementor-widget elementor-widget-heading\" data-id=\"985a396\" data-element_type=\"widget\" data-e-type=\"widget\" data-widget_type=\"heading.default\">\n\t\t\t\t\t<h3 class=\"elementor-heading-title elementor-size-default\"> La Playa de los Muertos, posiblemente la m\u00e1s conocida\n<\/h3>\t\t\t\t<\/div>\n\t\t\t\t\t<\/div>\n\t\t<\/div>\n\t\t\t\t\t<\/div>\n\t\t<\/section>\n\t\t\t\t<section class=\"elementor-section elementor-top-section elementor-element elementor-element-09ceae1 elementor-section-boxed elementor-section-height-default elementor-section-height-default\" data-id=\"09ceae1\" data-element_type=\"section\" data-e-type=\"section\">\n\t\t\t\t\t\t<div class=\"elementor-container elementor-column-gap-default\">\n\t\t\t\t\t<div class=\"elementor-column elementor-col-100 elementor-top-column elementor-element elementor-element-1dae0d1\" data-id=\"1dae0d1\" data-element_type=\"column\" data-e-type=\"column\">\n\t\t\t<div class=\"elementor-widget-wrap elementor-element-populated\">\n\t\t\t\t\t\t<div class=\"elementor-element elementor-element-dc67199 elementor-widget elementor-widget-text-editor\" data-id=\"dc67199\" data-element_type=\"widget\" data-e-type=\"widget\" data-widget_type=\"text-editor.default\">\n\t\t\t\t\t\t\t\t\t<p><span style=\"font-weight: 400;\">La playa de los muertos no la consideramos \u201ccala\u201d, pero no queremos dejar de nombrarla ya que es uno lugar que si o si debes visitar si vas de ruta por Cabo de Gata. Esta se trata de una gran playa que posiblemente tenga las aguas m\u00e1s claras de la zona. Su ubicaci\u00f3n es muy conocida, no te resultar\u00e1 dif\u00edcil encontrarla, pero para acceder a la playa en si te va a costar un paseito por la bajada algo lenta. Pero vale la pena, de verdad. Y por supuesto, el fondo marino de esta zona es un espect\u00e1culo que te recomendamos explorar y para ello tenemos la excursi\u00f3n perfecta para ti, este <a href=\"https:\/\/marinalia.es\/deportes-de-aventura\/actividades-acuaticas\/buceo-y-snorkel\/1037-bautismo-buceo-playa-de-los-muertos.html\" target=\"_blank\" rel=\"noopener\">bautismo de Buceo en la Playa de los Muertos<\/a>. En esta entrada de blog que te dejamos aqu\u00ed podr\u00e1s conocer m\u00e1s acerca de la<a href=\"https:\/\/media.marinalia.es\/de\/blog\/playa-de-los-muertos\/\"> Playa de los Muertos<\/a>. <\/span><\/p>\t\t\t\t\t\t\t\t<\/div>\n\t\t\t\t<div class=\"elementor-element elementor-element-3ba6ff2 elementor-widget elementor-widget-image\" data-id=\"3ba6ff2\" data-element_type=\"widget\" data-e-type=\"widget\" data-widget_type=\"image.default\">\n\t\t\t\t\t\t\t\t\t\t\t\t\t\t\t<img fetchpriority=\"high\" decoding=\"async\" width=\"624\" height=\"416\" src=\"https:\/\/media.marinalia.es\/wp-content\/uploads\/2022\/02\/Playa-de-los-muertos-1.jpg\" class=\"attachment-large size-large wp-image-2310\" alt=\"Playa de los muertos 1\" srcset=\"https:\/\/media.marinalia.es\/wp-content\/uploads\/2022\/02\/Playa-de-los-muertos-1.jpg 624w, https:\/\/media.marinalia.es\/wp-content\/uploads\/2022\/02\/Playa-de-los-muertos-1-300x200.jpg 300w\" sizes=\"(max-width: 624px) 100vw, 624px\" \/>\t\t\t\t\t\t\t\t\t\t\t\t\t\t\t<\/div>\n\t\t\t\t\t<\/div>\n\t\t<\/div>\n\t\t\t\t\t<\/div>\n\t\t<\/section>\n\t\t\t\t<section class=\"elementor-section elementor-top-section elementor-element elementor-element-a777fcf elementor-section-boxed elementor-section-height-default elementor-section-height-default\" data-id=\"a777fcf\" data-element_type=\"section\" data-e-type=\"section\">\n\t\t\t\t\t\t<div class=\"elementor-container elementor-column-gap-default\">\n\t\t\t\t\t<div class=\"elementor-column elementor-col-100 elementor-top-column elementor-element elementor-element-597d319\" data-id=\"597d319\" data-element_type=\"column\" data-e-type=\"column\">\n\t\t\t<div class=\"elementor-widget-wrap elementor-element-populated\">\n\t\t\t\t\t\t<div class=\"elementor-element elementor-element-d07fe25 elementor-widget elementor-widget-spacer\" data-id=\"d07fe25\" data-element_type=\"widget\" data-e-type=\"widget\" data-widget_type=\"spacer.default\">\n\t\t\t\t\t\t\t<div class=\"elementor-spacer\">\n\t\t\t<div class=\"elementor-spacer-inner\"><\/div>\n\t\t<\/div>\n\t\t\t\t\t\t<\/div>\n\t\t\t\t\t<\/div>\n\t\t<\/div>\n\t\t\t\t\t<\/div>\n\t\t<\/section>\n\t\t\t\t<section class=\"elementor-section elementor-top-section elementor-element elementor-element-4b333d5c elementor-section-boxed elementor-section-height-default elementor-section-height-default\" data-id=\"4b333d5c\" data-element_type=\"section\" data-e-type=\"section\" data-settings=\"{&quot;background_background&quot;:&quot;classic&quot;}\">\n\t\t\t\t\t\t<div class=\"elementor-container elementor-column-gap-default\">\n\t\t\t\t\t<div class=\"elementor-column elementor-col-100 elementor-top-column elementor-element elementor-element-2f61cc96\" data-id=\"2f61cc96\" data-element_type=\"column\" data-e-type=\"column\">\n\t\t\t<div class=\"elementor-widget-wrap elementor-element-populated\">\n\t\t\t\t\t\t<div class=\"elementor-element elementor-element-26de403e elementor-author-box--layout-image-above elementor-author-box--align-center elementor-widget elementor-widget-author-box\" data-id=\"26de403e\" data-element_type=\"widget\" data-e-type=\"widget\" data-widget_type=\"author-box.default\">\n\t\t\t\t<div class=\"elementor-widget-container\">\n\t\t\t\t\t\t\t<div class=\"elementor-author-box\">\n\t\t\t\t\t\t\t<div  class=\"elementor-author-box__avatar\">\n\t\t\t\t\t<img decoding=\"async\" data-src=\"https:\/\/media.marinalia.es\/wp-content\/uploads\/2021\/12\/Imagen-de-perfil-para-redes-sociales-minimalista-con-playa-azul-y-naranja-1.png\" alt=\"Silvia Guti\u00e9rrez\" src=\"data:image\/gif;base64,R0lGODlhAQABAAAAACH5BAEKAAEALAAAAAABAAEAAAICTAEAOw==\" class=\"lazyload\" style=\"--smush-placeholder-width: 288px; --smush-placeholder-aspect-ratio: 288\/288;\">\n\t\t\t\t<\/div>\n\t\t\t\n\t\t\t<div class=\"elementor-author-box__text\">\n\t\t\t\t\t\t\t\t\t<div >\n\t\t\t\t\t\t<span class=\"elementor-author-box__name\">\n\t\t\t\t\t\t\tSilvia Guti\u00e9rrez\t\t\t\t\t\t<\/span>\n\t\t\t\t\t<\/div>\n\t\t\t\t\n\t\t\t\t\n\t\t\t\t\t\t\t<\/div>\n\t\t<\/div>\n\t\t\t\t\t\t<\/div>\n\t\t\t\t<\/div>\n\t\t\t\t<section class=\"elementor-section elementor-inner-section elementor-element elementor-element-12578604 elementor-section-boxed elementor-section-height-default elementor-section-height-default\" data-id=\"12578604\" data-element_type=\"section\" data-e-type=\"section\">\n\t\t\t\t\t\t<div class=\"elementor-container elementor-column-gap-default\">\n\t\t\t\t\t<div class=\"elementor-column elementor-col-33 elementor-inner-column elementor-element elementor-element-d44d50b\" data-id=\"d44d50b\" data-element_type=\"column\" data-e-type=\"column\">\n\t\t\t<div class=\"elementor-widget-wrap\">\n\t\t\t\t\t\t\t<\/div>\n\t\t<\/div>\n\t\t\t\t<div class=\"elementor-column elementor-col-33 elementor-inner-column elementor-element elementor-element-5eb15de7\" data-id=\"5eb15de7\" data-element_type=\"column\" data-e-type=\"column\">\n\t\t\t<div class=\"elementor-widget-wrap elementor-element-populated\">\n\t\t\t\t\t\t<div class=\"elementor-element elementor-element-2a1a20d7 elementor-widget elementor-widget-heading\" data-id=\"2a1a20d7\" data-element_type=\"widget\" data-e-type=\"widget\" data-widget_type=\"heading.default\">\n\t\t\t\t\t<div class=\"elementor-heading-title elementor-size-default\">\u00bfQuieres saber qu\u00e9 actividades puedes hacer en esta zona?<\/div>\t\t\t\t<\/div>\n\t\t\t\t<div class=\"elementor-element elementor-element-498195ec elementor-align-center elementor-widget elementor-widget-button\" data-id=\"498195ec\" data-element_type=\"widget\" data-e-type=\"widget\" data-widget_type=\"button.default\">\n\t\t\t\t\t\t\t\t\t\t<a class=\"elementor-button elementor-button-link elementor-size-sm\" href=\"https:\/\/wa.me\/34694467126\/?text=Hola%21%20Quiero%20saber%20qu%C3%A9%20actividades%20puedo%20hacer%20en\" target=\"_blank\" rel=\"noopener\">\n\t\t\t\t\t\t<span class=\"elementor-button-content-wrapper\">\n\t\t\t\t\t\t<span class=\"elementor-button-icon\">\n\t\t\t\t<svg aria-hidden=\"true\" class=\"e-font-icon-svg e-fab-whatsapp\" viewbox=\"0 0 448 512\" xmlns=\"http:\/\/www.w3.org\/2000\/svg\"><path d=\"M380.9 97.1C339 55.1 283.2 32 223.9 32c-122.4 0-222 99.6-222 222 0 39.1 10.2 77.3 29.6 111L0 480l117.7-30.9c32.4 17.7 68.9 27 106.1 27h.1c122.3 0 224.1-99.6 224.1-222 0-59.3-25.2-115-67.1-157zm-157 341.6c-33.2 0-65.7-8.9-94-25.7l-6.7-4-69.8 18.3L72 359.2l-4.4-7c-18.5-29.4-28.2-63.3-28.2-98.2 0-101.7 82.8-184.5 184.6-184.5 49.3 0 95.6 19.2 130.4 54.1 34.8 34.9 56.2 81.2 56.1 130.5 0 101.8-84.9 184.6-186.6 184.6zm101.2-138.2c-5.5-2.8-32.8-16.2-37.9-18-5.1-1.9-8.8-2.8-12.5 2.8-3.7 5.6-14.3 18-17.6 21.8-3.2 3.7-6.5 4.2-12 1.4-32.6-16.3-54-29.1-75.5-66-5.7-9.8 5.7-9.1 16.3-30.3 1.8-3.7.9-6.9-.5-9.7-1.4-2.8-12.5-30.1-17.1-41.2-4.5-10.8-9.1-9.3-12.5-9.5-3.2-.2-6.9-.2-10.6-.2-3.7 0-9.7 1.4-14.8 6.9-5.1 5.6-19.4 19-19.4 46.3 0 27.3 19.9 53.7 22.6 57.4 2.8 3.7 39.1 59.7 94.8 83.8 35.2 15.2 49 16.5 66.6 13.9 10.7-1.6 32.8-13.4 37.4-26.4 4.6-13 4.6-24.1 3.2-26.4-1.3-2.5-5-3.9-10.5-6.6z\"><\/path><\/svg>\t\t\t<\/span>\n\t\t\t\t\t\t\t\t\t<span class=\"elementor-button-text\">\u00a1Env\u00edanos un WhatsApp!<\/span>\n\t\t\t\t\t<\/span>\n\t\t\t\t\t<\/a>\n\t\t\t\t\t\t\t\t<\/div>\n\t\t\t\t\t<\/div>\n\t\t<\/div>\n\t\t\t\t<div class=\"elementor-column elementor-col-33 elementor-inner-column elementor-element elementor-element-6d685b37\" data-id=\"6d685b37\" data-element_type=\"column\" data-e-type=\"column\">\n\t\t\t<div class=\"elementor-widget-wrap\">\n\t\t\t\t\t\t\t<\/div>\n\t\t<\/div>\n\t\t\t\t\t<\/div>\n\t\t<\/section>\n\t\t\t\t\t<\/div>\n\t\t<\/div>\n\t\t\t\t\t<\/div>\n\t\t<\/section>\n\t\t\t\t<section class=\"elementor-section elementor-top-section elementor-element elementor-element-4fd6233 elementor-section-boxed elementor-section-height-default elementor-section-height-default\" data-id=\"4fd6233\" data-element_type=\"section\" data-e-type=\"section\">\n\t\t\t\t\t\t<div class=\"elementor-container elementor-column-gap-default\">\n\t\t\t\t\t<div class=\"elementor-column elementor-col-100 elementor-top-column elementor-element elementor-element-a1c68d9\" data-id=\"a1c68d9\" data-element_type=\"column\" data-e-type=\"column\">\n\t\t\t<div class=\"elementor-widget-wrap elementor-element-populated\">\n\t\t\t\t\t\t<div class=\"elementor-element elementor-element-206854a elementor-widget elementor-widget-spacer\" data-id=\"206854a\" data-element_type=\"widget\" data-e-type=\"widget\" data-widget_type=\"spacer.default\">\n\t\t\t\t\t\t\t<div class=\"elementor-spacer\">\n\t\t\t<div class=\"elementor-spacer-inner\"><\/div>\n\t\t<\/div>\n\t\t\t\t\t\t<\/div>\n\t\t\t\t<div class=\"elementor-element elementor-element-dcc7a86 elementor-widget elementor-widget-heading\" data-id=\"dcc7a86\" data-element_type=\"widget\" data-e-type=\"widget\" data-widget_type=\"heading.default\">\n\t\t\t\t\t<h3 class=\"elementor-heading-title elementor-size-default\">Cala del Plomo<\/h3>\t\t\t\t<\/div>\n\t\t\t\t<div class=\"elementor-element elementor-element-db2b173 elementor-widget elementor-widget-text-editor\" data-id=\"db2b173\" data-element_type=\"widget\" data-e-type=\"widget\" data-widget_type=\"text-editor.default\">\n\t\t\t\t\t\t\t\t\t<p><span style=\"font-weight: 400;\">La cala del plomo est\u00e1 bastante alejada de los n\u00facleos urbanos, siendo Las Negras la localidad que m\u00e1s cerca queda a 3km. Aqu\u00ed te encontrar\u00e1s con una cala grande de unos 200m de longitud y aun que veas que la cala empieza siendo de piedras, cuando te vayas acercando al mar, podr\u00e1s ver que se va convirtiendo en una cala de arena donde tendr\u00e1s una orilla de arena y un acceso al agua c\u00f3modo y f\u00e1cil.\u00a0<\/span><\/p><p><span style=\"font-weight: 400;\">Tanto en la parte derecha como en la izquierda de la cala del Plomo ver\u00e1s que hay paredes erosionadas que est\u00e1n formadas por dunas f\u00f3siles donde puedes pasar un buen rato explorando. Aqu\u00ed te dejamos m\u00e1s sobre todo lo que debes saber y todo lo que puedes encontrar y hacer en la <a href=\"https:\/\/media.marinalia.es\/de\/blog\/cala-del-plomo\/\">Cala del Plomo.<\/a><\/span><\/p>\t\t\t\t\t\t\t\t<\/div>\n\t\t\t\t<div class=\"elementor-element elementor-element-7cc95db elementor-widget elementor-widget-image\" data-id=\"7cc95db\" data-element_type=\"widget\" data-e-type=\"widget\" data-widget_type=\"image.default\">\n\t\t\t\t\t\t\t\t\t\t\t\t\t\t\t<img decoding=\"async\" width=\"834\" height=\"525\" data-src=\"https:\/\/media.marinalia.es\/wp-content\/uploads\/2022\/02\/cala-del-plomo-almeria-1.jpg\" class=\"attachment-large size-large wp-image-2311 lazyload\" alt=\"cala del plomo almeria 1\" data-srcset=\"https:\/\/media.marinalia.es\/wp-content\/uploads\/2022\/02\/cala-del-plomo-almeria-1.jpg 834w, https:\/\/media.marinalia.es\/wp-content\/uploads\/2022\/02\/cala-del-plomo-almeria-1-300x189.jpg 300w, https:\/\/media.marinalia.es\/wp-content\/uploads\/2022\/02\/cala-del-plomo-almeria-1-768x483.jpg 768w\" data-sizes=\"(max-width: 834px) 100vw, 834px\" src=\"data:image\/gif;base64,R0lGODlhAQABAAAAACH5BAEKAAEALAAAAAABAAEAAAICTAEAOw==\" style=\"--smush-placeholder-width: 834px; --smush-placeholder-aspect-ratio: 834\/525;\" \/>\t\t\t\t\t\t\t\t\t\t\t\t\t\t\t<\/div>\n\t\t\t\t<div class=\"elementor-element elementor-element-87f4f27 elementor-widget elementor-widget-spacer\" data-id=\"87f4f27\" data-element_type=\"widget\" data-e-type=\"widget\" data-widget_type=\"spacer.default\">\n\t\t\t\t\t\t\t<div class=\"elementor-spacer\">\n\t\t\t<div class=\"elementor-spacer-inner\"><\/div>\n\t\t<\/div>\n\t\t\t\t\t\t<\/div>\n\t\t\t\t<div class=\"elementor-element elementor-element-1066d78 elementor-widget elementor-widget-heading\" data-id=\"1066d78\" data-element_type=\"widget\" data-e-type=\"widget\" data-widget_type=\"heading.default\">\n\t\t\t\t\t<h3 class=\"elementor-heading-title elementor-size-default\">Cala de Enmedio<\/h3>\t\t\t\t<\/div>\n\t\t\t\t<div class=\"elementor-element elementor-element-a42f1a2 elementor-widget elementor-widget-text-editor\" data-id=\"a42f1a2\" data-element_type=\"widget\" data-e-type=\"widget\" data-widget_type=\"text-editor.default\">\n\t\t\t\t\t\t\t\t\t<p><span style=\"font-weight: 400;\">Al contrario que la playa del Plomo, la Cala de Enmedio es una playa entera de arena fina y dorada. Es algo m\u00e1s peque\u00f1a, de unos 150 metros, pero en los meses de verano se llega a llenar bastante, aunque no es algo excesivo como en otras calas y playas de algunas costas espa\u00f1olas. Durante los meses de temporada baja podr\u00e1s encontrar la Cala de Enmedio muy tranquila. Adem\u00e1s, deber\u00edas saber que se trata de una playa muy virgen y que no tendr\u00e1s ning\u00fan tipo de servicio a mano, pero si te llevas tu agua y tus snacks podemos decir que es la cala perfecta, ya que adem\u00e1s es solamente accesible a pie o en barco. Aqu\u00ed podr\u00e1s leer m\u00e1s sobre la<a href=\"https:\/\/media.marinalia.es\/de\/blog\/cala-de-enmedio\/\"> Cala de Enmedio<\/a>, una lectura f\u00e1cil que te recomendamos que hagas para conocer todo lo imprescindible e importante de este maravilloso lugar, posiblemente de las mejores calas del Cabo de Gata.<\/span><\/p>\t\t\t\t\t\t\t\t<\/div>\n\t\t\t\t<div class=\"elementor-element elementor-element-9762d95 elementor-widget elementor-widget-image\" data-id=\"9762d95\" data-element_type=\"widget\" data-e-type=\"widget\" data-widget_type=\"image.default\">\n\t\t\t\t\t\t\t\t\t\t\t\t\t\t\t<img decoding=\"async\" width=\"400\" height=\"300\" data-src=\"https:\/\/media.marinalia.es\/wp-content\/uploads\/2022\/02\/cala-de-enmedio-3-1.jpg\" class=\"attachment-large size-large wp-image-2312 lazyload\" alt=\"cala de enmedio 3 1\" data-srcset=\"https:\/\/media.marinalia.es\/wp-content\/uploads\/2022\/02\/cala-de-enmedio-3-1.jpg 400w, https:\/\/media.marinalia.es\/wp-content\/uploads\/2022\/02\/cala-de-enmedio-3-1-300x225.jpg 300w\" data-sizes=\"(max-width: 400px) 100vw, 400px\" src=\"data:image\/gif;base64,R0lGODlhAQABAAAAACH5BAEKAAEALAAAAAABAAEAAAICTAEAOw==\" style=\"--smush-placeholder-width: 400px; --smush-placeholder-aspect-ratio: 400\/300;\" \/>\t\t\t\t\t\t\t\t\t\t\t\t\t\t\t<\/div>\n\t\t\t\t<div class=\"elementor-element elementor-element-bb81443 elementor-widget elementor-widget-spacer\" data-id=\"bb81443\" data-element_type=\"widget\" data-e-type=\"widget\" data-widget_type=\"spacer.default\">\n\t\t\t\t\t\t\t<div class=\"elementor-spacer\">\n\t\t\t<div class=\"elementor-spacer-inner\"><\/div>\n\t\t<\/div>\n\t\t\t\t\t\t<\/div>\n\t\t\t\t<div class=\"elementor-element elementor-element-e088f5e elementor-widget elementor-widget-heading\" data-id=\"e088f5e\" data-element_type=\"widget\" data-e-type=\"widget\" data-widget_type=\"heading.default\">\n\t\t\t\t\t<h2 class=\"elementor-heading-title elementor-size-default\">Calilla del Playazo<\/h2>\t\t\t\t<\/div>\n\t\t\t\t<div class=\"elementor-element elementor-element-6689154 elementor-widget elementor-widget-text-editor\" data-id=\"6689154\" data-element_type=\"widget\" data-e-type=\"widget\" data-widget_type=\"text-editor.default\">\n\t\t\t\t\t\t\t\t\t<p><span style=\"font-weight: 400;\">Para conocer bien las Calas del Cabo de Gata tienes que visitar tambi\u00e9n la Calilla del Playazo, que es una de las m\u00e1s visitadas gracias a su ubicaci\u00f3n y su f\u00e1cil acceso. \u00c9sta se encuentra muy cerca de Las Negras, as\u00ed que no te ser\u00e1 dif\u00edcil llegar hasta ella.\u00a0<\/span><\/p><p><span style=\"font-weight: 400;\">En esta cala encontrar\u00e1s unas dunas f\u00f3siles impresionantes y muy curiosas adem\u00e1s del agua muy cristalina. En temporada alta de verano la ver\u00e1s bastante llena de gente, as\u00ed que si quieres ir durante estas fechas, te recomendamos que lo hagas temprano. Conoce m\u00e1s sobre ella en <a href=\"https:\/\/media.marinalia.es\/de\/blog\/calilla-del-playazo\/\">este art\u00edculo<\/a>.\u00a0<\/span><\/p>\t\t\t\t\t\t\t\t<\/div>\n\t\t\t\t<div class=\"elementor-element elementor-element-c103612 elementor-widget elementor-widget-image\" data-id=\"c103612\" data-element_type=\"widget\" data-e-type=\"widget\" data-widget_type=\"image.default\">\n\t\t\t\t\t\t\t\t\t\t\t\t\t\t\t<img decoding=\"async\" width=\"1024\" height=\"726\" data-src=\"https:\/\/media.marinalia.es\/wp-content\/uploads\/2022\/01\/Playazo-de-Rodalquilar.-1-1024x726.jpg\" class=\"attachment-large size-large wp-image-1945 lazyload\" alt=\"Playazo de Rodalquilar. 1 scaled\" data-srcset=\"https:\/\/media.marinalia.es\/wp-content\/uploads\/2022\/01\/Playazo-de-Rodalquilar.-1-1024x726.jpg 1024w, https:\/\/media.marinalia.es\/wp-content\/uploads\/2022\/01\/Playazo-de-Rodalquilar.-1-300x213.jpg 300w, https:\/\/media.marinalia.es\/wp-content\/uploads\/2022\/01\/Playazo-de-Rodalquilar.-1-768x545.jpg 768w, https:\/\/media.marinalia.es\/wp-content\/uploads\/2022\/01\/Playazo-de-Rodalquilar.-1-1536x1090.jpg 1536w, https:\/\/media.marinalia.es\/wp-content\/uploads\/2022\/01\/Playazo-de-Rodalquilar.-1-2048x1453.jpg 2048w, https:\/\/media.marinalia.es\/wp-content\/uploads\/2022\/01\/Playazo-de-Rodalquilar.-1-1200x851.jpg 1200w\" data-sizes=\"(max-width: 1024px) 100vw, 1024px\" src=\"data:image\/gif;base64,R0lGODlhAQABAAAAACH5BAEKAAEALAAAAAABAAEAAAICTAEAOw==\" style=\"--smush-placeholder-width: 1024px; --smush-placeholder-aspect-ratio: 1024\/726;\" \/>\t\t\t\t\t\t\t\t\t\t\t\t\t\t\t<\/div>\n\t\t\t\t<div class=\"elementor-element elementor-element-4a547e1 elementor-widget elementor-widget-heading\" data-id=\"4a547e1\" data-element_type=\"widget\" data-e-type=\"widget\" data-widget_type=\"heading.default\">\n\t\t\t\t\t<h2 class=\"elementor-heading-title elementor-size-default\">Playazo de Rodalquilar<\/h2>\t\t\t\t<\/div>\n\t\t\t\t<div class=\"elementor-element elementor-element-27a6605 elementor-widget elementor-widget-text-editor\" data-id=\"27a6605\" data-element_type=\"widget\" data-e-type=\"widget\" data-widget_type=\"text-editor.default\">\n\t\t\t\t\t\t\t\t\t<p><span style=\"font-weight: 400;\">Cuando hablamos de calas del Cabo de Gata y nombramos el \u201cplayazo\u201d mucha gente confunde la Calilla del Playazo con el Playazo de Rodalquilar, y sin dos calas diferentes, aunque se encuentren una al lado de la otra. En esta cala te vas a sentir muy muy agusto, estamos seguros. A tus espaldas tendr\u00e1s pared y acantilado rocoso, t\u00edpico del Parque Natural del Cabo de Gata y de frente tendr\u00e1s un agua muy cristalina y limpia para poder disfrutar de su flora y fauna marina con alguna excursi\u00f3n de snorkel.\u00a0<\/span><\/p><p><span style=\"font-weight: 400;\">El acceso a la playa es muy sencillo, as\u00ed que es posible que en algunos d\u00edas de verano la encuentres bastante llena, adem\u00e1s de que tiene un acceso al agua y una orgilla muy c\u00f3modo para los ni\u00f1os, as\u00ed que tambi\u00e9n es muy agradable para familias y ni\u00f1os. Por un lado del Playazo de Rodalquilar est\u00e1 situado el Castillo De San Ram\u00f3n, que se trata de un basti\u00f3n defensivo del siglo XVIII. Conoce m\u00e1s secretos sobre esta <a href=\"https:\/\/media.marinalia.es\/de\/blog\/playazo-de-rodalquilar\/\">cala del Cabo de Gata aqu\u00ed.<\/a><\/span><\/p>\t\t\t\t\t\t\t\t<\/div>\n\t\t\t\t<div class=\"elementor-element elementor-element-0be0de1 elementor-widget elementor-widget-image\" data-id=\"0be0de1\" data-element_type=\"widget\" data-e-type=\"widget\" data-widget_type=\"image.default\">\n\t\t\t\t\t\t\t\t\t\t\t\t\t\t\t<img decoding=\"async\" width=\"1024\" height=\"726\" data-src=\"https:\/\/media.marinalia.es\/wp-content\/uploads\/2022\/01\/Playazo-de-Rodalquilar-1-1024x726.jpg\" class=\"attachment-large size-large wp-image-1937 lazyload\" alt=\"Playazo de Rodalquilar 1 scaled\" data-srcset=\"https:\/\/media.marinalia.es\/wp-content\/uploads\/2022\/01\/Playazo-de-Rodalquilar-1-1024x726.jpg 1024w, https:\/\/media.marinalia.es\/wp-content\/uploads\/2022\/01\/Playazo-de-Rodalquilar-1-300x213.jpg 300w, https:\/\/media.marinalia.es\/wp-content\/uploads\/2022\/01\/Playazo-de-Rodalquilar-1-768x545.jpg 768w, https:\/\/media.marinalia.es\/wp-content\/uploads\/2022\/01\/Playazo-de-Rodalquilar-1-1536x1090.jpg 1536w, https:\/\/media.marinalia.es\/wp-content\/uploads\/2022\/01\/Playazo-de-Rodalquilar-1-2048x1453.jpg 2048w, https:\/\/media.marinalia.es\/wp-content\/uploads\/2022\/01\/Playazo-de-Rodalquilar-1-1200x851.jpg 1200w\" data-sizes=\"(max-width: 1024px) 100vw, 1024px\" src=\"data:image\/gif;base64,R0lGODlhAQABAAAAACH5BAEKAAEALAAAAAABAAEAAAICTAEAOw==\" style=\"--smush-placeholder-width: 1024px; --smush-placeholder-aspect-ratio: 1024\/726;\" \/>\t\t\t\t\t\t\t\t\t\t\t\t\t\t\t<\/div>\n\t\t\t\t<div class=\"elementor-element elementor-element-3d06cca elementor-widget elementor-widget-heading\" data-id=\"3d06cca\" data-element_type=\"widget\" data-e-type=\"widget\" data-widget_type=\"heading.default\">\n\t\t\t\t\t<h3 class=\"elementor-heading-title elementor-size-default\">Isleta del Moro<\/h3>\t\t\t\t<\/div>\n\t\t\t\t<div class=\"elementor-element elementor-element-3308e77 elementor-widget elementor-widget-text-editor\" data-id=\"3308e77\" data-element_type=\"widget\" data-e-type=\"widget\" data-widget_type=\"text-editor.default\">\n\t\t\t\t\t\t\t\t\t<p><span style=\"font-weight: 400;\">La <a href=\"https:\/\/media.marinalia.es\/de\/blog\/la-isleta-del-moro\/\">cala de la Isleta del Moro<\/a> se encuentra justamente en el pueblo llamado \u201cIsleta del Moro\u201d, y es uno de los pueblos que a pesar del desarrollo de los \u00faltimos a\u00f1os, \u00e9ste ha sabido preservar el ambiente marinero y tranquilo que siempre ha habido. Es verdad que en verano esta tranquilidad se pierde bastante, as\u00ed que si tienes la oportunidad, vis\u00edtalo durante cualquier d\u00eda soleado de temporada baja. Y si no te queda otra que ir en verano, oye, el pueblo y su cala son igual de bonitas y tiene el mismo rollito durante todo el a\u00f1o. Desde la playa ver\u00e1s un peque\u00f1o\/ isla que es la causa del nombre de la localidad.\u00a0<\/span><\/p><p><span style=\"font-weight: 400;\">No creas que por ser un pueblo y una cala peque\u00f1a te vas a aburrir\u2026 para nada. De hecho te dejamos aqu\u00ed dos actividades que puedes hacer en tu visita a la Isleta del Moro. <\/span><\/p>\t\t\t\t\t\t\t\t<\/div>\n\t\t\t\t\t<\/div>\n\t\t<\/div>\n\t\t\t\t\t<\/div>\n\t\t<\/section>\n\t\t\t\t<section class=\"elementor-section elementor-top-section elementor-element elementor-element-60ab721 elementor-section-boxed elementor-section-height-default elementor-section-height-default\" data-id=\"60ab721\" data-element_type=\"section\" data-e-type=\"section\">\n\t\t\t\t\t\t<div class=\"elementor-container elementor-column-gap-default\">\n\t\t\t\t\t<div class=\"elementor-column elementor-col-50 elementor-top-column elementor-element elementor-element-3e8690d\" data-id=\"3e8690d\" data-element_type=\"column\" data-e-type=\"column\">\n\t\t\t<div class=\"elementor-widget-wrap elementor-element-populated\">\n\t\t\t\t\t\t<div class=\"elementor-element elementor-element-6acd346 elementor-widget elementor-widget-image\" data-id=\"6acd346\" data-element_type=\"widget\" data-e-type=\"widget\" data-widget_type=\"image.default\">\n\t\t\t\t\t\t\t\t\t\t\t\t\t\t\t\t<a href=\"https:\/\/marinalia.es\/deportes-de-aventura\/actividades-acuaticas\/buceo-y-snorkel\/1045-bautismo-buceo-isleta-de-moro.html\" target=\"_blank\" rel=\"noopener\">\n\t\t\t\t\t\t\t<img decoding=\"async\" width=\"305\" height=\"307\" data-src=\"https:\/\/media.marinalia.es\/wp-content\/uploads\/2022\/02\/buceo-isleta-moro.png\" class=\"attachment-large size-large wp-image-2316 lazyload\" alt=\"buceo isleta moro\" data-srcset=\"https:\/\/media.marinalia.es\/wp-content\/uploads\/2022\/02\/buceo-isleta-moro.png 305w, https:\/\/media.marinalia.es\/wp-content\/uploads\/2022\/02\/buceo-isleta-moro-298x300.png 298w, https:\/\/media.marinalia.es\/wp-content\/uploads\/2022\/02\/buceo-isleta-moro-150x150.png 150w\" data-sizes=\"(max-width: 305px) 100vw, 305px\" src=\"data:image\/gif;base64,R0lGODlhAQABAAAAACH5BAEKAAEALAAAAAABAAEAAAICTAEAOw==\" style=\"--smush-placeholder-width: 305px; --smush-placeholder-aspect-ratio: 305\/307;\" \/>\t\t\t\t\t\t\t\t<\/a>\n\t\t\t\t\t\t\t\t\t\t\t\t\t\t\t<\/div>\n\t\t\t\t\t<\/div>\n\t\t<\/div>\n\t\t\t\t<div class=\"elementor-column elementor-col-50 elementor-top-column elementor-element elementor-element-d016011\" data-id=\"d016011\" data-element_type=\"column\" data-e-type=\"column\">\n\t\t\t<div class=\"elementor-widget-wrap elementor-element-populated\">\n\t\t\t\t\t\t<div class=\"elementor-element elementor-element-5d534de elementor-widget elementor-widget-image\" data-id=\"5d534de\" data-element_type=\"widget\" data-e-type=\"widget\" data-widget_type=\"image.default\">\n\t\t\t\t\t\t\t\t\t\t\t\t\t\t\t\t<a href=\"https:\/\/marinalia.es\/deportes-de-aventura\/excursiones-en-el-mar\/atardecer-barco\/1020-atardecer-barco-isleta-del-moro.html\" target=\"_blank\" rel=\"noopener\">\n\t\t\t\t\t\t\t<img decoding=\"async\" width=\"311\" height=\"306\" data-src=\"https:\/\/media.marinalia.es\/wp-content\/uploads\/2022\/02\/atardecer-barco-isleta-moro.png\" class=\"attachment-large size-large wp-image-2315 lazyload\" alt=\"atardecer barco isleta moro\" data-srcset=\"https:\/\/media.marinalia.es\/wp-content\/uploads\/2022\/02\/atardecer-barco-isleta-moro.png 311w, https:\/\/media.marinalia.es\/wp-content\/uploads\/2022\/02\/atardecer-barco-isleta-moro-300x295.png 300w\" data-sizes=\"(max-width: 311px) 100vw, 311px\" src=\"data:image\/gif;base64,R0lGODlhAQABAAAAACH5BAEKAAEALAAAAAABAAEAAAICTAEAOw==\" style=\"--smush-placeholder-width: 311px; --smush-placeholder-aspect-ratio: 311\/306;\" \/>\t\t\t\t\t\t\t\t<\/a>\n\t\t\t\t\t\t\t\t\t\t\t\t\t\t\t<\/div>\n\t\t\t\t\t<\/div>\n\t\t<\/div>\n\t\t\t\t\t<\/div>\n\t\t<\/section>\n\t\t\t\t<section class=\"elementor-section elementor-top-section elementor-element elementor-element-4a4a2f2 elementor-section-boxed elementor-section-height-default elementor-section-height-default\" data-id=\"4a4a2f2\" data-element_type=\"section\" data-e-type=\"section\">\n\t\t\t\t\t\t<div class=\"elementor-container elementor-column-gap-default\">\n\t\t\t\t\t<div class=\"elementor-column elementor-col-100 elementor-top-column elementor-element elementor-element-095159b\" data-id=\"095159b\" data-element_type=\"column\" data-e-type=\"column\">\n\t\t\t<div class=\"elementor-widget-wrap elementor-element-populated\">\n\t\t\t\t\t\t<div class=\"elementor-element elementor-element-8f67ac7 elementor-widget elementor-widget-heading\" data-id=\"8f67ac7\" data-element_type=\"widget\" data-e-type=\"widget\" data-widget_type=\"heading.default\">\n\t\t\t\t\t<h2 class=\"elementor-heading-title elementor-size-default\">Playa de los Genoveses<\/h2>\t\t\t\t<\/div>\n\t\t\t\t<div class=\"elementor-element elementor-element-d8b370d elementor-widget elementor-widget-text-editor\" data-id=\"d8b370d\" data-element_type=\"widget\" data-e-type=\"widget\" data-widget_type=\"text-editor.default\">\n\t\t\t\t\t\t\t\t\t<p><span style=\"font-weight: 400;\">Esta playa es de las m\u00e1s grandes del Cabo de Gata, ya que ocupa toda una bah\u00eda de m\u00e1s de un kil\u00f3metro de longitud.\u00a0 La Playa de los Genoveses est\u00e1 rodeada de dunas llenas de la vegetaci\u00f3n t\u00edpica del Cabo, llenas de pitas y chumberas. Una de las cosas que m\u00e1s valoramos de esta playa es que en el norte hay un peque\u00f1o \u201cbosque\u201d donde la gente se suele refugiar del sol de medio d\u00eda de los meses de verano.<\/span><\/p><p><span style=\"font-weight: 400;\">La entrada al agua de esta playa es bastante progresiva y muy c\u00f3moda, por lo que aqu\u00ed podr\u00e1s encontrar muchas familias y ni\u00f1os que vienen a pasar los d\u00edas de verano.\u00a0 Debemos tener en cuenta que est\u00e1 orientada hac\u00eda el Este,\u00a0 y esto conlleva a que los d\u00edas de viento no es muy agradable estar descansando en la playa, aunque por otro lado, estos d\u00edas son los ideales para practicar Windsurf. Si quiere saber m\u00e1s sobre esta cala te dejamos aqu\u00ed nuestra entrada donde te explicamos m\u00e1s cosas interesantes sobre la <a href=\"https:\/\/media.marinalia.es\/de\/blog\/playa-de-los-genoveses\/\">Playa de los Genoveses<\/a>.\u00a0<\/span><\/p>\t\t\t\t\t\t\t\t<\/div>\n\t\t\t\t<div class=\"elementor-element elementor-element-48afee2 elementor-widget elementor-widget-image\" data-id=\"48afee2\" data-element_type=\"widget\" data-e-type=\"widget\" data-widget_type=\"image.default\">\n\t\t\t\t\t\t\t\t\t\t\t\t\t\t\t<img decoding=\"async\" width=\"640\" height=\"480\" data-src=\"https:\/\/media.marinalia.es\/wp-content\/uploads\/2022\/02\/Playa-de-los-Genoveses-1.jpg\" class=\"attachment-large size-large wp-image-2317 lazyload\" alt=\"Playa de los Genoveses 1\" data-srcset=\"https:\/\/media.marinalia.es\/wp-content\/uploads\/2022\/02\/Playa-de-los-Genoveses-1.jpg 640w, https:\/\/media.marinalia.es\/wp-content\/uploads\/2022\/02\/Playa-de-los-Genoveses-1-300x225.jpg 300w\" data-sizes=\"(max-width: 640px) 100vw, 640px\" src=\"data:image\/gif;base64,R0lGODlhAQABAAAAACH5BAEKAAEALAAAAAABAAEAAAICTAEAOw==\" style=\"--smush-placeholder-width: 640px; --smush-placeholder-aspect-ratio: 640\/480;\" \/>\t\t\t\t\t\t\t\t\t\t\t\t\t\t\t<\/div>\n\t\t\t\t<div class=\"elementor-element elementor-element-5bf81a4 elementor-widget elementor-widget-heading\" data-id=\"5bf81a4\" data-element_type=\"widget\" data-e-type=\"widget\" data-widget_type=\"heading.default\">\n\t\t\t\t\t<h2 class=\"elementor-heading-title elementor-size-default\">Ruta de las Calas del Cabo de Gata<\/h2>\t\t\t\t<\/div>\n\t\t\t\t<div class=\"elementor-element elementor-element-fef61f2 elementor-widget elementor-widget-text-editor\" data-id=\"fef61f2\" data-element_type=\"widget\" data-e-type=\"widget\" data-widget_type=\"text-editor.default\">\n\t\t\t\t\t\t\t\t\t<p><span style=\"font-weight: 400;\">Te parecer\u00e1 que son muchas calas en Cabo de Gata que deber\u00edas conocer, pero es que a\u00fan hay m\u00e1s y m\u00e1s. No sabr\u00edamos decirte por cual empezar pero si que te podemos recomendar formas de poder visitarlas todas haciendo alguna ruta por la esta costa almeriense.\u00a0<\/span><\/p><p><span style=\"font-weight: 400;\">\u00bfQu\u00e9 tal alquilar un Kayak en Cabo de Gata por libre y descubrir por tu cuenta cada una de las calas y sus rincones secretos?<\/span><\/p><p><span style=\"font-weight: 400;\">O tambi\u00e9n podr\u00edas contratar un Paseo en Barco por el Cabo de Gata desde la localidad de Las Negras. Sin duda m\u00e1s c\u00f3modo que el Kayak, pero menos aventurero\u2026 \u00a1tu eliges!\u00a0<\/span><\/p>\t\t\t\t\t\t\t\t<\/div>\n\t\t\t\t\t<\/div>\n\t\t<\/div>\n\t\t\t\t\t<\/div>\n\t\t<\/section>\n\t\t\t\t<section class=\"elementor-section elementor-top-section elementor-element elementor-element-ac34515 elementor-section-boxed elementor-section-height-default elementor-section-height-default\" data-id=\"ac34515\" data-element_type=\"section\" data-e-type=\"section\">\n\t\t\t\t\t\t<div class=\"elementor-container elementor-column-gap-default\">\n\t\t\t\t\t<div class=\"elementor-column elementor-col-50 elementor-top-column elementor-element elementor-element-8d0141b\" data-id=\"8d0141b\" data-element_type=\"column\" data-e-type=\"column\">\n\t\t\t<div class=\"elementor-widget-wrap elementor-element-populated\">\n\t\t\t\t\t\t<div class=\"elementor-element elementor-element-288b8ff elementor-widget elementor-widget-image\" data-id=\"288b8ff\" data-element_type=\"widget\" data-e-type=\"widget\" data-widget_type=\"image.default\">\n\t\t\t\t\t\t\t\t\t\t\t\t\t\t\t\t<a href=\"https:\/\/marinalia.es\/deportes-de-aventura\/actividades-acuaticas\/alquiler-kayak-paddle-surf\/1119-2684-alquiler-de-kayak-en-carboneras.html\" target=\"_blank\" rel=\"noopener\">\n\t\t\t\t\t\t\t<img decoding=\"async\" width=\"316\" height=\"305\" data-src=\"https:\/\/media.marinalia.es\/wp-content\/uploads\/2022\/02\/alquiler-kayak-por-libre-cabo-de-gata-1.png\" class=\"attachment-large size-large wp-image-2318 lazyload\" alt=\"alquiler kayak por libre cabo de gata 1\" data-srcset=\"https:\/\/media.marinalia.es\/wp-content\/uploads\/2022\/02\/alquiler-kayak-por-libre-cabo-de-gata-1.png 316w, https:\/\/media.marinalia.es\/wp-content\/uploads\/2022\/02\/alquiler-kayak-por-libre-cabo-de-gata-1-300x290.png 300w\" data-sizes=\"(max-width: 316px) 100vw, 316px\" src=\"data:image\/gif;base64,R0lGODlhAQABAAAAACH5BAEKAAEALAAAAAABAAEAAAICTAEAOw==\" style=\"--smush-placeholder-width: 316px; --smush-placeholder-aspect-ratio: 316\/305;\" \/>\t\t\t\t\t\t\t\t<\/a>\n\t\t\t\t\t\t\t\t\t\t\t\t\t\t\t<\/div>\n\t\t\t\t\t<\/div>\n\t\t<\/div>\n\t\t\t\t<div class=\"elementor-column elementor-col-50 elementor-top-column elementor-element elementor-element-1cac367\" data-id=\"1cac367\" data-element_type=\"column\" data-e-type=\"column\">\n\t\t\t<div class=\"elementor-widget-wrap elementor-element-populated\">\n\t\t\t\t\t\t<div class=\"elementor-element elementor-element-eda1e93 elementor-widget elementor-widget-image\" data-id=\"eda1e93\" data-element_type=\"widget\" data-e-type=\"widget\" data-widget_type=\"image.default\">\n\t\t\t\t\t\t\t\t\t\t\t\t\t\t\t\t<a href=\"https:\/\/marinalia.es\/deportes-de-aventura\/excursiones-en-el-mar\/excursiones-en-barco\/1015-excursion-barco-cabo-de-gata.html\" target=\"_blank\" rel=\"noopener\">\n\t\t\t\t\t\t\t<img decoding=\"async\" width=\"309\" height=\"306\" data-src=\"https:\/\/media.marinalia.es\/wp-content\/uploads\/2022\/02\/excursion-barco-cabo-de-gata-Las-negras-1.png\" class=\"attachment-large size-large wp-image-2319 lazyload\" alt=\"excursion barco cabo de gata Las negras 1\" data-srcset=\"https:\/\/media.marinalia.es\/wp-content\/uploads\/2022\/02\/excursion-barco-cabo-de-gata-Las-negras-1.png 309w, https:\/\/media.marinalia.es\/wp-content\/uploads\/2022\/02\/excursion-barco-cabo-de-gata-Las-negras-1-300x297.png 300w, https:\/\/media.marinalia.es\/wp-content\/uploads\/2022\/02\/excursion-barco-cabo-de-gata-Las-negras-1-150x150.png 150w\" data-sizes=\"(max-width: 309px) 100vw, 309px\" src=\"data:image\/gif;base64,R0lGODlhAQABAAAAACH5BAEKAAEALAAAAAABAAEAAAICTAEAOw==\" style=\"--smush-placeholder-width: 309px; --smush-placeholder-aspect-ratio: 309\/306;\" \/>\t\t\t\t\t\t\t\t<\/a>\n\t\t\t\t\t\t\t\t\t\t\t\t\t\t\t<\/div>\n\t\t\t\t\t<\/div>\n\t\t<\/div>\n\t\t\t\t\t<\/div>\n\t\t<\/section>\n\t\t\t\t<section class=\"elementor-section elementor-top-section elementor-element elementor-element-f132a80 elementor-section-boxed elementor-section-height-default elementor-section-height-default\" data-id=\"f132a80\" data-element_type=\"section\" data-e-type=\"section\">\n\t\t\t\t\t\t<div class=\"elementor-container elementor-column-gap-default\">\n\t\t\t\t\t<div class=\"elementor-column elementor-col-100 elementor-top-column elementor-element elementor-element-3e4c752\" data-id=\"3e4c752\" data-element_type=\"column\" data-e-type=\"column\">\n\t\t\t<div class=\"elementor-widget-wrap elementor-element-populated\">\n\t\t\t\t\t\t<div class=\"elementor-element elementor-element-89dbee8 elementor-widget elementor-widget-spacer\" data-id=\"89dbee8\" data-element_type=\"widget\" data-e-type=\"widget\" data-widget_type=\"spacer.default\">\n\t\t\t\t\t\t\t<div class=\"elementor-spacer\">\n\t\t\t<div class=\"elementor-spacer-inner\"><\/div>\n\t\t<\/div>\n\t\t\t\t\t\t<\/div>\n\t\t\t\t<div class=\"elementor-element elementor-element-61b0efb elementor-align-center elementor-widget elementor-widget-button\" data-id=\"61b0efb\" data-element_type=\"widget\" data-e-type=\"widget\" data-widget_type=\"button.default\">\n\t\t\t\t\t\t\t\t\t\t<a class=\"elementor-button elementor-button-link elementor-size-md\" href=\"https:\/\/marinalia.es\/199-actividades-cabo-de-gata\" target=\"_blank\" rel=\"noopener\">\n\t\t\t\t\t\t<span class=\"elementor-button-content-wrapper\">\n\t\t\t\t\t\t\t\t\t<span class=\"elementor-button-text\">Ver todas las actividades en Cabo de Gata<\/span>\n\t\t\t\t\t<\/span>\n\t\t\t\t\t<\/a>\n\t\t\t\t\t\t\t\t<\/div>\n\t\t\t\t<div class=\"elementor-element elementor-element-cda276b elementor-widget elementor-widget-spacer\" data-id=\"cda276b\" data-element_type=\"widget\" data-e-type=\"widget\" data-widget_type=\"spacer.default\">\n\t\t\t\t\t\t\t<div class=\"elementor-spacer\">\n\t\t\t<div class=\"elementor-spacer-inner\"><\/div>\n\t\t<\/div>\n\t\t\t\t\t\t<\/div>\n\t\t\t\t\t<\/div>\n\t\t<\/div>\n\t\t\t\t\t<\/div>\n\t\t<\/section>\n\t\t\t\t<section class=\"elementor-section elementor-top-section elementor-element elementor-element-2454739f elementor-section-boxed elementor-section-height-default elementor-section-height-default\" data-id=\"2454739f\" data-element_type=\"section\" data-e-type=\"section\">\n\t\t\t\t\t\t<div class=\"elementor-container elementor-column-gap-default\">\n\t\t\t\t\t<div class=\"elementor-column elementor-col-100 elementor-top-column elementor-element elementor-element-6b7feea4\" data-id=\"6b7feea4\" data-element_type=\"column\" data-e-type=\"column\">\n\t\t\t<div class=\"elementor-widget-wrap elementor-element-populated\">\n\t\t\t\t\t\t<div class=\"elementor-element elementor-element-33084f05 elementor-widget elementor-widget-heading\" data-id=\"33084f05\" data-element_type=\"widget\" data-e-type=\"widget\" data-widget_type=\"heading.default\">\n\t\t\t\t\t<h3 class=\"elementor-heading-title elementor-size-default\">M\u00e1s rincones para descubrir<\/h3>\t\t\t\t<\/div>\n\t\t\t\t\t<\/div>\n\t\t<\/div>\n\t\t\t\t\t<\/div>\n\t\t<\/section>\n\t\t\t\t<section class=\"elementor-section elementor-top-section elementor-element elementor-element-2c357062 elementor-section-boxed elementor-section-height-default elementor-section-height-default\" data-id=\"2c357062\" data-element_type=\"section\" data-e-type=\"section\">\n\t\t\t\t\t\t<div class=\"elementor-container elementor-column-gap-default\">\n\t\t\t\t\t<div class=\"elementor-column elementor-col-100 elementor-top-column elementor-element elementor-element-19c1598c\" data-id=\"19c1598c\" data-element_type=\"column\" data-e-type=\"column\">\n\t\t\t<div class=\"elementor-widget-wrap elementor-element-populated\">\n\t\t\t\t\t\t<div class=\"elementor-element elementor-element-5c66ae1f elementor-posts--align-center elementor-grid-3 elementor-grid-tablet-2 elementor-grid-mobile-1 elementor-posts--thumbnail-top elementor-widget elementor-widget-posts\" data-id=\"5c66ae1f\" data-element_type=\"widget\" data-e-type=\"widget\" data-settings=\"{&quot;classic_columns&quot;:&quot;3&quot;,&quot;classic_columns_tablet&quot;:&quot;2&quot;,&quot;classic_columns_mobile&quot;:&quot;1&quot;,&quot;classic_row_gap&quot;:{&quot;unit&quot;:&quot;px&quot;,&quot;size&quot;:35,&quot;sizes&quot;:[]},&quot;classic_row_gap_tablet&quot;:{&quot;unit&quot;:&quot;px&quot;,&quot;size&quot;:&quot;&quot;,&quot;sizes&quot;:[]},&quot;classic_row_gap_mobile&quot;:{&quot;unit&quot;:&quot;px&quot;,&quot;size&quot;:&quot;&quot;,&quot;sizes&quot;:[]}}\" data-widget_type=\"posts.classic\">\n\t\t\t\t<div class=\"elementor-widget-container\">\n\t\t\t\t\t\t\t<div class=\"elementor-posts-container elementor-posts elementor-posts--skin-classic elementor-grid\">\n\t\t\t\t<article class=\"elementor-post elementor-grid-item post-8113 post type-post status-publish format-standard has-post-thumbnail hentry category-playas-almeria\">\n\t\t\t\t<a class=\"elementor-post__thumbnail__link\" href=\"https:\/\/media.marinalia.es\/de\/blog\/playa-del-corralete\/\">\n\t\t\t<div class=\"elementor-post__thumbnail\"><img decoding=\"async\" width=\"1024\" height=\"338\" data-src=\"https:\/\/media.marinalia.es\/wp-content\/uploads\/2021\/12\/playa-del-corralete-cabo-de-gata-1024x338.jpg\" class=\"attachment-large size-large wp-image-8124 lazyload\" alt=\"playa del corralete cabo de gata\" data-srcset=\"https:\/\/media.marinalia.es\/wp-content\/uploads\/2021\/12\/playa-del-corralete-cabo-de-gata-1024x338.jpg 1024w, https:\/\/media.marinalia.es\/wp-content\/uploads\/2021\/12\/playa-del-corralete-cabo-de-gata-300x99.jpg 300w, https:\/\/media.marinalia.es\/wp-content\/uploads\/2021\/12\/playa-del-corralete-cabo-de-gata-768x253.jpg 768w, https:\/\/media.marinalia.es\/wp-content\/uploads\/2021\/12\/playa-del-corralete-cabo-de-gata-1536x506.jpg 1536w, https:\/\/media.marinalia.es\/wp-content\/uploads\/2021\/12\/playa-del-corralete-cabo-de-gata-18x6.jpg 18w, https:\/\/media.marinalia.es\/wp-content\/uploads\/2021\/12\/playa-del-corralete-cabo-de-gata.jpg 1820w\" data-sizes=\"(max-width: 1024px) 100vw, 1024px\" src=\"data:image\/gif;base64,R0lGODlhAQABAAAAACH5BAEKAAEALAAAAAABAAEAAAICTAEAOw==\" style=\"--smush-placeholder-width: 1024px; --smush-placeholder-aspect-ratio: 1024\/338;\" \/><\/div>\n\t\t<\/a>\n\t\t\t\t<div class=\"elementor-post__text\">\n\t\t\t\t<h4 class=\"elementor-post__title\">\n\t\t\t<a href=\"https:\/\/media.marinalia.es\/de\/blog\/playa-del-corralete\/\">\n\t\t\t\tPlaya del Corralete\t\t\t<\/a>\n\t\t<\/h4>\n\t\t\t\t<\/div>\n\t\t\t\t<\/article>\n\t\t\t\t<article class=\"elementor-post elementor-grid-item post-7617 post type-post status-publish format-standard has-post-thumbnail hentry category-playas-almeria\">\n\t\t\t\t<a class=\"elementor-post__thumbnail__link\" href=\"https:\/\/media.marinalia.es\/de\/blog\/cala-de-los-amarillos\/\">\n\t\t\t<div class=\"elementor-post__thumbnail\"><img decoding=\"async\" width=\"1024\" height=\"323\" data-src=\"https:\/\/media.marinalia.es\/wp-content\/uploads\/2025\/08\/cala-de-los-amarillos-1024x323.jpg\" class=\"attachment-large size-large wp-image-7668 lazyload\" alt=\"cala de los amarillos\" data-srcset=\"https:\/\/media.marinalia.es\/wp-content\/uploads\/2025\/08\/cala-de-los-amarillos-1024x323.jpg 1024w, https:\/\/media.marinalia.es\/wp-content\/uploads\/2025\/08\/cala-de-los-amarillos-300x95.jpg 300w, https:\/\/media.marinalia.es\/wp-content\/uploads\/2025\/08\/cala-de-los-amarillos-768x243.jpg 768w, https:\/\/media.marinalia.es\/wp-content\/uploads\/2025\/08\/cala-de-los-amarillos-1536x485.jpg 1536w, https:\/\/media.marinalia.es\/wp-content\/uploads\/2025\/08\/cala-de-los-amarillos-18x6.jpg 18w, https:\/\/media.marinalia.es\/wp-content\/uploads\/2025\/08\/cala-de-los-amarillos.jpg 1900w\" data-sizes=\"(max-width: 1024px) 100vw, 1024px\" src=\"data:image\/gif;base64,R0lGODlhAQABAAAAACH5BAEKAAEALAAAAAABAAEAAAICTAEAOw==\" style=\"--smush-placeholder-width: 1024px; --smush-placeholder-aspect-ratio: 1024\/323;\" \/><\/div>\n\t\t<\/a>\n\t\t\t\t<div class=\"elementor-post__text\">\n\t\t\t\t<h4 class=\"elementor-post__title\">\n\t\t\t<a href=\"https:\/\/media.marinalia.es\/de\/blog\/cala-de-los-amarillos\/\">\n\t\t\t\tCala de los Amarillos\t\t\t<\/a>\n\t\t<\/h4>\n\t\t\t\t<\/div>\n\t\t\t\t<\/article>\n\t\t\t\t<article class=\"elementor-post elementor-grid-item post-7782 post type-post status-publish format-standard has-post-thumbnail hentry category-playas-almeria\">\n\t\t\t\t<a class=\"elementor-post__thumbnail__link\" href=\"https:\/\/media.marinalia.es\/de\/blog\/cala-arena\/\">\n\t\t\t<div class=\"elementor-post__thumbnail\"><img decoding=\"async\" width=\"1024\" height=\"323\" data-src=\"https:\/\/media.marinalia.es\/wp-content\/uploads\/2021\/12\/cala-arena-1024x323.jpg\" class=\"attachment-large size-large wp-image-7793 lazyload\" alt=\"cala arena\" data-srcset=\"https:\/\/media.marinalia.es\/wp-content\/uploads\/2021\/12\/cala-arena-1024x323.jpg 1024w, https:\/\/media.marinalia.es\/wp-content\/uploads\/2021\/12\/cala-arena-300x95.jpg 300w, https:\/\/media.marinalia.es\/wp-content\/uploads\/2021\/12\/cala-arena-768x243.jpg 768w, https:\/\/media.marinalia.es\/wp-content\/uploads\/2021\/12\/cala-arena-1536x485.jpg 1536w, https:\/\/media.marinalia.es\/wp-content\/uploads\/2021\/12\/cala-arena-18x6.jpg 18w, https:\/\/media.marinalia.es\/wp-content\/uploads\/2021\/12\/cala-arena.jpg 1900w\" data-sizes=\"(max-width: 1024px) 100vw, 1024px\" src=\"data:image\/gif;base64,R0lGODlhAQABAAAAACH5BAEKAAEALAAAAAABAAEAAAICTAEAOw==\" style=\"--smush-placeholder-width: 1024px; --smush-placeholder-aspect-ratio: 1024\/323;\" \/><\/div>\n\t\t<\/a>\n\t\t\t\t<div class=\"elementor-post__text\">\n\t\t\t\t<h4 class=\"elementor-post__title\">\n\t\t\t<a href=\"https:\/\/media.marinalia.es\/de\/blog\/cala-arena\/\">\n\t\t\t\tCala Arena\t\t\t<\/a>\n\t\t<\/h4>\n\t\t\t\t<\/div>\n\t\t\t\t<\/article>\n\t\t\t\t<article class=\"elementor-post elementor-grid-item post-7795 post type-post status-publish format-standard has-post-thumbnail hentry category-playas-almeria\">\n\t\t\t\t<a class=\"elementor-post__thumbnail__link\" href=\"https:\/\/media.marinalia.es\/de\/blog\/playa-del-barronal\/\">\n\t\t\t<div class=\"elementor-post__thumbnail\"><img decoding=\"async\" width=\"1024\" height=\"323\" data-src=\"https:\/\/media.marinalia.es\/wp-content\/uploads\/2021\/12\/playa-del-barronal-1024x323.jpg\" class=\"attachment-large size-large wp-image-7806 lazyload\" alt=\"playa del barronal\" data-srcset=\"https:\/\/media.marinalia.es\/wp-content\/uploads\/2021\/12\/playa-del-barronal-1024x323.jpg 1024w, https:\/\/media.marinalia.es\/wp-content\/uploads\/2021\/12\/playa-del-barronal-300x95.jpg 300w, https:\/\/media.marinalia.es\/wp-content\/uploads\/2021\/12\/playa-del-barronal-768x243.jpg 768w, https:\/\/media.marinalia.es\/wp-content\/uploads\/2021\/12\/playa-del-barronal-1536x485.jpg 1536w, https:\/\/media.marinalia.es\/wp-content\/uploads\/2021\/12\/playa-del-barronal-18x6.jpg 18w, https:\/\/media.marinalia.es\/wp-content\/uploads\/2021\/12\/playa-del-barronal.jpg 1900w\" data-sizes=\"(max-width: 1024px) 100vw, 1024px\" src=\"data:image\/gif;base64,R0lGODlhAQABAAAAACH5BAEKAAEALAAAAAABAAEAAAICTAEAOw==\" style=\"--smush-placeholder-width: 1024px; --smush-placeholder-aspect-ratio: 1024\/323;\" \/><\/div>\n\t\t<\/a>\n\t\t\t\t<div class=\"elementor-post__text\">\n\t\t\t\t<h4 class=\"elementor-post__title\">\n\t\t\t<a href=\"https:\/\/media.marinalia.es\/de\/blog\/playa-del-barronal\/\">\n\t\t\t\tPlaya del Barronal\t\t\t<\/a>\n\t\t<\/h4>\n\t\t\t\t<\/div>\n\t\t\t\t<\/article>\n\t\t\t\t<article class=\"elementor-post elementor-grid-item post-8214 post type-post status-publish format-standard has-post-thumbnail hentry category-playas-almeria\">\n\t\t\t\t<a class=\"elementor-post__thumbnail__link\" href=\"https:\/\/media.marinalia.es\/de\/blog\/cala-chica-cabo-de-gata\/\">\n\t\t\t<div class=\"elementor-post__thumbnail\"><img decoding=\"async\" width=\"1024\" height=\"338\" data-src=\"https:\/\/media.marinalia.es\/wp-content\/uploads\/2021\/12\/cala-chica-cabo-de-gata-1024x338.jpg\" class=\"attachment-large size-large wp-image-8224 lazyload\" alt=\"cala chica cabo de gata\" data-srcset=\"https:\/\/media.marinalia.es\/wp-content\/uploads\/2021\/12\/cala-chica-cabo-de-gata-1024x338.jpg 1024w, https:\/\/media.marinalia.es\/wp-content\/uploads\/2021\/12\/cala-chica-cabo-de-gata-300x99.jpg 300w, https:\/\/media.marinalia.es\/wp-content\/uploads\/2021\/12\/cala-chica-cabo-de-gata-768x253.jpg 768w, https:\/\/media.marinalia.es\/wp-content\/uploads\/2021\/12\/cala-chica-cabo-de-gata-1536x506.jpg 1536w, https:\/\/media.marinalia.es\/wp-content\/uploads\/2021\/12\/cala-chica-cabo-de-gata-18x6.jpg 18w, https:\/\/media.marinalia.es\/wp-content\/uploads\/2021\/12\/cala-chica-cabo-de-gata.jpg 1820w\" data-sizes=\"(max-width: 1024px) 100vw, 1024px\" src=\"data:image\/gif;base64,R0lGODlhAQABAAAAACH5BAEKAAEALAAAAAABAAEAAAICTAEAOw==\" style=\"--smush-placeholder-width: 1024px; --smush-placeholder-aspect-ratio: 1024\/338;\" \/><\/div>\n\t\t<\/a>\n\t\t\t\t<div class=\"elementor-post__text\">\n\t\t\t\t<h4 class=\"elementor-post__title\">\n\t\t\t<a href=\"https:\/\/media.marinalia.es\/de\/blog\/cala-chica-cabo-de-gata\/\">\n\t\t\t\tCala Chica, Cabo de Gata\t\t\t<\/a>\n\t\t<\/h4>\n\t\t\t\t<\/div>\n\t\t\t\t<\/article>\n\t\t\t\t<article class=\"elementor-post elementor-grid-item post-8154 post type-post status-publish format-standard has-post-thumbnail hentry category-playas-almeria category-playas-malaga\">\n\t\t\t\t<a class=\"elementor-post__thumbnail__link\" href=\"https:\/\/media.marinalia.es\/de\/blog\/playa-del-saladillo\/\">\n\t\t\t<div class=\"elementor-post__thumbnail\"><img decoding=\"async\" width=\"1024\" height=\"338\" data-src=\"https:\/\/media.marinalia.es\/wp-content\/uploads\/2021\/12\/playa-del-saladillo-1024x338.jpg\" class=\"attachment-large size-large wp-image-8167 lazyload\" alt=\"playa del saladillo\" data-srcset=\"https:\/\/media.marinalia.es\/wp-content\/uploads\/2021\/12\/playa-del-saladillo-1024x338.jpg 1024w, https:\/\/media.marinalia.es\/wp-content\/uploads\/2021\/12\/playa-del-saladillo-300x99.jpg 300w, https:\/\/media.marinalia.es\/wp-content\/uploads\/2021\/12\/playa-del-saladillo-768x253.jpg 768w, https:\/\/media.marinalia.es\/wp-content\/uploads\/2021\/12\/playa-del-saladillo-1536x506.jpg 1536w, https:\/\/media.marinalia.es\/wp-content\/uploads\/2021\/12\/playa-del-saladillo-18x6.jpg 18w, https:\/\/media.marinalia.es\/wp-content\/uploads\/2021\/12\/playa-del-saladillo.jpg 1820w\" data-sizes=\"(max-width: 1024px) 100vw, 1024px\" src=\"data:image\/gif;base64,R0lGODlhAQABAAAAACH5BAEKAAEALAAAAAABAAEAAAICTAEAOw==\" style=\"--smush-placeholder-width: 1024px; --smush-placeholder-aspect-ratio: 1024\/338;\" \/><\/div>\n\t\t<\/a>\n\t\t\t\t<div class=\"elementor-post__text\">\n\t\t\t\t<h4 class=\"elementor-post__title\">\n\t\t\t<a href=\"https:\/\/media.marinalia.es\/de\/blog\/playa-del-saladillo\/\">\n\t\t\t\tPlaya del Saladillo\t\t\t<\/a>\n\t\t<\/h4>\n\t\t\t\t<\/div>\n\t\t\t\t<\/article>\n\t\t\t\t<\/div>\n\n\n\t\t\n\t\t\t\t\t\t<\/div>\n\t\t\t\t<\/div>\n\t\t\t\t<div class=\"elementor-element elementor-element-b05bed8 elementor-widget elementor-widget-spacer\" data-id=\"b05bed8\" data-element_type=\"widget\" data-e-type=\"widget\" data-widget_type=\"spacer.default\">\n\t\t\t\t\t\t\t<div class=\"elementor-spacer\">\n\t\t\t<div class=\"elementor-spacer-inner\"><\/div>\n\t\t<\/div>\n\t\t\t\t\t\t<\/div>\n\t\t\t\t\t<\/div>\n\t\t<\/div>\n\t\t\t\t\t<\/div>\n\t\t<\/section>\n\t\t\t\t<\/div>","protected":false},"excerpt":{"rendered":"<p>Si est\u00e1s deseando conocer las Calas de Cabo de Gata te decimos ya que haces bien en querer conocerlas porque realmente esta zona de la<\/p>","protected":false},"author":1,"featured_media":2308,"comment_status":"closed","ping_status":"closed","sticky":false,"template":"","format":"standard","meta":{"site-sidebar-layout":"default","site-content-layout":"default","ast-site-content-layout":"default","site-content-style":"default","site-sidebar-style":"default","ast-global-header-display":"","ast-banner-title-visibility":"","ast-main-header-display":"","ast-hfb-above-header-display":"","ast-hfb-below-header-display":"","ast-hfb-mobile-header-display":"","site-post-title":"","ast-breadcrumbs-content":"","ast-featured-img":"","footer-sml-layout":"","ast-disable-related-posts":"","theme-transparent-header-meta":"default","adv-header-id-meta":"","stick-header-meta":"","header-above-stick-meta":"","header-main-stick-meta":"","header-below-stick-meta":"","astra-migrate-meta-layouts":"default","ast-page-background-enabled":"default","ast-page-background-meta":{"desktop":{"background-color":"var(--ast-global-color-4)","background-image":"","background-repeat":"repeat","background-position":"center center","background-size":"auto","background-attachment":"scroll","background-type":"","background-media":"","overlay-type":"","overlay-color":"","overlay-opacity":"","overlay-gradient":""},"tablet":{"background-color":"","background-image":"","background-repeat":"repeat","background-position":"center center","background-size":"auto","background-attachment":"scroll","background-type":"","background-media":"","overlay-type":"","overlay-color":"","overlay-opacity":"","overlay-gradient":""},"mobile":{"background-color":"","background-image":"","background-repeat":"repeat","background-position":"center center","background-size":"auto","background-attachment":"scroll","background-type":"","background-media":"","overlay-type":"","overlay-color":"","overlay-opacity":"","overlay-gradient":""}},"ast-content-background-meta":{"desktop":{"background-color":"var(--ast-global-color-5)","background-image":"","background-repeat":"repeat","background-position":"center center","background-size":"auto","background-attachment":"scroll","background-type":"","background-media":"","overlay-type":"","overlay-color":"","overlay-opacity":"","overlay-gradient":""},"tablet":{"background-color":"var(--ast-global-color-5)","background-image":"","background-repeat":"repeat","background-position":"center center","background-size":"auto","background-attachment":"scroll","background-type":"","background-media":"","overlay-type":"","overlay-color":"","overlay-opacity":"","overlay-gradient":""},"mobile":{"background-color":"var(--ast-global-color-5)","background-image":"","background-repeat":"repeat","background-position":"center center","background-size":"auto","background-attachment":"scroll","background-type":"","background-media":"","overlay-type":"","overlay-color":"","overlay-opacity":"","overlay-gradient":""}},"_joinchat":[],"footnotes":""},"categories":[14],"tags":[],"class_list":["post-2307","post","type-post","status-publish","format-standard","has-post-thumbnail","hentry","category-playas-almeria"],"_links":{"self":[{"href":"https:\/\/media.marinalia.es\/de\/wp-json\/wp\/v2\/posts\/2307","targetHints":{"allow":["GET"]}}],"collection":[{"href":"https:\/\/media.marinalia.es\/de\/wp-json\/wp\/v2\/posts"}],"about":[{"href":"https:\/\/media.marinalia.es\/de\/wp-json\/wp\/v2\/types\/post"}],"author":[{"embeddable":true,"href":"https:\/\/media.marinalia.es\/de\/wp-json\/wp\/v2\/users\/1"}],"replies":[{"embeddable":true,"href":"https:\/\/media.marinalia.es\/de\/wp-json\/wp\/v2\/comments?post=2307"}],"version-history":[{"count":0,"href":"https:\/\/media.marinalia.es\/de\/wp-json\/wp\/v2\/posts\/2307\/revisions"}],"wp:featuredmedia":[{"embeddable":true,"href":"https:\/\/media.marinalia.es\/de\/wp-json\/wp\/v2\/media\/2308"}],"wp:attachment":[{"href":"https:\/\/media.marinalia.es\/de\/wp-json\/wp\/v2\/media?parent=2307"}],"wp:term":[{"taxonomy":"category","embeddable":true,"href":"https:\/\/media.marinalia.es\/de\/wp-json\/wp\/v2\/categories?post=2307"},{"taxonomy":"post_tag","embeddable":true,"href":"https:\/\/media.marinalia.es\/de\/wp-json\/wp\/v2\/tags?post=2307"}],"curies":[{"name":"wp","href":"https:\/\/api.w.org\/{rel}","templated":true}]}}