{"id":1328,"date":"2022-01-07T10:36:43","date_gmt":"2022-01-07T09:36:43","guid":{"rendered":"https:\/\/media.marinalia.es\/?p=1328"},"modified":"2025-10-20T16:35:28","modified_gmt":"2025-10-20T15:35:28","slug":"cala-barra-grande-altea","status":"publish","type":"post","link":"https:\/\/media.marinalia.es\/de\/blog\/cala-barra-grande-altea\/","title":{"rendered":"La Cala Barra Grande en Altea"},"content":{"rendered":"\t\t<div data-elementor-type=\"wp-post\" data-elementor-id=\"1328\" class=\"elementor elementor-1328\">\n\t\t\t\t\t\t<section class=\"elementor-section elementor-top-section elementor-element elementor-element-5634140 elementor-section-boxed elementor-section-height-default elementor-section-height-default\" data-id=\"5634140\" data-element_type=\"section\" data-e-type=\"section\">\n\t\t\t\t\t\t<div class=\"elementor-container elementor-column-gap-default\">\n\t\t\t\t\t<div class=\"elementor-column elementor-col-100 elementor-top-column elementor-element elementor-element-2cd2eab\" data-id=\"2cd2eab\" data-element_type=\"column\" data-e-type=\"column\">\n\t\t\t<div class=\"elementor-widget-wrap elementor-element-populated\">\n\t\t\t\t\t\t<div class=\"elementor-element elementor-element-edb4f72 elementor-widget elementor-widget-text-editor\" data-id=\"edb4f72\" data-element_type=\"widget\" data-e-type=\"widget\" data-widget_type=\"text-editor.default\">\n\t\t\t\t\t\t\t\t\t<p><span style=\"font-weight: 400;\">Altea es uno de los municipios de la <\/span><a href=\"https:\/\/media.marinalia.es\/blog\/los-6-mejores-pueblos-que-ver-en-la-costa-de-alicante\/\"><span style=\"font-weight: 400;\">costa de Alicante<\/span><\/a><span style=\"font-weight: 400;\"> que posee unas playas y calas muy bonitas. Encuadres de naturaleza donde podr\u00e1s descubrir algunos de los mejores rincones de la Costa Blanca.<\/span><\/p><p><span style=\"font-weight: 400;\">En este art\u00edculo, os vamos a contar sobre la Cala Barra Grande Altea, la cala nudista de Altea,\u00a0 situada entre el Mascarat y la <\/span><a href=\"https:\/\/marinalia.es\/deporte-y-aventura\/excursiones-en-el-mar\/excursiones-en-kayak\/999-excursion-en-kayak-cala-el-collao-altea.html\" target=\"_blank\" rel=\"noopener\"><span style=\"font-weight: 400;\">cala Rac\u00f3 del Corb<\/span><\/a><span style=\"font-weight: 400;\"> de Altea y con un acceso a pie algo complicado. Debes saber que es un cala \u201csalvaje\u201d, es decir, no tiene servicio de socorrismo, ni ducha ni parking.\u00a0<\/span><\/p><p><span style=\"font-weight: 400;\">Se trata de una <\/span><a href=\"https:\/\/www.diarioinformacion.com\/sociedad\/2020\/07\/07\/mejores-calas-nudistas-alicante-que-hacer\/2280273.html\" target=\"_blank\" rel=\"noopener\"><span style=\"font-weight: 400;\">playa nudista<\/span><\/a><span style=\"font-weight: 400;\"> de gravilla y rocas que tiene unos 50 metros de longitud por 7 metros de anchura y es una de las mejores zonas para hacer <\/span><a href=\"https:\/\/marinalia.es\/53-actividades-en-altea?experiencias=buceo-y-snorkel\" target=\"_blank\" rel=\"noopener\"><span style=\"font-weight: 400;\">snorkel en Altea<\/span><\/a> <span style=\"font-weight: 400;\">y su nivel de ocupaci\u00f3n es tan bajo que es el lugar id\u00f3neo para experimentar el placer de la tranquilidad.<\/span><\/p>\t\t\t\t\t\t\t\t<\/div>\n\t\t\t\t\t<\/div>\n\t\t<\/div>\n\t\t\t\t\t<\/div>\n\t\t<\/section>\n\t\t\t\t<section class=\"elementor-section elementor-top-section elementor-element elementor-element-01fc48d elementor-section-boxed elementor-section-height-default elementor-section-height-default\" data-id=\"01fc48d\" data-element_type=\"section\" data-e-type=\"section\">\n\t\t\t\t\t\t<div class=\"elementor-container elementor-column-gap-default\">\n\t\t\t\t\t<div class=\"elementor-column elementor-col-100 elementor-top-column elementor-element elementor-element-9842d2b\" data-id=\"9842d2b\" data-element_type=\"column\" data-e-type=\"column\">\n\t\t\t<div class=\"elementor-widget-wrap elementor-element-populated\">\n\t\t\t\t\t\t<div class=\"elementor-element elementor-element-195c870 elementor-widget elementor-widget-shortcode\" data-id=\"195c870\" data-element_type=\"widget\" data-e-type=\"widget\" data-widget_type=\"shortcode.default\">\n\t\t\t\t\t\t\t<div class=\"elementor-shortcode\"><blockquote class=\"instagram-media\" data-instgrm-captioned data-instgrm-permalink=\"https:\/\/www.instagram.com\/p\/CUAH9Moo2wc\/?utm_source=ig_embed&amp;utm_campaign=loading\" data-instgrm-version=\"14\" style=\" background:#FFF; border:0; border-radius:3px; box-shadow:0 0 1px 0 rgba(0,0,0,0.5),0 1px 10px 0 rgba(0,0,0,0.15); margin: 1px; max-width:540px; min-width:326px; padding:0; width:99.375%; width:-webkit-calc(100% - 2px); width:calc(100% - 2px);\"><div style=\"padding:16px;\"> <a href=\"https:\/\/www.instagram.com\/p\/CUAH9Moo2wc\/?utm_source=ig_embed&amp;utm_campaign=loading\" style=\" background:#FFFFFF; line-height:0; padding:0 0; text-align:center; text-decoration:none; width:100%;\" target=\"_blank\" rel=\"noopener\"> <div style=\" display: flex; flex-direction: row; align-items: center;\"> <div style=\"background-color: #F4F4F4; border-radius: 50%; flex-grow: 0; height: 40px; margin-right: 14px; width: 40px;\"><\/div> <div style=\"display: flex; flex-direction: column; flex-grow: 1; justify-content: center;\"> <div style=\" background-color: #F4F4F4; border-radius: 4px; flex-grow: 0; height: 14px; margin-bottom: 6px; width: 100px;\"><\/div> <div style=\" background-color: #F4F4F4; border-radius: 4px; flex-grow: 0; height: 14px; width: 60px;\"><\/div><\/div><\/div><div style=\"padding: 19% 0;\"><\/div> <div style=\"display:block; height:50px; margin:0 auto 12px; width:50px;\"><svg width=\"50px\" height=\"50px\" viewBox=\"0 0 60 60\" version=\"1.1\" xmlns=\"https:\/\/www.w3.org\/2000\/svg\" xmlns:xlink=\"https:\/\/www.w3.org\/1999\/xlink\"><g stroke=\"none\" stroke-width=\"1\" fill=\"none\" fill-rule=\"evenodd\"><g transform=\"translate(-511.000000, -20.000000)\" fill=\"#000000\"><g><path d=\"M556.869,30.41 C554.814,30.41 553.148,32.076 553.148,34.131 C553.148,36.186 554.814,37.852 556.869,37.852 C558.924,37.852 560.59,36.186 560.59,34.131 C560.59,32.076 558.924,30.41 556.869,30.41 M541,60.657 C535.114,60.657 530.342,55.887 530.342,50 C530.342,44.114 535.114,39.342 541,39.342 C546.887,39.342 551.658,44.114 551.658,50 C551.658,55.887 546.887,60.657 541,60.657 M541,33.886 C532.1,33.886 524.886,41.1 524.886,50 C524.886,58.899 532.1,66.113 541,66.113 C549.9,66.113 557.115,58.899 557.115,50 C557.115,41.1 549.9,33.886 541,33.886 M565.378,62.101 C565.244,65.022 564.756,66.606 564.346,67.663 C563.803,69.06 563.154,70.057 562.106,71.106 C561.058,72.155 560.06,72.803 558.662,73.347 C557.607,73.757 556.021,74.244 553.102,74.378 C549.944,74.521 548.997,74.552 541,74.552 C533.003,74.552 532.056,74.521 528.898,74.378 C525.979,74.244 524.393,73.757 523.338,73.347 C521.94,72.803 520.942,72.155 519.894,71.106 C518.846,70.057 518.197,69.06 517.654,67.663 C517.244,66.606 516.755,65.022 516.623,62.101 C516.479,58.943 516.448,57.996 516.448,50 C516.448,42.003 516.479,41.056 516.623,37.899 C516.755,34.978 517.244,33.391 517.654,32.338 C518.197,30.938 518.846,29.942 519.894,28.894 C520.942,27.846 521.94,27.196 523.338,26.654 C524.393,26.244 525.979,25.756 528.898,25.623 C532.057,25.479 533.004,25.448 541,25.448 C548.997,25.448 549.943,25.479 553.102,25.623 C556.021,25.756 557.607,26.244 558.662,26.654 C560.06,27.196 561.058,27.846 562.106,28.894 C563.154,29.942 563.803,30.938 564.346,32.338 C564.756,33.391 565.244,34.978 565.378,37.899 C565.522,41.056 565.552,42.003 565.552,50 C565.552,57.996 565.522,58.943 565.378,62.101 M570.82,37.631 C570.674,34.438 570.167,32.258 569.425,30.349 C568.659,28.377 567.633,26.702 565.965,25.035 C564.297,23.368 562.623,22.342 560.652,21.575 C558.743,20.834 556.562,20.326 553.369,20.18 C550.169,20.033 549.148,20 541,20 C532.853,20 531.831,20.033 528.631,20.18 C525.438,20.326 523.257,20.834 521.349,21.575 C519.376,22.342 517.703,23.368 516.035,25.035 C514.368,26.702 513.342,28.377 512.574,30.349 C511.834,32.258 511.326,34.438 511.181,37.631 C511.035,40.831 511,41.851 511,50 C511,58.147 511.035,59.17 511.181,62.369 C511.326,65.562 511.834,67.743 512.574,69.651 C513.342,71.625 514.368,73.296 516.035,74.965 C517.703,76.634 519.376,77.658 521.349,78.425 C523.257,79.167 525.438,79.673 528.631,79.82 C531.831,79.965 532.853,80.001 541,80.001 C549.148,80.001 550.169,79.965 553.369,79.82 C556.562,79.673 558.743,79.167 560.652,78.425 C562.623,77.658 564.297,76.634 565.965,74.965 C567.633,73.296 568.659,71.625 569.425,69.651 C570.167,67.743 570.674,65.562 570.82,62.369 C570.966,59.17 571,58.147 571,50 C571,41.851 570.966,40.831 570.82,37.631\"><\/path><\/g><\/g><\/g><\/svg><\/div><div style=\"padding-top: 8px;\"> <div style=\" color:#3897f0; font-family:Arial,sans-serif; font-size:14px; font-style:normal; font-weight:550; line-height:18px;\">Ver esta publicaci\u00f3n en Instagram<\/div><\/div><div style=\"padding: 12.5% 0;\"><\/div> <div style=\"display: flex; flex-direction: row; margin-bottom: 14px; align-items: center;\"><div> <div style=\"background-color: #F4F4F4; border-radius: 50%; height: 12.5px; width: 12.5px; transform: translateX(0px) translateY(7px);\"><\/div> <div style=\"background-color: #F4F4F4; height: 12.5px; transform: rotate(-45deg) translateX(3px) translateY(1px); width: 12.5px; flex-grow: 0; margin-right: 14px; margin-left: 2px;\"><\/div> <div style=\"background-color: #F4F4F4; border-radius: 50%; height: 12.5px; width: 12.5px; transform: translateX(9px) translateY(-18px);\"><\/div><\/div><div style=\"margin-left: 8px;\"> <div style=\" background-color: #F4F4F4; border-radius: 50%; flex-grow: 0; height: 20px; width: 20px;\"><\/div> <div style=\" width: 0; height: 0; border-top: 2px solid transparent; border-left: 6px solid #f4f4f4; border-bottom: 2px solid transparent; transform: translateX(16px) translateY(-4px) rotate(30deg)\"><\/div><\/div><div style=\"margin-left: auto;\"> <div style=\" width: 0px; border-top: 8px solid #F4F4F4; border-right: 8px solid transparent; transform: translateY(16px);\"><\/div> <div style=\" background-color: #F4F4F4; flex-grow: 0; height: 12px; width: 16px; transform: translateY(-4px);\"><\/div> <div style=\" width: 0; height: 0; border-top: 8px solid #F4F4F4; border-left: 8px solid transparent; transform: translateY(-4px) translateX(8px);\"><\/div><\/div><\/div> <div style=\"display: flex; flex-direction: column; flex-grow: 1; justify-content: center; margin-bottom: 24px;\"> <div style=\" background-color: #F4F4F4; border-radius: 4px; flex-grow: 0; height: 14px; margin-bottom: 6px; width: 224px;\"><\/div> <div style=\" background-color: #F4F4F4; border-radius: 4px; flex-grow: 0; height: 14px; width: 144px;\"><\/div><\/div><\/a><p style=\" color:#c9c8cd; font-family:Arial,sans-serif; font-size:14px; line-height:17px; margin-bottom:0; margin-top:8px; overflow:hidden; padding:8px 0 7px; text-align:center; text-overflow:ellipsis; white-space:nowrap;\"><a href=\"https:\/\/www.instagram.com\/p\/CUAH9Moo2wc\/?utm_source=ig_embed&amp;utm_campaign=loading\" style=\" color:#c9c8cd; font-family:Arial,sans-serif; font-size:14px; font-style:normal; font-weight:normal; line-height:17px; text-decoration:none;\" target=\"_blank\" rel=\"noopener\">Una publicaci\u00f3n compartida de Caroline (@caroline_peycker)<\/a><\/p><\/div><\/blockquote> <script async src=\"\/\/www.instagram.com\/embed.js\"><\/script><\/div>\n\t\t\t\t\t\t<\/div>\n\t\t\t\t\t<\/div>\n\t\t<\/div>\n\t\t\t\t\t<\/div>\n\t\t<\/section>\n\t\t\t\t<section class=\"elementor-section elementor-top-section elementor-element elementor-element-d807856 elementor-section-boxed elementor-section-height-default elementor-section-height-default\" data-id=\"d807856\" data-element_type=\"section\" data-e-type=\"section\">\n\t\t\t\t\t\t<div class=\"elementor-container elementor-column-gap-default\">\n\t\t\t\t\t<div class=\"elementor-column elementor-col-100 elementor-top-column elementor-element elementor-element-c8b037b\" data-id=\"c8b037b\" data-element_type=\"column\" data-e-type=\"column\">\n\t\t\t<div class=\"elementor-widget-wrap elementor-element-populated\">\n\t\t\t\t\t\t<div class=\"elementor-element elementor-element-87328f2 elementor-widget elementor-widget-heading\" data-id=\"87328f2\" data-element_type=\"widget\" data-e-type=\"widget\" data-widget_type=\"heading.default\">\n\t\t\t\t\t<h2 class=\"elementor-heading-title elementor-size-default\">La Cala Nudista de Altea<\/h2>\t\t\t\t<\/div>\n\t\t\t\t\t<\/div>\n\t\t<\/div>\n\t\t\t\t\t<\/div>\n\t\t<\/section>\n\t\t\t\t<section class=\"elementor-section elementor-top-section elementor-element elementor-element-03fd957 elementor-section-boxed elementor-section-height-default elementor-section-height-default\" data-id=\"03fd957\" data-element_type=\"section\" data-e-type=\"section\">\n\t\t\t\t\t\t<div class=\"elementor-container elementor-column-gap-default\">\n\t\t\t\t\t<div class=\"elementor-column elementor-col-100 elementor-top-column elementor-element elementor-element-1195469\" data-id=\"1195469\" data-element_type=\"column\" data-e-type=\"column\">\n\t\t\t<div class=\"elementor-widget-wrap elementor-element-populated\">\n\t\t\t\t\t\t<div class=\"elementor-element elementor-element-c4c1e8b elementor-widget elementor-widget-text-editor\" data-id=\"c4c1e8b\" data-element_type=\"widget\" data-e-type=\"widget\" data-widget_type=\"text-editor.default\">\n\t\t\t\t\t\t\t\t\t<p><span style=\"font-weight: 400;\">La Cala Barra Grande de Altea es por antonomasia la cala nudista de Altea. No obstante, est\u00e1 permitido acceder a esta cala con ropa, as\u00ed pues, es importante tener respeto hacia el resto de visitantes de la cala que posiblemente est\u00e9n practicando nudismo.<\/span><\/p><p><span style=\"font-weight: 400;\">Por ello, es bueno tener en cuenta que este tipo de calas o playas nudista las personas que acceden a ella tienen el derecho a practicar el nudismo, al igual que de no practicarlo, por ello, se recomienda respetar y tolerar sea cual sea la decisi\u00f3n que cada visitante opte.<\/span><\/p>\t\t\t\t\t\t\t\t<\/div>\n\t\t\t\t\t<\/div>\n\t\t<\/div>\n\t\t\t\t\t<\/div>\n\t\t<\/section>\n\t\t\t\t<section class=\"elementor-section elementor-top-section elementor-element elementor-element-6f332c3 elementor-section-boxed elementor-section-height-default elementor-section-height-default\" data-id=\"6f332c3\" data-element_type=\"section\" data-e-type=\"section\">\n\t\t\t\t\t\t<div class=\"elementor-container elementor-column-gap-default\">\n\t\t\t\t\t<div class=\"elementor-column elementor-col-100 elementor-top-column elementor-element elementor-element-42d5f43\" data-id=\"42d5f43\" data-element_type=\"column\" data-e-type=\"column\">\n\t\t\t<div class=\"elementor-widget-wrap elementor-element-populated\">\n\t\t\t\t\t\t<div class=\"elementor-element elementor-element-790d5ca elementor-widget elementor-widget-image\" data-id=\"790d5ca\" data-element_type=\"widget\" data-e-type=\"widget\" data-widget_type=\"image.default\">\n\t\t\t\t\t\t\t\t\t\t\t\t\t\t\t\t<a href=\"https:\/\/marinalia.es\/deporte-y-aventura\/deportes-acuaticos\/buceo-y-snorkel\/1151-snorkel-en-playa-mascarat.html\" target=\"_blank\" rel=\"noopener\">\n\t\t\t\t\t\t\t<img fetchpriority=\"high\" decoding=\"async\" width=\"287\" height=\"290\" src=\"https:\/\/media.marinalia.es\/wp-content\/uploads\/2022\/01\/excursion-snorke-cala-barra-grande.jpg\" class=\"attachment-large size-large wp-image-5585\" alt=\"excursion snorke cala barra grande\" \/>\t\t\t\t\t\t\t\t<\/a>\n\t\t\t\t\t\t\t\t\t\t\t\t\t\t\t<\/div>\n\t\t\t\t<div class=\"elementor-element elementor-element-72a41be elementor-align-center elementor-widget elementor-widget-button\" data-id=\"72a41be\" data-element_type=\"widget\" data-e-type=\"widget\" data-widget_type=\"button.default\">\n\t\t\t\t\t\t\t\t\t\t<a class=\"elementor-button elementor-button-link elementor-size-sm\" href=\"https:\/\/marinalia.es\/deporte-y-aventura\/deportes-acuaticos\/buceo-y-snorkel\/1151-snorkel-en-playa-mascarat.html\" target=\"_blank\" rel=\"noopener\">\n\t\t\t\t\t\t<span class=\"elementor-button-content-wrapper\">\n\t\t\t\t\t\t\t\t\t<span class=\"elementor-button-text\">Ver<\/span>\n\t\t\t\t\t<\/span>\n\t\t\t\t\t<\/a>\n\t\t\t\t\t\t\t\t<\/div>\n\t\t\t\t\t<\/div>\n\t\t<\/div>\n\t\t\t\t\t<\/div>\n\t\t<\/section>\n\t\t\t\t<section class=\"elementor-section elementor-top-section elementor-element elementor-element-05c32cb elementor-section-boxed elementor-section-height-default elementor-section-height-default\" data-id=\"05c32cb\" data-element_type=\"section\" data-e-type=\"section\">\n\t\t\t\t\t\t<div class=\"elementor-container elementor-column-gap-default\">\n\t\t\t\t\t<div class=\"elementor-column elementor-col-100 elementor-top-column elementor-element elementor-element-890c750\" data-id=\"890c750\" data-element_type=\"column\" data-e-type=\"column\">\n\t\t\t<div class=\"elementor-widget-wrap\">\n\t\t\t\t\t\t\t<\/div>\n\t\t<\/div>\n\t\t\t\t\t<\/div>\n\t\t<\/section>\n\t\t\t\t<section class=\"elementor-section elementor-top-section elementor-element elementor-element-f260dee elementor-section-boxed elementor-section-height-default elementor-section-height-default\" data-id=\"f260dee\" data-element_type=\"section\" data-e-type=\"section\">\n\t\t\t\t\t\t<div class=\"elementor-container elementor-column-gap-default\">\n\t\t\t\t\t<div class=\"elementor-column elementor-col-100 elementor-top-column elementor-element elementor-element-7a90479\" data-id=\"7a90479\" data-element_type=\"column\" data-e-type=\"column\">\n\t\t\t<div class=\"elementor-widget-wrap elementor-element-populated\">\n\t\t\t\t\t\t<div class=\"elementor-element elementor-element-f189e6f elementor-widget elementor-widget-spacer\" data-id=\"f189e6f\" data-element_type=\"widget\" data-e-type=\"widget\" data-widget_type=\"spacer.default\">\n\t\t\t\t\t\t\t<div class=\"elementor-spacer\">\n\t\t\t<div class=\"elementor-spacer-inner\"><\/div>\n\t\t<\/div>\n\t\t\t\t\t\t<\/div>\n\t\t\t\t\t<\/div>\n\t\t<\/div>\n\t\t\t\t\t<\/div>\n\t\t<\/section>\n\t\t\t\t<section class=\"elementor-section elementor-top-section elementor-element elementor-element-8ebd9c6 elementor-section-boxed elementor-section-height-default elementor-section-height-default\" data-id=\"8ebd9c6\" data-element_type=\"section\" data-e-type=\"section\">\n\t\t\t\t\t\t<div class=\"elementor-container elementor-column-gap-default\">\n\t\t\t\t\t<div class=\"elementor-column elementor-col-100 elementor-top-column elementor-element elementor-element-672a5b2\" data-id=\"672a5b2\" data-element_type=\"column\" data-e-type=\"column\">\n\t\t\t<div class=\"elementor-widget-wrap elementor-element-populated\">\n\t\t\t\t\t\t<div class=\"elementor-element elementor-element-76c3ccd elementor-widget elementor-widget-heading\" data-id=\"76c3ccd\" data-element_type=\"widget\" data-e-type=\"widget\" data-widget_type=\"heading.default\">\n\t\t\t\t\t<h2 class=\"elementor-heading-title elementor-size-default\">\u00bfC\u00f3mo llegar a la Cala Barra Grande de Altea?<\/h2>\t\t\t\t<\/div>\n\t\t\t\t<div class=\"elementor-element elementor-element-e61b741 elementor-widget elementor-widget-text-editor\" data-id=\"e61b741\" data-element_type=\"widget\" data-e-type=\"widget\" data-widget_type=\"text-editor.default\">\n\t\t\t\t\t\t\t\t\t<p><span style=\"font-weight: 400;\">La mejor forma de acceder a la cala es a trav\u00e9s de la carretera N-332. No obstante, el acceso a la playa no est\u00e1 se\u00f1alizado,por ello lo mejor es poner en Google maps <\/span><a href=\"https:\/\/www.google.com\/search?q=barra%20grande%20altea&amp;oq=barra+gran&amp;aqs=chrome.0.69i59j0i512j69i57j46i512l2j69i61l2j69i60.1192j0j1&amp;sourceid=chrome&amp;ie=UTF-8&amp;tbs=lf:1,lf_ui:2&amp;tbm=lcl&amp;rflfq=1&amp;num=10&amp;rldimm=10510229609579071976&amp;lqi=ChJiYXJyYSBncmFuZGUgYWx0ZWFaFCISYmFycmEgZ3JhbmRlIGFsdGVhkgERc3VwZXJfcHVibGljX2JhdGg&amp;ved=2ahUKEwimkpeGvJX1AhWCyqQKHeZODUsQvS56BAgXEDk&amp;rlst=f#rlfi=hd:;si:10510229609579071976,l,ChJiYXJyYSBncmFuZGUgYWx0ZWFaFCISYmFycmEgZ3JhbmRlIGFsdGVhkgERc3VwZXJfcHVibGljX2JhdGg;mv:[[38.630203699999996,0.0063999],[38.6296187,-0.007662799999999999]];tbs:lrf:!1m4!1u3!2m2!3m1!1e1!1m4!1u2!2m2!2m1!1e1!2m1!1e2!2m1!1e3!3sIAE,lf:1,lf_ui:2\" target=\"_blank\" rel=\"noopener\"><span style=\"font-weight: 400;\">C\u00f3mo llegar a la Cala Barra Grande de Altea<\/span><\/a><span style=\"font-weight: 400;\">, as\u00ed te llevar\u00e1 a la propia Cala. No obstante, debes tener en cuenta que no dispone de parking ni zona habilitada para el estacionamiento de los coches.<\/span><\/p>\t\t\t\t\t\t\t\t<\/div>\n\t\t\t\t<div class=\"elementor-element elementor-element-5e98411 elementor-widget elementor-widget-spacer\" data-id=\"5e98411\" data-element_type=\"widget\" data-e-type=\"widget\" data-widget_type=\"spacer.default\">\n\t\t\t\t\t\t\t<div class=\"elementor-spacer\">\n\t\t\t<div class=\"elementor-spacer-inner\"><\/div>\n\t\t<\/div>\n\t\t\t\t\t\t<\/div>\n\t\t\t\t\t<\/div>\n\t\t<\/div>\n\t\t\t\t\t<\/div>\n\t\t<\/section>\n\t\t\t\t<section class=\"elementor-section elementor-top-section elementor-element elementor-element-e90a92c elementor-section-boxed elementor-section-height-default elementor-section-height-default\" data-id=\"e90a92c\" data-element_type=\"section\" data-e-type=\"section\">\n\t\t\t\t\t\t<div class=\"elementor-container elementor-column-gap-default\">\n\t\t\t\t\t<div class=\"elementor-column elementor-col-100 elementor-top-column elementor-element elementor-element-49d7f4a\" data-id=\"49d7f4a\" data-element_type=\"column\" data-e-type=\"column\">\n\t\t\t<div class=\"elementor-widget-wrap elementor-element-populated\">\n\t\t\t\t\t\t<div class=\"elementor-element elementor-element-d7b374e elementor-widget elementor-widget-google_maps\" data-id=\"d7b374e\" data-element_type=\"widget\" data-e-type=\"widget\" data-widget_type=\"google_maps.default\">\n\t\t\t\t\t\t\t<div class=\"elementor-custom-embed\">\n\t\t\t<iframe\n\t\t\t\t\tdata-src=\"https:\/\/maps.google.com\/maps?q=Cala%20Barra%20Grande%20Altea&#038;t=m&#038;z=10&#038;output=embed&#038;iwloc=near\"\n\t\t\t\t\ttitle=\"Cala Barra Grande Altea\"\n\t\t\t\t\taria-label=\"Cala Barra Grande Altea\"\n\t\t\t src=\"data:image\/gif;base64,R0lGODlhAQABAAAAACH5BAEKAAEALAAAAAABAAEAAAICTAEAOw==\" class=\"lazyload\" data-load-mode=\"1\"><\/iframe>\n\t\t<\/div>\n\t\t\t\t\t\t<\/div>\n\t\t\t\t\t<\/div>\n\t\t<\/div>\n\t\t\t\t\t<\/div>\n\t\t<\/section>\n\t\t\t\t<section class=\"elementor-section elementor-top-section elementor-element elementor-element-2a8a50f elementor-section-boxed elementor-section-height-default elementor-section-height-default\" data-id=\"2a8a50f\" data-element_type=\"section\" data-e-type=\"section\">\n\t\t\t\t\t\t<div class=\"elementor-container elementor-column-gap-default\">\n\t\t\t\t\t<div class=\"elementor-column elementor-col-100 elementor-top-column elementor-element elementor-element-27c666b\" data-id=\"27c666b\" data-element_type=\"column\" data-e-type=\"column\">\n\t\t\t<div class=\"elementor-widget-wrap elementor-element-populated\">\n\t\t\t\t\t\t<div class=\"elementor-element elementor-element-72cb4af elementor-widget elementor-widget-spacer\" data-id=\"72cb4af\" data-element_type=\"widget\" data-e-type=\"widget\" data-widget_type=\"spacer.default\">\n\t\t\t\t\t\t\t<div class=\"elementor-spacer\">\n\t\t\t<div class=\"elementor-spacer-inner\"><\/div>\n\t\t<\/div>\n\t\t\t\t\t\t<\/div>\n\t\t\t\t\t<\/div>\n\t\t<\/div>\n\t\t\t\t\t<\/div>\n\t\t<\/section>\n\t\t\t\t<section class=\"elementor-section elementor-top-section elementor-element elementor-element-4a4a2f2 elementor-section-boxed elementor-section-height-default elementor-section-height-default\" data-id=\"4a4a2f2\" data-element_type=\"section\" data-e-type=\"section\">\n\t\t\t\t\t\t<div class=\"elementor-container elementor-column-gap-default\">\n\t\t\t\t\t<div class=\"elementor-column elementor-col-100 elementor-top-column elementor-element elementor-element-095159b\" data-id=\"095159b\" data-element_type=\"column\" data-e-type=\"column\">\n\t\t\t<div class=\"elementor-widget-wrap elementor-element-populated\">\n\t\t\t\t\t\t<div class=\"elementor-element elementor-element-61b0efb elementor-align-center elementor-widget elementor-widget-button\" data-id=\"61b0efb\" data-element_type=\"widget\" data-e-type=\"widget\" data-widget_type=\"button.default\">\n\t\t\t\t\t\t\t\t\t\t<a class=\"elementor-button elementor-button-link elementor-size-md\" href=\"https:\/\/marinalia.es\/53-actividades-en-altea\" target=\"_blank\" rel=\"noopener\">\n\t\t\t\t\t\t<span class=\"elementor-button-content-wrapper\">\n\t\t\t\t\t\t\t\t\t<span class=\"elementor-button-text\">Ver todas las actividades en las Calas de Altea<\/span>\n\t\t\t\t\t<\/span>\n\t\t\t\t\t<\/a>\n\t\t\t\t\t\t\t\t<\/div>\n\t\t\t\t\t<\/div>\n\t\t<\/div>\n\t\t\t\t\t<\/div>\n\t\t<\/section>\n\t\t\t\t<section class=\"elementor-section elementor-top-section elementor-element elementor-element-6c6371c5 elementor-section-boxed elementor-section-height-default elementor-section-height-default\" data-id=\"6c6371c5\" data-element_type=\"section\" data-e-type=\"section\">\n\t\t\t\t\t\t<div class=\"elementor-container elementor-column-gap-default\">\n\t\t\t\t\t<div class=\"elementor-column elementor-col-100 elementor-top-column elementor-element elementor-element-426cbaf2\" data-id=\"426cbaf2\" data-element_type=\"column\" data-e-type=\"column\">\n\t\t\t<div class=\"elementor-widget-wrap elementor-element-populated\">\n\t\t\t\t\t\t<div class=\"elementor-element elementor-element-b279d1d elementor-widget elementor-widget-spacer\" data-id=\"b279d1d\" data-element_type=\"widget\" data-e-type=\"widget\" data-widget_type=\"spacer.default\">\n\t\t\t\t\t\t\t<div class=\"elementor-spacer\">\n\t\t\t<div class=\"elementor-spacer-inner\"><\/div>\n\t\t<\/div>\n\t\t\t\t\t\t<\/div>\n\t\t\t\t<div class=\"elementor-element elementor-element-36410228 elementor-widget elementor-widget-heading\" data-id=\"36410228\" data-element_type=\"widget\" data-e-type=\"widget\" data-widget_type=\"heading.default\">\n\t\t\t\t\t<h3 class=\"elementor-heading-title elementor-size-default\">M\u00e1s rincones para descubrir<\/h3>\t\t\t\t<\/div>\n\t\t\t\t\t<\/div>\n\t\t<\/div>\n\t\t\t\t\t<\/div>\n\t\t<\/section>\n\t\t\t\t<section class=\"elementor-section elementor-top-section elementor-element elementor-element-2d4105f0 elementor-section-boxed elementor-section-height-default elementor-section-height-default\" data-id=\"2d4105f0\" data-element_type=\"section\" data-e-type=\"section\">\n\t\t\t\t\t\t<div class=\"elementor-container elementor-column-gap-default\">\n\t\t\t\t\t<div class=\"elementor-column elementor-col-100 elementor-top-column elementor-element elementor-element-40f73bb5\" data-id=\"40f73bb5\" data-element_type=\"column\" data-e-type=\"column\">\n\t\t\t<div class=\"elementor-widget-wrap elementor-element-populated\">\n\t\t\t\t\t\t<div class=\"elementor-element elementor-element-56fba7d4 elementor-posts--align-center elementor-grid-3 elementor-grid-tablet-2 elementor-grid-mobile-1 elementor-posts--thumbnail-top elementor-widget elementor-widget-posts\" data-id=\"56fba7d4\" data-element_type=\"widget\" data-e-type=\"widget\" data-settings=\"{&quot;classic_columns&quot;:&quot;3&quot;,&quot;classic_columns_tablet&quot;:&quot;2&quot;,&quot;classic_columns_mobile&quot;:&quot;1&quot;,&quot;classic_row_gap&quot;:{&quot;unit&quot;:&quot;px&quot;,&quot;size&quot;:35,&quot;sizes&quot;:[]},&quot;classic_row_gap_tablet&quot;:{&quot;unit&quot;:&quot;px&quot;,&quot;size&quot;:&quot;&quot;,&quot;sizes&quot;:[]},&quot;classic_row_gap_mobile&quot;:{&quot;unit&quot;:&quot;px&quot;,&quot;size&quot;:&quot;&quot;,&quot;sizes&quot;:[]}}\" data-widget_type=\"posts.classic\">\n\t\t\t\t<div class=\"elementor-widget-container\">\n\t\t\t\t\t\t\t<div class=\"elementor-posts-container elementor-posts elementor-posts--skin-classic elementor-grid\">\n\t\t\t\t<article class=\"elementor-post elementor-grid-item post-8068 post type-post status-publish format-standard has-post-thumbnail hentry category-playas-alicante\">\n\t\t\t\t<a class=\"elementor-post__thumbnail__link\" href=\"https:\/\/media.marinalia.es\/de\/blog\/calas-del-cuartel\/\">\n\t\t\t<div class=\"elementor-post__thumbnail\"><img decoding=\"async\" width=\"1024\" height=\"338\" data-src=\"https:\/\/media.marinalia.es\/wp-content\/uploads\/2021\/12\/calas-del-cuartel-1024x338.jpg\" class=\"attachment-large size-large wp-image-8080 lazyload\" alt=\"calas del cuartel\" data-srcset=\"https:\/\/media.marinalia.es\/wp-content\/uploads\/2021\/12\/calas-del-cuartel-1024x338.jpg 1024w, https:\/\/media.marinalia.es\/wp-content\/uploads\/2021\/12\/calas-del-cuartel-300x99.jpg 300w, https:\/\/media.marinalia.es\/wp-content\/uploads\/2021\/12\/calas-del-cuartel-768x253.jpg 768w, https:\/\/media.marinalia.es\/wp-content\/uploads\/2021\/12\/calas-del-cuartel-1536x506.jpg 1536w, https:\/\/media.marinalia.es\/wp-content\/uploads\/2021\/12\/calas-del-cuartel-18x6.jpg 18w, https:\/\/media.marinalia.es\/wp-content\/uploads\/2021\/12\/calas-del-cuartel.jpg 1820w\" data-sizes=\"(max-width: 1024px) 100vw, 1024px\" src=\"data:image\/gif;base64,R0lGODlhAQABAAAAACH5BAEKAAEALAAAAAABAAEAAAICTAEAOw==\" style=\"--smush-placeholder-width: 1024px; --smush-placeholder-aspect-ratio: 1024\/338;\" \/><\/div>\n\t\t<\/a>\n\t\t\t\t<div class=\"elementor-post__text\">\n\t\t\t\t<h4 class=\"elementor-post__title\">\n\t\t\t<a href=\"https:\/\/media.marinalia.es\/de\/blog\/calas-del-cuartel\/\">\n\t\t\t\tCalas del Cuartel, Santa Pola\t\t\t<\/a>\n\t\t<\/h4>\n\t\t\t\t<\/div>\n\t\t\t\t<\/article>\n\t\t\t\t<article class=\"elementor-post elementor-grid-item post-7959 post type-post status-publish format-standard has-post-thumbnail hentry category-playas-alicante\">\n\t\t\t\t<a class=\"elementor-post__thumbnail__link\" href=\"https:\/\/media.marinalia.es\/de\/blog\/playa-lisa-santa-pola\/\">\n\t\t\t<div class=\"elementor-post__thumbnail\"><img decoding=\"async\" width=\"1024\" height=\"323\" data-src=\"https:\/\/media.marinalia.es\/wp-content\/uploads\/2021\/12\/playa-lisa-santa-pola-1024x323.jpg\" class=\"attachment-large size-large wp-image-7985 lazyload\" alt=\"playa lisa santa pola\" data-srcset=\"https:\/\/media.marinalia.es\/wp-content\/uploads\/2021\/12\/playa-lisa-santa-pola-1024x323.jpg 1024w, https:\/\/media.marinalia.es\/wp-content\/uploads\/2021\/12\/playa-lisa-santa-pola-300x95.jpg 300w, https:\/\/media.marinalia.es\/wp-content\/uploads\/2021\/12\/playa-lisa-santa-pola-768x243.jpg 768w, https:\/\/media.marinalia.es\/wp-content\/uploads\/2021\/12\/playa-lisa-santa-pola-1536x485.jpg 1536w, https:\/\/media.marinalia.es\/wp-content\/uploads\/2021\/12\/playa-lisa-santa-pola-18x6.jpg 18w, https:\/\/media.marinalia.es\/wp-content\/uploads\/2021\/12\/playa-lisa-santa-pola.jpg 1900w\" data-sizes=\"(max-width: 1024px) 100vw, 1024px\" src=\"data:image\/gif;base64,R0lGODlhAQABAAAAACH5BAEKAAEALAAAAAABAAEAAAICTAEAOw==\" style=\"--smush-placeholder-width: 1024px; --smush-placeholder-aspect-ratio: 1024\/323;\" \/><\/div>\n\t\t<\/a>\n\t\t\t\t<div class=\"elementor-post__text\">\n\t\t\t\t<h4 class=\"elementor-post__title\">\n\t\t\t<a href=\"https:\/\/media.marinalia.es\/de\/blog\/playa-lisa-santa-pola\/\">\n\t\t\t\tPlaya Lisa, Santa Pola\t\t\t<\/a>\n\t\t<\/h4>\n\t\t\t\t<\/div>\n\t\t\t\t<\/article>\n\t\t\t\t<article class=\"elementor-post elementor-grid-item post-7895 post type-post status-publish format-standard has-post-thumbnail hentry category-playas-alicante\">\n\t\t\t\t<a class=\"elementor-post__thumbnail__link\" href=\"https:\/\/media.marinalia.es\/de\/blog\/cala-del-tio-ximo\/\">\n\t\t\t<div class=\"elementor-post__thumbnail\"><img decoding=\"async\" width=\"1024\" height=\"323\" data-src=\"https:\/\/media.marinalia.es\/wp-content\/uploads\/2021\/12\/cala-tio-ximo-1024x323.jpg\" class=\"attachment-large size-large wp-image-7925 lazyload\" alt=\"cala tio ximo\" data-srcset=\"https:\/\/media.marinalia.es\/wp-content\/uploads\/2021\/12\/cala-tio-ximo-1024x323.jpg 1024w, https:\/\/media.marinalia.es\/wp-content\/uploads\/2021\/12\/cala-tio-ximo-300x95.jpg 300w, https:\/\/media.marinalia.es\/wp-content\/uploads\/2021\/12\/cala-tio-ximo-768x243.jpg 768w, https:\/\/media.marinalia.es\/wp-content\/uploads\/2021\/12\/cala-tio-ximo-1536x485.jpg 1536w, https:\/\/media.marinalia.es\/wp-content\/uploads\/2021\/12\/cala-tio-ximo-18x6.jpg 18w, https:\/\/media.marinalia.es\/wp-content\/uploads\/2021\/12\/cala-tio-ximo.jpg 1900w\" data-sizes=\"(max-width: 1024px) 100vw, 1024px\" src=\"data:image\/gif;base64,R0lGODlhAQABAAAAACH5BAEKAAEALAAAAAABAAEAAAICTAEAOw==\" style=\"--smush-placeholder-width: 1024px; --smush-placeholder-aspect-ratio: 1024\/323;\" \/><\/div>\n\t\t<\/a>\n\t\t\t\t<div class=\"elementor-post__text\">\n\t\t\t\t<h4 class=\"elementor-post__title\">\n\t\t\t<a href=\"https:\/\/media.marinalia.es\/de\/blog\/cala-del-tio-ximo\/\">\n\t\t\t\tCala del T\u00edo Ximo, Benidorm\t\t\t<\/a>\n\t\t<\/h4>\n\t\t\t\t<\/div>\n\t\t\t\t<\/article>\n\t\t\t\t<article class=\"elementor-post elementor-grid-item post-7868 post type-post status-publish format-standard has-post-thumbnail hentry category-playas-alicante\">\n\t\t\t\t<a class=\"elementor-post__thumbnail__link\" href=\"https:\/\/media.marinalia.es\/de\/blog\/playa-de-la-gran-playa\/\">\n\t\t\t<div class=\"elementor-post__thumbnail\"><img decoding=\"async\" width=\"1024\" height=\"323\" data-src=\"https:\/\/media.marinalia.es\/wp-content\/uploads\/2021\/12\/playa-de-la-gran-playa-1024x323.jpg\" class=\"attachment-large size-large wp-image-7881 lazyload\" alt=\"playa de la gran playa\" data-srcset=\"https:\/\/media.marinalia.es\/wp-content\/uploads\/2021\/12\/playa-de-la-gran-playa-1024x323.jpg 1024w, https:\/\/media.marinalia.es\/wp-content\/uploads\/2021\/12\/playa-de-la-gran-playa-300x95.jpg 300w, https:\/\/media.marinalia.es\/wp-content\/uploads\/2021\/12\/playa-de-la-gran-playa-768x243.jpg 768w, https:\/\/media.marinalia.es\/wp-content\/uploads\/2021\/12\/playa-de-la-gran-playa-1536x485.jpg 1536w, https:\/\/media.marinalia.es\/wp-content\/uploads\/2021\/12\/playa-de-la-gran-playa-18x6.jpg 18w, https:\/\/media.marinalia.es\/wp-content\/uploads\/2021\/12\/playa-de-la-gran-playa.jpg 1900w\" data-sizes=\"(max-width: 1024px) 100vw, 1024px\" src=\"data:image\/gif;base64,R0lGODlhAQABAAAAACH5BAEKAAEALAAAAAABAAEAAAICTAEAOw==\" style=\"--smush-placeholder-width: 1024px; --smush-placeholder-aspect-ratio: 1024\/323;\" \/><\/div>\n\t\t<\/a>\n\t\t\t\t<div class=\"elementor-post__text\">\n\t\t\t\t<h4 class=\"elementor-post__title\">\n\t\t\t<a href=\"https:\/\/media.marinalia.es\/de\/blog\/playa-de-la-gran-playa\/\">\n\t\t\t\tPlaya de la Gran Playa, Santa Pola\t\t\t<\/a>\n\t\t<\/h4>\n\t\t\t\t<\/div>\n\t\t\t\t<\/article>\n\t\t\t\t<article class=\"elementor-post elementor-grid-item post-7853 post type-post status-publish format-standard has-post-thumbnail hentry category-playas-alicante\">\n\t\t\t\t<a class=\"elementor-post__thumbnail__link\" href=\"https:\/\/media.marinalia.es\/de\/blog\/cala-del-mal-pas\/\">\n\t\t\t<div class=\"elementor-post__thumbnail\"><img decoding=\"async\" width=\"1024\" height=\"323\" data-src=\"https:\/\/media.marinalia.es\/wp-content\/uploads\/2021\/12\/cala-del-mal-pas-1024x323.jpg\" class=\"attachment-large size-large wp-image-7862 lazyload\" alt=\"cala del mal pas\" data-srcset=\"https:\/\/media.marinalia.es\/wp-content\/uploads\/2021\/12\/cala-del-mal-pas-1024x323.jpg 1024w, https:\/\/media.marinalia.es\/wp-content\/uploads\/2021\/12\/cala-del-mal-pas-300x95.jpg 300w, https:\/\/media.marinalia.es\/wp-content\/uploads\/2021\/12\/cala-del-mal-pas-768x243.jpg 768w, https:\/\/media.marinalia.es\/wp-content\/uploads\/2021\/12\/cala-del-mal-pas-1536x485.jpg 1536w, https:\/\/media.marinalia.es\/wp-content\/uploads\/2021\/12\/cala-del-mal-pas-18x6.jpg 18w, https:\/\/media.marinalia.es\/wp-content\/uploads\/2021\/12\/cala-del-mal-pas.jpg 1900w\" data-sizes=\"(max-width: 1024px) 100vw, 1024px\" src=\"data:image\/gif;base64,R0lGODlhAQABAAAAACH5BAEKAAEALAAAAAABAAEAAAICTAEAOw==\" style=\"--smush-placeholder-width: 1024px; --smush-placeholder-aspect-ratio: 1024\/323;\" \/><\/div>\n\t\t<\/a>\n\t\t\t\t<div class=\"elementor-post__text\">\n\t\t\t\t<h4 class=\"elementor-post__title\">\n\t\t\t<a href=\"https:\/\/media.marinalia.es\/de\/blog\/cala-del-mal-pas\/\">\n\t\t\t\tCala del Mal Pas, Benidorm\t\t\t<\/a>\n\t\t<\/h4>\n\t\t\t\t<\/div>\n\t\t\t\t<\/article>\n\t\t\t\t<article class=\"elementor-post elementor-grid-item post-8204 post type-post status-publish format-standard has-post-thumbnail hentry category-playas-alicante\">\n\t\t\t\t<a class=\"elementor-post__thumbnail__link\" href=\"https:\/\/media.marinalia.es\/de\/blog\/calas-de-santa-pola-del-este\/\">\n\t\t\t<div class=\"elementor-post__thumbnail\"><img decoding=\"async\" width=\"1024\" height=\"338\" data-src=\"https:\/\/media.marinalia.es\/wp-content\/uploads\/2021\/12\/cala-de-santa-pola-del-este-santa-pola-1024x338.jpg\" class=\"attachment-large size-large wp-image-8213 lazyload\" alt=\"cala de santa pola del este santa pola\" data-srcset=\"https:\/\/media.marinalia.es\/wp-content\/uploads\/2021\/12\/cala-de-santa-pola-del-este-santa-pola-1024x338.jpg 1024w, https:\/\/media.marinalia.es\/wp-content\/uploads\/2021\/12\/cala-de-santa-pola-del-este-santa-pola-300x99.jpg 300w, https:\/\/media.marinalia.es\/wp-content\/uploads\/2021\/12\/cala-de-santa-pola-del-este-santa-pola-768x253.jpg 768w, https:\/\/media.marinalia.es\/wp-content\/uploads\/2021\/12\/cala-de-santa-pola-del-este-santa-pola-1536x506.jpg 1536w, https:\/\/media.marinalia.es\/wp-content\/uploads\/2021\/12\/cala-de-santa-pola-del-este-santa-pola-18x6.jpg 18w, https:\/\/media.marinalia.es\/wp-content\/uploads\/2021\/12\/cala-de-santa-pola-del-este-santa-pola.jpg 1820w\" data-sizes=\"(max-width: 1024px) 100vw, 1024px\" src=\"data:image\/gif;base64,R0lGODlhAQABAAAAACH5BAEKAAEALAAAAAABAAEAAAICTAEAOw==\" style=\"--smush-placeholder-width: 1024px; --smush-placeholder-aspect-ratio: 1024\/338;\" \/><\/div>\n\t\t<\/a>\n\t\t\t\t<div class=\"elementor-post__text\">\n\t\t\t\t<h4 class=\"elementor-post__title\">\n\t\t\t<a href=\"https:\/\/media.marinalia.es\/de\/blog\/calas-de-santa-pola-del-este\/\">\n\t\t\t\tCalas de Santa Pola del Este\t\t\t<\/a>\n\t\t<\/h4>\n\t\t\t\t<\/div>\n\t\t\t\t<\/article>\n\t\t\t\t<\/div>\n\n\n\t\t\n\t\t\t\t\t\t<\/div>\n\t\t\t\t<\/div>\n\t\t\t\t<div class=\"elementor-element elementor-element-c5368d8 elementor-widget elementor-widget-spacer\" data-id=\"c5368d8\" data-element_type=\"widget\" data-e-type=\"widget\" data-widget_type=\"spacer.default\">\n\t\t\t\t\t\t\t<div class=\"elementor-spacer\">\n\t\t\t<div class=\"elementor-spacer-inner\"><\/div>\n\t\t<\/div>\n\t\t\t\t\t\t<\/div>\n\t\t\t\t\t<\/div>\n\t\t<\/div>\n\t\t\t\t\t<\/div>\n\t\t<\/section>\n\t\t\t\t<\/div>\n\t\t","protected":false},"excerpt":{"rendered":"<p>Altea es uno de los municipios de la costa de Alicante que posee unas playas y calas muy bonitas. Encuadres de naturaleza donde podr\u00e1s descubrir<\/p>","protected":false},"author":1,"featured_media":1306,"comment_status":"closed","ping_status":"closed","sticky":false,"template":"","format":"standard","meta":{"site-sidebar-layout":"default","site-content-layout":"default","ast-site-content-layout":"default","site-content-style":"default","site-sidebar-style":"default","ast-global-header-display":"","ast-banner-title-visibility":"","ast-main-header-display":"","ast-hfb-above-header-display":"","ast-hfb-below-header-display":"","ast-hfb-mobile-header-display":"","site-post-title":"","ast-breadcrumbs-content":"","ast-featured-img":"","footer-sml-layout":"","ast-disable-related-posts":"","theme-transparent-header-meta":"default","adv-header-id-meta":"","stick-header-meta":"","header-above-stick-meta":"","header-main-stick-meta":"","header-below-stick-meta":"","astra-migrate-meta-layouts":"set","ast-page-background-enabled":"default","ast-page-background-meta":{"desktop":{"background-color":"var(--ast-global-color-4)","background-image":"","background-repeat":"repeat","background-position":"center center","background-size":"auto","background-attachment":"scroll","background-type":"","background-media":"","overlay-type":"","overlay-color":"","overlay-opacity":"","overlay-gradient":""},"tablet":{"background-color":"","background-image":"","background-repeat":"repeat","background-position":"center center","background-size":"auto","background-attachment":"scroll","background-type":"","background-media":"","overlay-type":"","overlay-color":"","overlay-opacity":"","overlay-gradient":""},"mobile":{"background-color":"","background-image":"","background-repeat":"repeat","background-position":"center center","background-size":"auto","background-attachment":"scroll","background-type":"","background-media":"","overlay-type":"","overlay-color":"","overlay-opacity":"","overlay-gradient":""}},"ast-content-background-meta":{"desktop":{"background-color":"var(--ast-global-color-5)","background-image":"","background-repeat":"repeat","background-position":"center center","background-size":"auto","background-attachment":"scroll","background-type":"","background-media":"","overlay-type":"","overlay-color":"","overlay-opacity":"","overlay-gradient":""},"tablet":{"background-color":"var(--ast-global-color-5)","background-image":"","background-repeat":"repeat","background-position":"center center","background-size":"auto","background-attachment":"scroll","background-type":"","background-media":"","overlay-type":"","overlay-color":"","overlay-opacity":"","overlay-gradient":""},"mobile":{"background-color":"var(--ast-global-color-5)","background-image":"","background-repeat":"repeat","background-position":"center center","background-size":"auto","background-attachment":"scroll","background-type":"","background-media":"","overlay-type":"","overlay-color":"","overlay-opacity":"","overlay-gradient":""}},"_joinchat":[],"footnotes":""},"categories":[5],"tags":[],"class_list":["post-1328","post","type-post","status-publish","format-standard","has-post-thumbnail","hentry","category-playas-alicante"],"_links":{"self":[{"href":"https:\/\/media.marinalia.es\/de\/wp-json\/wp\/v2\/posts\/1328","targetHints":{"allow":["GET"]}}],"collection":[{"href":"https:\/\/media.marinalia.es\/de\/wp-json\/wp\/v2\/posts"}],"about":[{"href":"https:\/\/media.marinalia.es\/de\/wp-json\/wp\/v2\/types\/post"}],"author":[{"embeddable":true,"href":"https:\/\/media.marinalia.es\/de\/wp-json\/wp\/v2\/users\/1"}],"replies":[{"embeddable":true,"href":"https:\/\/media.marinalia.es\/de\/wp-json\/wp\/v2\/comments?post=1328"}],"version-history":[{"count":1,"href":"https:\/\/media.marinalia.es\/de\/wp-json\/wp\/v2\/posts\/1328\/revisions"}],"predecessor-version":[{"id":8651,"href":"https:\/\/media.marinalia.es\/de\/wp-json\/wp\/v2\/posts\/1328\/revisions\/8651"}],"wp:featuredmedia":[{"embeddable":true,"href":"https:\/\/media.marinalia.es\/de\/wp-json\/wp\/v2\/media\/1306"}],"wp:attachment":[{"href":"https:\/\/media.marinalia.es\/de\/wp-json\/wp\/v2\/media?parent=1328"}],"wp:term":[{"taxonomy":"category","embeddable":true,"href":"https:\/\/media.marinalia.es\/de\/wp-json\/wp\/v2\/categories?post=1328"},{"taxonomy":"post_tag","embeddable":true,"href":"https:\/\/media.marinalia.es\/de\/wp-json\/wp\/v2\/tags?post=1328"}],"curies":[{"name":"wp","href":"https:\/\/api.w.org\/{rel}","templated":true}]}}